{"id":83411,"date":"2023-04-26T08:25:47","date_gmt":"2023-04-26T11:25:47","guid":{"rendered":"https:\/\/www.centraldenoticias.com.ar\/?p=83411"},"modified":"2023-04-26T09:33:45","modified_gmt":"2023-04-26T12:33:45","slug":"precaucion-olavarria-amanecio-cubierta-con-niebla","status":"publish","type":"post","link":"https:\/\/cdnoticias.com\/index.php\/2023\/04\/26\/precaucion-olavarria-amanecio-cubierta-con-niebla\/","title":{"rendered":"Precauci\u00f3n: Olavarr\u00eda amaneci\u00f3 cubierta con niebla"},"content":{"rendered":"<p>La visibilidad est\u00e1 reducida a 20 metros. Hay alerta en distintas localidades de la provincia de Buenos Aires.<!--more--><\/p>\n<hr \/>\n<p>El <strong>Servicio Meteorol\u00f3gico Nacional (SMN)<\/strong> lanz\u00f3 una<strong> alerta violeta por la presencia de neblinas y bancos de niebla<\/strong> en distintas localidades de la provincia de Buenos Aires. Si bien, la advertencia no incluye a Olavarr\u00eda, <strong>nuestra ciudad amaneci\u00f3 bajo una importante niebla.<\/strong><\/p>\n<p>&nbsp;<\/p>\n<p>El organismo indic\u00f3 durante la ma\u00f1ana de este mi\u00e9rcoles (registro de las 8:00) <strong>cielo invisible con niebla, con una visibilidad reducida a 20 metros y humedad del 98%.<\/strong><\/p>\n<p>&nbsp;<\/p>\n<p>Para el resto de la jornada se espera una temperatura <strong>m\u00e1xima de 25\u00b0 y cielo parcialmente nublado para la tarde.<\/strong><\/p>\n<p>&nbsp;<\/p>\n<p><img data-recalc-dims=\"1\" loading=\"lazy\" decoding=\"async\" class=\"aligncenter size-full wp-image-83412\" src=\"https:\/\/i0.wp.com\/cdnoticias.com\/wp-content\/uploads\/2023\/04\/niebla-tiempo-clima-02.jpg?resize=800%2C445&#038;ssl=1\" alt=\"\" width=\"800\" height=\"445\" srcset=\"https:\/\/i0.wp.com\/cdnoticias.com\/wp-content\/uploads\/2023\/04\/niebla-tiempo-clima-02.jpg?w=1200&amp;ssl=1 1200w, https:\/\/i0.wp.com\/cdnoticias.com\/wp-content\/uploads\/2023\/04\/niebla-tiempo-clima-02.jpg?resize=300%2C167&amp;ssl=1 300w, https:\/\/i0.wp.com\/cdnoticias.com\/wp-content\/uploads\/2023\/04\/niebla-tiempo-clima-02.jpg?resize=1024%2C570&amp;ssl=1 1024w, https:\/\/i0.wp.com\/cdnoticias.com\/wp-content\/uploads\/2023\/04\/niebla-tiempo-clima-02.jpg?resize=768%2C428&amp;ssl=1 768w, https:\/\/i0.wp.com\/cdnoticias.com\/wp-content\/uploads\/2023\/04\/niebla-tiempo-clima-02.jpg?resize=800%2C445&amp;ssl=1 800w\" sizes=\"auto, (max-width: 800px) 100vw, 800px\" \/><\/p>\n<p>&nbsp;<\/p>\n<p><strong>Recomendaciones ante la presencia de niebla:<\/strong><\/p>\n<p>&nbsp;<\/p>\n<p>Evit\u00e1 circular.<\/p>\n<p>&nbsp;<\/p>\n<p>Si la niebla te sorprende durante la conducci\u00f3n, manten\u00e9 distancia entre veh\u00edculos y no sobrepases a otros.<\/p>\n<p>&nbsp;<\/p>\n<p>Encend\u00e9 las luces bajas y las antiniebla.<\/p>\n<p>&nbsp;<\/p>\n<p>Reduc\u00ed la velocidad.<\/p>\n<p>&nbsp;<\/p>\n<p>En cuanto puedas, estacion\u00e1 en un lugar seguro.<\/p>\n<p>&nbsp;<\/p>\n<p>Mantenete informado por las autoridades.<\/p>\n","protected":false},"excerpt":{"rendered":"<p>La visibilidad est\u00e1 reducida a 20 metros. Hay alerta en distintas localidades de la provincia de Buenos Aires.<\/p>\n","protected":false},"author":5,"featured_media":83413,"comment_status":"closed","ping_status":"closed","sticky":false,"template":"","format":"standard","meta":{"_jetpack_memberships_contains_paid_content":false,"footnotes":""},"categories":[5,1],"tags":[],"class_list":["post-83411","post","type-post","status-publish","format-standard","has-post-thumbnail","hentry","category-informacion-general","category-portada"],"jetpack_featured_media_url":"https:\/\/i0.wp.com\/cdnoticias.com\/wp-content\/uploads\/2023\/04\/niebla-tiempo-clima.jpg?fit=1200%2C668&ssl=1","jetpack_sharing_enabled":true,"_links":{"self":[{"href":"https:\/\/cdnoticias.com\/index.php\/wp-json\/wp\/v2\/posts\/83411","targetHints":{"allow":["GET"]}}],"collection":[{"href":"https:\/\/cdnoticias.com\/index.php\/wp-json\/wp\/v2\/posts"}],"about":[{"href":"https:\/\/cdnoticias.com\/index.php\/wp-json\/wp\/v2\/types\/post"}],"author":[{"embeddable":true,"href":"https:\/\/cdnoticias.com\/index.php\/wp-json\/wp\/v2\/users\/5"}],"replies":[{"embeddable":true,"href":"https:\/\/cdnoticias.com\/index.php\/wp-json\/wp\/v2\/comments?post=83411"}],"version-history":[{"count":0,"href":"https:\/\/cdnoticias.com\/index.php\/wp-json\/wp\/v2\/posts\/83411\/revisions"}],"wp:featuredmedia":[{"embeddable":true,"href":"https:\/\/cdnoticias.com\/index.php\/wp-json\/wp\/v2\/media\/83413"}],"wp:attachment":[{"href":"https:\/\/cdnoticias.com\/index.php\/wp-json\/wp\/v2\/media?parent=83411"}],"wp:term":[{"taxonomy":"category","embeddable":true,"href":"https:\/\/cdnoticias.com\/index.php\/wp-json\/wp\/v2\/categories?post=83411"},{"taxonomy":"post_tag","embeddable":true,"href":"https:\/\/cdnoticias.com\/index.php\/wp-json\/wp\/v2\/tags?post=83411"}],"curies":[{"name":"wp","href":"https:\/\/api.w.org\/{rel}","templated":true}]}}