{"id":83372,"date":"2023-04-25T18:06:06","date_gmt":"2023-04-25T21:06:06","guid":{"rendered":"https:\/\/www.centraldenoticias.com.ar\/?p=83372"},"modified":"2023-04-25T19:00:32","modified_gmt":"2023-04-25T22:00:32","slug":"galli-y-stuppia-firmaron-la-primera-etapa-de-la-paritaria-2023","status":"publish","type":"post","link":"https:\/\/cdnoticias.com\/index.php\/2023\/04\/25\/galli-y-stuppia-firmaron-la-primera-etapa-de-la-paritaria-2023\/","title":{"rendered":"Galli y Stuppia firmaron la primera etapa de la paritaria 2023"},"content":{"rendered":"<p>Fue en la tarde de este martes. Abarca el primer semestre del a\u00f1o y se inform\u00f3 que el incremento es 46,8% acumulado. <!--more--><\/p>\n<hr \/>\n<p>En la tarde de este martes, <strong>el intendente Ezequiel Galli y el Secretario General del Sindicato de Trabajadores Municipales Jos\u00e9 Salvador Stuppia firmaron, tras varios d\u00edas de incertidumbre, el acta acuerdo de paritarias del primer semestre de 2023.<\/strong><\/p>\n<p>&nbsp;<\/p>\n<p>El acto se realiz\u00f3 en la sala de reuniones del Palacio San Mart\u00edn y <strong>si bien se hab\u00eda confirmado un acuerdo varios d\u00edas atr\u00e1s, varios detalles hicieron que la firma se dilate hasta este martes.\u00a0<\/strong><\/p>\n<p>&nbsp;<\/p>\n<p>El acuerdo, seg\u00fan se explic\u00f3 desde el Municipio,<strong> incluye un incremento del 15% sobre la base del mes de febrero de 2023 al b\u00e1sico, adicional salarial de suma fija y bonificaci\u00f3n y presentismo y puntualidad a partir de abril del corriente a\u00f1o.<\/strong><\/p>\n<p>&nbsp;<\/p>\n<blockquote><p>Adem\u00e1s, se otorgar\u00e1 un aumento del 10% sobre la base de abril de 2023 para todos los conceptos a partir del mes de mayo de 2023.<\/p><\/blockquote>\n<p>&nbsp;<\/p>\n<p>En estos valores tambi\u00e9n<strong> est\u00e1n incluidas las guardias del sistema de salud p\u00fablico del Partido de Olavarr\u00eda.<\/strong><\/p>\n<p>&nbsp;<\/p>\n<p>Vale recordar que <strong>el \u00faltimo aumento salarial fue del 28% en febrero, respecto al sueldo de abril de 2022.<\/strong> Esto significa que de febrero a junio se otorgar\u00e1 un aumento acumulado del 46,8%.<\/p>\n<p>&nbsp;<\/p>\n<p>Finalmente, se acord\u00f3 volver a reunirse y reabrir la mesa de negociaci\u00f3n en junio.<\/p>\n","protected":false},"excerpt":{"rendered":"<p>Fue en la tarde de este martes. Abarca el primer semestre del a\u00f1o y se inform\u00f3 que el incremento es<\/p>\n","protected":false},"author":2,"featured_media":83374,"comment_status":"closed","ping_status":"closed","sticky":false,"template":"","format":"standard","meta":{"_jetpack_memberships_contains_paid_content":false,"footnotes":""},"categories":[5,1],"tags":[],"class_list":["post-83372","post","type-post","status-publish","format-standard","has-post-thumbnail","hentry","category-informacion-general","category-portada"],"jetpack_featured_media_url":"https:\/\/i0.wp.com\/cdnoticias.com\/wp-content\/uploads\/2023\/04\/Firma-Paritaria-2023-1-1024x685-1.jpg?fit=1024%2C685&ssl=1","jetpack_sharing_enabled":true,"_links":{"self":[{"href":"https:\/\/cdnoticias.com\/index.php\/wp-json\/wp\/v2\/posts\/83372","targetHints":{"allow":["GET"]}}],"collection":[{"href":"https:\/\/cdnoticias.com\/index.php\/wp-json\/wp\/v2\/posts"}],"about":[{"href":"https:\/\/cdnoticias.com\/index.php\/wp-json\/wp\/v2\/types\/post"}],"author":[{"embeddable":true,"href":"https:\/\/cdnoticias.com\/index.php\/wp-json\/wp\/v2\/users\/2"}],"replies":[{"embeddable":true,"href":"https:\/\/cdnoticias.com\/index.php\/wp-json\/wp\/v2\/comments?post=83372"}],"version-history":[{"count":0,"href":"https:\/\/cdnoticias.com\/index.php\/wp-json\/wp\/v2\/posts\/83372\/revisions"}],"wp:featuredmedia":[{"embeddable":true,"href":"https:\/\/cdnoticias.com\/index.php\/wp-json\/wp\/v2\/media\/83374"}],"wp:attachment":[{"href":"https:\/\/cdnoticias.com\/index.php\/wp-json\/wp\/v2\/media?parent=83372"}],"wp:term":[{"taxonomy":"category","embeddable":true,"href":"https:\/\/cdnoticias.com\/index.php\/wp-json\/wp\/v2\/categories?post=83372"},{"taxonomy":"post_tag","embeddable":true,"href":"https:\/\/cdnoticias.com\/index.php\/wp-json\/wp\/v2\/tags?post=83372"}],"curies":[{"name":"wp","href":"https:\/\/api.w.org\/{rel}","templated":true}]}}