{"id":8334,"date":"2020-12-06T10:16:03","date_gmt":"2020-12-06T13:16:03","guid":{"rendered":"http:\/\/www.centraldenoticias.com.ar\/?p=8334"},"modified":"2020-12-06T10:16:03","modified_gmt":"2020-12-06T13:16:03","slug":"kicillof-otra-vez-aislado-por-un-contacto-estrecho-que-dio-positivo","status":"publish","type":"post","link":"https:\/\/cdnoticias.com\/index.php\/2020\/12\/06\/kicillof-otra-vez-aislado-por-un-contacto-estrecho-que-dio-positivo\/","title":{"rendered":"Kicillof, otra vez aislado por un contacto estrecho que dio positivo"},"content":{"rendered":"<p>El gobernador lo comunic\u00f3 a trav\u00e9s de sus redes. No tendr\u00e1 agenda presencial hasta el 15 de diciembre. Por ahora no tiene s\u00edntomas. Hay ministros en la misma situaci\u00f3n.<!--more--><\/p>\n<hr \/>\n<p><strong>El gobernador bonaerense, Axel Kicillof, volvi\u00f3 a aislarse este s\u00e1bado como medida preventiva, luego de que un colaborador diera positivo por Covid-19<\/strong>.<\/p>\n<p>Tal como comunic\u00f3 el propio mandatario a trav\u00e9s de sus redes, <strong>no tiene s\u00edntomas<\/strong>. Se encuentra en perfecto estado de salud por lo que <strong>la medida es preventiva<\/strong>, ya que el trabajador de la secretar\u00eda privada que recibi\u00f3 durante el s\u00e1bado un resultado del an\u00e1lisis tiene contacto frecuente con \u00e9l y con otros funcionarios de su entorno.<\/p>\n<p>En principio, tambi\u00e9n deber\u00e1 aislarse<strong> el jefe de Gabinete, Carlos Bianco<\/strong> y los <strong>ministros de Desarrollo de la Comunidad, Andr\u00e9s Larroque<\/strong> y de<strong> Comunicaci\u00f3n P\u00fablica, Jesica Rey<\/strong>.<\/p>\n<blockquote><p>Fuentes del Gabinete explicaron a DIB que se est\u00e1 redise\u00f1ando la agenda de Kicillof, para adaptarla a las pautas de trabajo virtual impuestas por la medida de prevenci\u00f3n.<\/p><\/blockquote>\n<p><strong>Esta es la tercera vez que el gobernador debe aislarse<\/strong> desde que comenz\u00f3 la pandemia. En abril, debi\u00f3 hacerlo luego de inaugurar obras en el hospital Belgrano de San Mart\u00edn, donde 15 profesionales de la salud hab\u00edan dado positivo.<\/p>\n<blockquote class=\"twitter-tweet\">\n<p dir=\"ltr\" lang=\"es\">Ante los primeros s\u00edntomas, esta ma\u00f1ana, mi colaborador se realiz\u00f3 el hisopado y este dio positivo. La noticia me encuentra en el chalet de la gobernaci\u00f3n de Chapadmalal, adonde viaj\u00e9 con mi familia ayer por la noche. Por el momento, ni mi familia ni yo hemos presentado s\u00edntomas.<\/p>\n<p>\u2014 Axel Kicillof (@Kicillofok) <a href=\"https:\/\/twitter.com\/Kicillofok\/status\/1335389861457649665?ref_src=twsrc%5Etfw\">December 6, 2020<\/a><\/p><\/blockquote>\n<p><script async src=\"https:\/\/platform.twitter.com\/widgets.js\" charset=\"utf-8\"><\/script><br \/>\nAunque no hab\u00eda tenido contacto estrecho con los contagiados, el mandatario cumpli\u00f3 entonces con el aislamiento, no particip\u00f3 de una reuni\u00f3n de gobernadores con el Presidente y suspendi\u00f3 un d\u00eda su agenda hasta obtener el resultado negativo.<\/p>\n<p>Despu\u00e9s, en octubre, el positivo de un colaborador tambi\u00e9n lo oblig\u00f3 a seguir las pautas de aislamiento por segunda vez, aunque en este caso no se hisop\u00f3, sino que directamente cumpli\u00f3 con las restricciones por 14 d\u00edas, tras lo cual, le hicieron los controles y retom\u00f3 a la actividad.<\/p>\n<p>Ahora, cumplir\u00e1 con el aislamiento que en esta etapa dura diez d\u00edas, por lo que no tendr\u00e1 agenda presencial al menos hasta el 15 de este mes.<\/p>\n<p>Fuente: DIB<\/p>\n","protected":false},"excerpt":{"rendered":"<p>El gobernador lo comunic\u00f3 a trav\u00e9s de sus redes. No tendr\u00e1 agenda presencial hasta el 15 de diciembre. Por ahora<\/p>\n","protected":false},"author":4,"featured_media":4785,"comment_status":"closed","ping_status":"closed","sticky":false,"template":"","format":"standard","meta":{"_jetpack_memberships_contains_paid_content":false,"footnotes":""},"categories":[6,1],"tags":[],"class_list":["post-8334","post","type-post","status-publish","format-standard","has-post-thumbnail","hentry","category-nacionales","category-portada"],"jetpack_featured_media_url":"https:\/\/i0.wp.com\/cdnoticias.com\/wp-content\/uploads\/2020\/10\/2020_10_23_AK_Conferencia_088.jpg?fit=4290%2C2860&ssl=1","jetpack_sharing_enabled":true,"_links":{"self":[{"href":"https:\/\/cdnoticias.com\/index.php\/wp-json\/wp\/v2\/posts\/8334","targetHints":{"allow":["GET"]}}],"collection":[{"href":"https:\/\/cdnoticias.com\/index.php\/wp-json\/wp\/v2\/posts"}],"about":[{"href":"https:\/\/cdnoticias.com\/index.php\/wp-json\/wp\/v2\/types\/post"}],"author":[{"embeddable":true,"href":"https:\/\/cdnoticias.com\/index.php\/wp-json\/wp\/v2\/users\/4"}],"replies":[{"embeddable":true,"href":"https:\/\/cdnoticias.com\/index.php\/wp-json\/wp\/v2\/comments?post=8334"}],"version-history":[{"count":0,"href":"https:\/\/cdnoticias.com\/index.php\/wp-json\/wp\/v2\/posts\/8334\/revisions"}],"wp:featuredmedia":[{"embeddable":true,"href":"https:\/\/cdnoticias.com\/index.php\/wp-json\/wp\/v2\/media\/4785"}],"wp:attachment":[{"href":"https:\/\/cdnoticias.com\/index.php\/wp-json\/wp\/v2\/media?parent=8334"}],"wp:term":[{"taxonomy":"category","embeddable":true,"href":"https:\/\/cdnoticias.com\/index.php\/wp-json\/wp\/v2\/categories?post=8334"},{"taxonomy":"post_tag","embeddable":true,"href":"https:\/\/cdnoticias.com\/index.php\/wp-json\/wp\/v2\/tags?post=8334"}],"curies":[{"name":"wp","href":"https:\/\/api.w.org\/{rel}","templated":true}]}}