{"id":83298,"date":"2023-04-25T09:13:27","date_gmt":"2023-04-25T12:13:27","guid":{"rendered":"https:\/\/www.centraldenoticias.com.ar\/?p=83298"},"modified":"2023-04-25T09:13:27","modified_gmt":"2023-04-25T12:13:27","slug":"segun-opina-argentina-rodriguez-larreta-ganaria-con-amplia-ventaja-la-interna-de-jxc","status":"publish","type":"post","link":"https:\/\/cdnoticias.com\/index.php\/2023\/04\/25\/segun-opina-argentina-rodriguez-larreta-ganaria-con-amplia-ventaja-la-interna-de-jxc\/","title":{"rendered":"Seg\u00fan Opina Argentina, Rodr\u00edguez Larreta ganar\u00eda con amplia ventaja la interna de JxC"},"content":{"rendered":"<p>La consultora revel\u00f3 datos de la \u00faltima encuesta que ubican al dirigente con la mayor imagen positiva y una ventaja de hasta 7 puntos sobre Patricia Bullrich.<!--more--><\/p>\n<hr \/>\n<p>Seg\u00fan los datos de la consultora Opina Argentina, el jefe de Gobierno porte\u00f1o, Horacio Rodr\u00edguez Larreta, es el dirigente nacional con mejor imagen positiva y qui\u00e9n triunfar\u00eda en la interna de Juntos por el Cambio con <strong>una ventaja de hasta 7 puntos porcentuales sobre Patricia Bullrich.<\/strong><\/p>\n<p>&nbsp;<\/p>\n<p>La encuesta se realiz\u00f3<strong> entre el 5 y el 15 de abril<\/strong> sobre un universo de 1.402 casos en los principales centros urbanos del pa\u00eds. El estudio tiene un margen de error del +\/- 2,6%.<\/p>\n<p>&nbsp;<\/p>\n<p>El relevamiento indic\u00f3 que <strong>Rodr\u00edguez Larreta encabeza el r\u00e1nking de imagen positiva a nivel nacional con un 49%,<\/strong> seguido por el diputado nacional por La Libertad Avanza Javier Milei (44%); el ministro de Econom\u00eda, Sergio Massa (36%); la diputada del PRO, Mar\u00eda Eugenia Vidal (35%), y Bullrich (35%).<\/p>\n<p>&nbsp;<\/p>\n<p>Al respecto, la encuesta indic\u00f3 que <strong>el expresidente Mauricio Macri es el dirigente nacional con mayor nivel de imagen negativa (75%);<\/strong> seguido por el presidente,<strong> Alberto Fern\u00e1ndez; (71%) y la vicepresidenta, Cristina Kirchner (68%).<\/strong><\/p>\n<p>&nbsp;<\/p>\n<blockquote><p>La consultora evalu\u00f3 dos escenarios hacia las Primarias Abiertas, Simult\u00e1neas y Obligatorias (PASO) y en ambos casos ganar\u00eda la interna Rodr\u00edguez Larreta.<\/p><\/blockquote>\n<p>&nbsp;<\/p>\n<p>En el primero obtendr\u00eda el 16% de los votos frente a un 10% de Bullrich y 5% del gobernador de Jujuy, Gerardo Morales. En el segundo, sin rivales de la Uni\u00f3n C\u00edvica Radical, Rodr\u00edguez Larreta conseguir\u00eda el 18% contra un 11% de Bullrich. <strong>Adem\u00e1s, JxC se impondr\u00eda como la fuerza m\u00e1s votada en las primarias, en ambos escenarios consultados.<\/strong><\/p>\n<p>&nbsp;<\/p>\n<p>En el primero obtendr\u00eda el 31% frente al 26% del Frente de Todos, mientras que terceros quedar\u00edan los los libertarios con el 23%. En el segundo, conseguir\u00eda el 29%, con un 26% del Frente de Todos y un 24% de los libertarios.<\/p>\n","protected":false},"excerpt":{"rendered":"<p>La consultora revel\u00f3 datos de la \u00faltima encuesta que ubican al dirigente con la mayor imagen positiva y una ventaja<\/p>\n","protected":false},"author":5,"featured_media":77736,"comment_status":"closed","ping_status":"closed","sticky":false,"template":"","format":"standard","meta":{"_jetpack_memberships_contains_paid_content":false,"footnotes":""},"categories":[6,1],"tags":[],"class_list":["post-83298","post","type-post","status-publish","format-standard","has-post-thumbnail","hentry","category-nacionales","category-portada"],"jetpack_featured_media_url":"https:\/\/i0.wp.com\/cdnoticias.com\/wp-content\/uploads\/2023\/02\/Larreta-01.jpeg?fit=1600%2C890&ssl=1","jetpack_sharing_enabled":true,"_links":{"self":[{"href":"https:\/\/cdnoticias.com\/index.php\/wp-json\/wp\/v2\/posts\/83298","targetHints":{"allow":["GET"]}}],"collection":[{"href":"https:\/\/cdnoticias.com\/index.php\/wp-json\/wp\/v2\/posts"}],"about":[{"href":"https:\/\/cdnoticias.com\/index.php\/wp-json\/wp\/v2\/types\/post"}],"author":[{"embeddable":true,"href":"https:\/\/cdnoticias.com\/index.php\/wp-json\/wp\/v2\/users\/5"}],"replies":[{"embeddable":true,"href":"https:\/\/cdnoticias.com\/index.php\/wp-json\/wp\/v2\/comments?post=83298"}],"version-history":[{"count":0,"href":"https:\/\/cdnoticias.com\/index.php\/wp-json\/wp\/v2\/posts\/83298\/revisions"}],"wp:featuredmedia":[{"embeddable":true,"href":"https:\/\/cdnoticias.com\/index.php\/wp-json\/wp\/v2\/media\/77736"}],"wp:attachment":[{"href":"https:\/\/cdnoticias.com\/index.php\/wp-json\/wp\/v2\/media?parent=83298"}],"wp:term":[{"taxonomy":"category","embeddable":true,"href":"https:\/\/cdnoticias.com\/index.php\/wp-json\/wp\/v2\/categories?post=83298"},{"taxonomy":"post_tag","embeddable":true,"href":"https:\/\/cdnoticias.com\/index.php\/wp-json\/wp\/v2\/tags?post=83298"}],"curies":[{"name":"wp","href":"https:\/\/api.w.org\/{rel}","templated":true}]}}