{"id":83240,"date":"2023-04-24T19:59:41","date_gmt":"2023-04-24T22:59:41","guid":{"rendered":"https:\/\/www.centraldenoticias.com.ar\/?p=83240"},"modified":"2023-04-25T07:58:58","modified_gmt":"2023-04-25T10:58:58","slug":"irregularidades-en-desarrollo-social-diego-robbiani-fue-citado-por-el-concejo-deliberante","status":"publish","type":"post","link":"https:\/\/cdnoticias.com\/index.php\/2023\/04\/24\/irregularidades-en-desarrollo-social-diego-robbiani-fue-citado-por-el-concejo-deliberante\/","title":{"rendered":"Irregularidades en Desarrollo Social: Diego Robbiani fue citado por el Concejo Deliberante"},"content":{"rendered":"<p>Ser\u00e1 el viernes a las 10:00 a la comisi\u00f3n de Hacienda. El pedido fue aprobado hoy por los bloques y restar\u00e1 una respuesta del funcionario. <!--more--><\/p>\n<hr \/>\n<p>En la jornada de este lunes, <strong>la comisi\u00f3n de Hacienda finalmente acord\u00f3 citar al secretario de Desarrollo Humano y Calidad de Vida, Diego Robbiani, <\/strong>a dialogar con los concejales<strong> sobre las irregularidades en el \u00e1rea de Desarrollo Social con el mal uso de vales por mercader\u00eda y tarjetas Cabal.\u00a0<\/strong><\/p>\n<p>&nbsp;<\/p>\n<p>Por el hecho, hasta el momento, <strong>hay dos denuncias penales en la Justicia: <a href=\"https:\/\/cdnoticias.com\/index.php\/2023\/03\/30\/el-frente-de-todos-presento-una-denuncia-por-las-irregularidades-en-desarrollo-social\/\" target=\"_blank\" rel=\"noopener\">una realizada por el interbloque del Frente de Todos en la UFI N\u00b010<\/a><\/strong> y otra realizada por el propio <strong><a href=\"https:\/\/cdnoticias.com\/index.php\/2023\/04\/11\/el-municipio-denuncio-en-la-justicia-las-irregularidades-en-desarrollo-social\/\" target=\"_blank\" rel=\"noopener\">Municipio en la UFI de delitos Especiales del Departamento Judicial de Azul<\/a>.<\/strong><\/p>\n<p>&nbsp;<\/p>\n<p>Justamente, desde el Concejo Deliberante <a href=\"https:\/\/cdnoticias.com\/index.php\/2023\/04\/13\/sesion-especial-sobre-las-irregularidades-en-desarrollo-social-que-se-voto\/\" target=\"_blank\" rel=\"noopener\">se intent\u00f3 interpelar al funcionario mediante una citaci\u00f3n al recinto<\/a> pero, <strong>finalmente y a pedido del bloque UCR (con el acompa\u00f1amiento del bloque Juntos) el proyecto fue remitido a Hacienda <\/strong>y desde all\u00ed se realizar\u00e1 la citaci\u00f3n para dialogar con los ediles integrantes del cuerpo deliberativo. <a href=\"https:\/\/cdnoticias.com\/index.php\/2023\/04\/17\/hcd-sin-fecha-para-la-citacion-a-robbiani-y-paso-a-legislacion-la-suba-del-agua\/\" target=\"_blank\" rel=\"noopener\">El tema se trat\u00f3 la semana pasada en la misma comisi\u00f3n<\/a>.<\/p>\n<p>&nbsp;<\/p>\n<blockquote><p>Este lunes, por unanimidad se decidi\u00f3 realizar dicha citaci\u00f3n para<strong> este viernes a las 10, seg\u00fan logr\u00f3 saber Central de Noticias.<\/strong><\/p><\/blockquote>\n<p>&nbsp;<\/p>\n<p>Adem\u00e1s, tambi\u00e9n <strong>por unanimidad se decidi\u00f3 que en el encuentro participe la UCR, dado que ninguno de sus dos concejales forma parte de la comisi\u00f3n<\/strong>, que tiene como presidente a Juan Mujica y es integrado por Guillermina Amespil, Miriam Mosescu (Juntos), Maximiliano Wesner, Ubaldo Garc\u00eda (Frente de Todos), Gast\u00f3n Sarachu (Foro Olavarr\u00eda-FdT) y Celeste Arouxet (Ahora Olavarr\u00eda).<\/p>\n<p>&nbsp;<\/p>\n<p>Cabe aclarar que <strong>la citaci\u00f3n deber\u00e1 ser confirmada desde el Ejecutivo, y en algunas horas se sabr\u00e1 si Robbiani asistir\u00e1 al Concejo Deliberante o pedir\u00e1 otra fecha<\/strong> como alternativa a la citaci\u00f3n un\u00e1nime de la comisi\u00f3n de Hacienda.<\/p>\n","protected":false},"excerpt":{"rendered":"<p>Ser\u00e1 el viernes a las 10:00 a la comisi\u00f3n de Hacienda. El pedido fue aprobado hoy por los bloques y<\/p>\n","protected":false},"author":2,"featured_media":31970,"comment_status":"closed","ping_status":"closed","sticky":false,"template":"","format":"standard","meta":{"_jetpack_memberships_contains_paid_content":false,"footnotes":""},"categories":[4,1],"tags":[],"class_list":["post-83240","post","type-post","status-publish","format-standard","has-post-thumbnail","hentry","category-politica","category-portada"],"jetpack_featured_media_url":"https:\/\/i0.wp.com\/cdnoticias.com\/wp-content\/uploads\/2021\/09\/Robbiani07.jpg?fit=4608%2C3072&ssl=1","jetpack_sharing_enabled":true,"_links":{"self":[{"href":"https:\/\/cdnoticias.com\/index.php\/wp-json\/wp\/v2\/posts\/83240","targetHints":{"allow":["GET"]}}],"collection":[{"href":"https:\/\/cdnoticias.com\/index.php\/wp-json\/wp\/v2\/posts"}],"about":[{"href":"https:\/\/cdnoticias.com\/index.php\/wp-json\/wp\/v2\/types\/post"}],"author":[{"embeddable":true,"href":"https:\/\/cdnoticias.com\/index.php\/wp-json\/wp\/v2\/users\/2"}],"replies":[{"embeddable":true,"href":"https:\/\/cdnoticias.com\/index.php\/wp-json\/wp\/v2\/comments?post=83240"}],"version-history":[{"count":0,"href":"https:\/\/cdnoticias.com\/index.php\/wp-json\/wp\/v2\/posts\/83240\/revisions"}],"wp:featuredmedia":[{"embeddable":true,"href":"https:\/\/cdnoticias.com\/index.php\/wp-json\/wp\/v2\/media\/31970"}],"wp:attachment":[{"href":"https:\/\/cdnoticias.com\/index.php\/wp-json\/wp\/v2\/media?parent=83240"}],"wp:term":[{"taxonomy":"category","embeddable":true,"href":"https:\/\/cdnoticias.com\/index.php\/wp-json\/wp\/v2\/categories?post=83240"},{"taxonomy":"post_tag","embeddable":true,"href":"https:\/\/cdnoticias.com\/index.php\/wp-json\/wp\/v2\/tags?post=83240"}],"curies":[{"name":"wp","href":"https:\/\/api.w.org\/{rel}","templated":true}]}}