{"id":83235,"date":"2023-04-24T17:40:12","date_gmt":"2023-04-24T20:40:12","guid":{"rendered":"https:\/\/www.centraldenoticias.com.ar\/?p=83235"},"modified":"2023-04-24T17:40:12","modified_gmt":"2023-04-24T20:40:12","slug":"segunda-edicion-del-taller-de-practicas-y-productos-de-radio-y-podcast","status":"publish","type":"post","link":"https:\/\/cdnoticias.com\/index.php\/2023\/04\/24\/segunda-edicion-del-taller-de-practicas-y-productos-de-radio-y-podcast\/","title":{"rendered":"Segunda edici\u00f3n del taller de Pr\u00e1cticas y Productos de radio y podcast"},"content":{"rendered":"<p>Comenzar\u00e1 el 12 de mayo en la Facultad de Ciencias Sociales y est\u00e1 destinado para toda la comunidad. <!--more--><\/p>\n<hr \/>\n<p>El pr\u00f3ximo<strong> 12 de mayo<\/strong> comienza la <strong>segunda edici\u00f3n del taller de Pr\u00e1cticas y Productos de radio y podcast<\/strong> que se dictar\u00e1 en la <strong>Facultad de Ciencias Sociales.\u00a0<\/strong><\/p>\n<p>&nbsp;<\/p>\n<p>El taller estar\u00e1 dictado por C\u00e9sar Edery y es <strong>abierto para toda la comunidad<\/strong>: se puede tener o no experiencia en medios y est\u00e1 pensado para todas las edades y profesiones como emprendedores, comunicadores, profesionales, estudiantes entre otros.<\/p>\n<p>&nbsp;<\/p>\n<p>Ser\u00e1 <strong>todos los viernes de 15:30 a 17 horas<\/strong> y tendr\u00e1 <strong>8 encuentros con modalidad presencial<\/strong>. Los<strong> cupos son limitados<\/strong>. Por consultas comunicarse al mail<strong> cursos@virtual.soc.unicen.edu.ar<\/strong><\/p>\n<p>&nbsp;<\/p>\n<p><img data-recalc-dims=\"1\" loading=\"lazy\" decoding=\"async\" class=\"aligncenter wp-image-83236 size-full\" src=\"https:\/\/i0.wp.com\/cdnoticias.com\/wp-content\/uploads\/2023\/04\/WhatsApp-Image-2023-04-24-at-11.37.00.jpeg?resize=800%2C801&#038;ssl=1\" alt=\"\" width=\"800\" height=\"801\" \/><\/p>\n","protected":false},"excerpt":{"rendered":"<p>Comenzar\u00e1 el 12 de mayo en la Facultad de Ciencias Sociales y est\u00e1 destinado para toda la comunidad.<\/p>\n","protected":false},"author":6,"featured_media":26495,"comment_status":"closed","ping_status":"closed","sticky":false,"template":"","format":"standard","meta":{"_jetpack_memberships_contains_paid_content":false,"footnotes":""},"categories":[5,1],"tags":[],"class_list":["post-83235","post","type-post","status-publish","format-standard","has-post-thumbnail","hentry","category-informacion-general","category-portada"],"jetpack_featured_media_url":"https:\/\/i0.wp.com\/cdnoticias.com\/wp-content\/uploads\/2021\/07\/Facultad-de-Ciencias-Sociales.jpg?fit=1428%2C748&ssl=1","jetpack_sharing_enabled":true,"_links":{"self":[{"href":"https:\/\/cdnoticias.com\/index.php\/wp-json\/wp\/v2\/posts\/83235","targetHints":{"allow":["GET"]}}],"collection":[{"href":"https:\/\/cdnoticias.com\/index.php\/wp-json\/wp\/v2\/posts"}],"about":[{"href":"https:\/\/cdnoticias.com\/index.php\/wp-json\/wp\/v2\/types\/post"}],"author":[{"embeddable":true,"href":"https:\/\/cdnoticias.com\/index.php\/wp-json\/wp\/v2\/users\/6"}],"replies":[{"embeddable":true,"href":"https:\/\/cdnoticias.com\/index.php\/wp-json\/wp\/v2\/comments?post=83235"}],"version-history":[{"count":0,"href":"https:\/\/cdnoticias.com\/index.php\/wp-json\/wp\/v2\/posts\/83235\/revisions"}],"wp:featuredmedia":[{"embeddable":true,"href":"https:\/\/cdnoticias.com\/index.php\/wp-json\/wp\/v2\/media\/26495"}],"wp:attachment":[{"href":"https:\/\/cdnoticias.com\/index.php\/wp-json\/wp\/v2\/media?parent=83235"}],"wp:term":[{"taxonomy":"category","embeddable":true,"href":"https:\/\/cdnoticias.com\/index.php\/wp-json\/wp\/v2\/categories?post=83235"},{"taxonomy":"post_tag","embeddable":true,"href":"https:\/\/cdnoticias.com\/index.php\/wp-json\/wp\/v2\/tags?post=83235"}],"curies":[{"name":"wp","href":"https:\/\/api.w.org\/{rel}","templated":true}]}}