{"id":83228,"date":"2023-04-24T16:54:37","date_gmt":"2023-04-24T19:54:37","guid":{"rendered":"https:\/\/www.centraldenoticias.com.ar\/?p=83228"},"modified":"2023-04-24T16:54:37","modified_gmt":"2023-04-24T19:54:37","slug":"corte-del-servicio-de-agua-en-sierras-bayas","status":"publish","type":"post","link":"https:\/\/cdnoticias.com\/index.php\/2023\/04\/24\/corte-del-servicio-de-agua-en-sierras-bayas\/","title":{"rendered":"Corte del servicio de agua en Sierras Bayas"},"content":{"rendered":"<p>Este martes de las 8. Coopelectric inform\u00f3 que se realizar\u00e1 el recambio de una v\u00e1lvula esclusa correspondiente al servicio de obras sanitarias.<\/p>\n<p><!--more--><\/p>\n<hr \/>\n<p>Coopelectric inform\u00f3 que <strong>se interrumpir\u00e1 el suministro de agua en Sierras Bayas<\/strong> este martes desde las 8.<\/p>\n<p>&nbsp;<\/p>\n<p>Se realizar\u00e1 el <strong>recambio de una v\u00e1lvula esclusa<\/strong> correspondiente al servicio de obras sanitarias.<\/p>\n<p>&nbsp;<\/p>\n<blockquote><p>Por ello se solicit\u00f3 a los usuarios de la localidad que \u201ctomen los recaudos necesarios para administrar su consumo, de forma tal que puedan abastecerse con la reserva de su tanque domiciliario\u201d.<\/p><\/blockquote>\n<p>&nbsp;<\/p>\n<p>Una vez finalizada la tarea, se restituir\u00e1 el servicio normaliz\u00e1ndose los niveles de presi\u00f3n de forma paulatina.<\/p>\n<p>&nbsp;<\/p>\n","protected":false},"excerpt":{"rendered":"<p>Este martes de las 8. Coopelectric inform\u00f3 que se realizar\u00e1 el recambio de una v\u00e1lvula esclusa correspondiente al servicio de<\/p>\n","protected":false},"author":4,"featured_media":67582,"comment_status":"closed","ping_status":"closed","sticky":false,"template":"","format":"standard","meta":{"_jetpack_memberships_contains_paid_content":false,"footnotes":""},"categories":[5,1],"tags":[],"class_list":["post-83228","post","type-post","status-publish","format-standard","has-post-thumbnail","hentry","category-informacion-general","category-portada"],"jetpack_featured_media_url":"https:\/\/i0.wp.com\/cdnoticias.com\/wp-content\/uploads\/2022\/10\/Sierras-Bayas-0.jpg?fit=800%2C445&ssl=1","jetpack_sharing_enabled":true,"_links":{"self":[{"href":"https:\/\/cdnoticias.com\/index.php\/wp-json\/wp\/v2\/posts\/83228","targetHints":{"allow":["GET"]}}],"collection":[{"href":"https:\/\/cdnoticias.com\/index.php\/wp-json\/wp\/v2\/posts"}],"about":[{"href":"https:\/\/cdnoticias.com\/index.php\/wp-json\/wp\/v2\/types\/post"}],"author":[{"embeddable":true,"href":"https:\/\/cdnoticias.com\/index.php\/wp-json\/wp\/v2\/users\/4"}],"replies":[{"embeddable":true,"href":"https:\/\/cdnoticias.com\/index.php\/wp-json\/wp\/v2\/comments?post=83228"}],"version-history":[{"count":0,"href":"https:\/\/cdnoticias.com\/index.php\/wp-json\/wp\/v2\/posts\/83228\/revisions"}],"wp:featuredmedia":[{"embeddable":true,"href":"https:\/\/cdnoticias.com\/index.php\/wp-json\/wp\/v2\/media\/67582"}],"wp:attachment":[{"href":"https:\/\/cdnoticias.com\/index.php\/wp-json\/wp\/v2\/media?parent=83228"}],"wp:term":[{"taxonomy":"category","embeddable":true,"href":"https:\/\/cdnoticias.com\/index.php\/wp-json\/wp\/v2\/categories?post=83228"},{"taxonomy":"post_tag","embeddable":true,"href":"https:\/\/cdnoticias.com\/index.php\/wp-json\/wp\/v2\/tags?post=83228"}],"curies":[{"name":"wp","href":"https:\/\/api.w.org\/{rel}","templated":true}]}}