{"id":83225,"date":"2023-04-24T13:52:06","date_gmt":"2023-04-24T16:52:06","guid":{"rendered":"https:\/\/www.centraldenoticias.com.ar\/?p=83225"},"modified":"2023-04-24T13:52:06","modified_gmt":"2023-04-24T16:52:06","slug":"tribuna-docente-convoco-a-un-paro-de-48-horas-contra-el-ajuste-educativo-de-kicillof","status":"publish","type":"post","link":"https:\/\/cdnoticias.com\/index.php\/2023\/04\/24\/tribuna-docente-convoco-a-un-paro-de-48-horas-contra-el-ajuste-educativo-de-kicillof\/","title":{"rendered":"Tribuna Docente convoc\u00f3 a un paro de 48 horas \u201ccontra el ajuste educativo de Kicillof\u201d"},"content":{"rendered":"<p>La medida de fuerza del sector sindical integrante de Suteba se program\u00f3 para el 25 y 26 de abril en toda la provincia.<\/p>\n<hr \/>\n<p><!--more--><strong>Tribuna Docente convoc\u00f3 a un paro de 48 horas \u201ccontra el ajuste educativo de Kicillof\u201d<\/strong>. La medida de fuerza se program\u00f3 para el <strong>25 y 26 de abril<\/strong> en toda la provincia.<\/p>\n<p>&nbsp;<\/p>\n<p>Este sector sindical integrante de Suteba tiene en Olavarr\u00eda a <strong>Agust\u00edn Mestralet<\/strong> como referente.<\/p>\n<p>&nbsp;<\/p>\n<p>Seg\u00fan se inform\u00f3, \u201cluego de <strong>un importante encuentro provincial docente<\/strong> organizado por las seccionales, minor\u00edas, congresales y delegades de la lista Multicolor se vot\u00f3 un paro de 48 horas para el pr\u00f3ximo martes 25 y mi\u00e9rcoles 26 de abril\u201d.<\/p>\n<p>&nbsp;<\/p>\n<blockquote><p>\u201cFueron m\u00e1s de dos mil docentes que votaron en los mandatos de escuelas. Apenas publicado el paro, la docencia en toda la provincia va adhiriendo a la medida para enfrentar el ajuste educativo de Kicillof, Sileoni y que reclama el FMI. Una expresi\u00f3n de la bronca docente que recorre las escuelas\u201d se agreg\u00f3 en un comunicado.<\/p><\/blockquote>\n<p>&nbsp;<\/p>\n<p>Se hizo hincapi\u00e9 en que la inflaci\u00f3n de marzo que registr\u00f3 7,7% de marzo seg\u00fan Indec, impact\u00f3 en el acuerdo firmado, <strong>\u201ctir\u00f3 por la borda el acuerdo firmado por el gobierno, Baradel y el FUDB que en promedio es del 20%<\/strong>, pero que <strong>en profesores es del 18%<\/strong>. Mientras la canasta de pobreza hoy est\u00e1 en por encima de los 191 mil pesos, hoy el cargo testigo de PR sin antig\u00fcedad est\u00e1 en 130 mil, es decir un 45% por <strong>debajo de la l\u00ednea de pobreza<\/strong>\u201d.<\/p>\n<p>&nbsp;<\/p>\n<p>Sumaron tambi\u00e9n otros reclamos: \u201ca esta situaci\u00f3n se suma un cuadro de<strong> ajuste educativo en el presupuesto<\/strong> por la falta de obras escolares, la <strong>sobrecarga laboral<\/strong> ante la falta de cargos, el <strong>retaceo del Servicio Alimentario (SAE)<\/strong> cuando casi 2 de cada 3 ni\u00f1es en la provincia son pobres, adem\u00e1s de su mal estado y calidad\u201d.<\/p>\n<p>&nbsp;<\/p>\n<p>A su vez, Tribuna Docente dej\u00f3 su lectura del <strong>pedido de la dirigencia sindical docente para la reapertura de paritarias<\/strong>. Interpretaron que \u201cla enorme repercusi\u00f3n en la docencia para el paro de 48 horas, llev\u00f3 a qu\u00e9 Baradel y el FUDB le pidan por \u00b4carta\u00b4 al Ministro de Trabajo provincial, Walter Correa, que los convoque a reuni\u00f3n paritaria para activar la cl\u00e1usula de actualizaci\u00f3n salarial. <strong>Una medida de \u00faltimo momento para frenar el paro.<\/strong> Es claro que Baradel tiene su eje en la campa\u00f1a de reelecci\u00f3n de Kicillof 2023, mientras la docencia vemos como nuestro salario se pulveriza\u201d.<\/p>\n<p>&nbsp;<\/p>\n","protected":false},"excerpt":{"rendered":"<p>La medida de fuerza del sector sindical integrante de Suteba se program\u00f3 para el 25 y 26 de abril en<\/p>\n","protected":false},"author":4,"featured_media":83226,"comment_status":"closed","ping_status":"closed","sticky":false,"template":"","format":"standard","meta":{"_jetpack_memberships_contains_paid_content":false,"footnotes":""},"categories":[6,1],"tags":[],"class_list":["post-83225","post","type-post","status-publish","format-standard","has-post-thumbnail","hentry","category-nacionales","category-portada"],"jetpack_featured_media_url":"https:\/\/i0.wp.com\/cdnoticias.com\/wp-content\/uploads\/2023\/04\/tribuna-docente.jpg?fit=800%2C445&ssl=1","jetpack_sharing_enabled":true,"_links":{"self":[{"href":"https:\/\/cdnoticias.com\/index.php\/wp-json\/wp\/v2\/posts\/83225","targetHints":{"allow":["GET"]}}],"collection":[{"href":"https:\/\/cdnoticias.com\/index.php\/wp-json\/wp\/v2\/posts"}],"about":[{"href":"https:\/\/cdnoticias.com\/index.php\/wp-json\/wp\/v2\/types\/post"}],"author":[{"embeddable":true,"href":"https:\/\/cdnoticias.com\/index.php\/wp-json\/wp\/v2\/users\/4"}],"replies":[{"embeddable":true,"href":"https:\/\/cdnoticias.com\/index.php\/wp-json\/wp\/v2\/comments?post=83225"}],"version-history":[{"count":0,"href":"https:\/\/cdnoticias.com\/index.php\/wp-json\/wp\/v2\/posts\/83225\/revisions"}],"wp:featuredmedia":[{"embeddable":true,"href":"https:\/\/cdnoticias.com\/index.php\/wp-json\/wp\/v2\/media\/83226"}],"wp:attachment":[{"href":"https:\/\/cdnoticias.com\/index.php\/wp-json\/wp\/v2\/media?parent=83225"}],"wp:term":[{"taxonomy":"category","embeddable":true,"href":"https:\/\/cdnoticias.com\/index.php\/wp-json\/wp\/v2\/categories?post=83225"},{"taxonomy":"post_tag","embeddable":true,"href":"https:\/\/cdnoticias.com\/index.php\/wp-json\/wp\/v2\/tags?post=83225"}],"curies":[{"name":"wp","href":"https:\/\/api.w.org\/{rel}","templated":true}]}}