{"id":83205,"date":"2023-04-24T13:02:05","date_gmt":"2023-04-24T16:02:05","guid":{"rendered":"https:\/\/www.centraldenoticias.com.ar\/?p=83205"},"modified":"2023-04-24T13:02:05","modified_gmt":"2023-04-24T16:02:05","slug":"un-hombre-provoco-destrozos-en-comercios-durante-el-fin-de-semana","status":"publish","type":"post","link":"https:\/\/cdnoticias.com\/index.php\/2023\/04\/24\/un-hombre-provoco-destrozos-en-comercios-durante-el-fin-de-semana\/","title":{"rendered":"Un hombre provoc\u00f3 destrozos en comercios durante el fin de semana"},"content":{"rendered":"<p>Hubo rotura de vidrieras en distintos locales c\u00e9ntricos. Se identific\u00f3 al autor de los da\u00f1os. Interviene la fiscal\u00eda N\u00b0 10 de Olavarr\u00eda.<!--more--><\/p>\n<hr \/>\n<p>Durante este fin de semana se registraron da\u00f1os en distintos comercios ubicados en la zona c\u00e9ntrica de la ciudad. Esto se sum\u00f3, al <a href=\"https:\/\/cdnoticias.com\/index.php\/2023\/04\/24\/comerciantes-denunciaron-un-robo-en-pleno-centro\/\" target=\"_blank\" rel=\"noopener\">hurto de una mochila<\/a> durante el s\u00e1bado en un local ubicado en General Paz al 2700.<\/p>\n<p>&nbsp;<\/p>\n<p>Seg\u00fan se inform\u00f3, personal de la comisar\u00eda Primera luego de tareas investigativas y la visualizaci\u00f3n de c\u00e1maras del Centro de Monitoreo, <strong>logr\u00f3 establecer el autor de las roturas de vidrieras y productos.<\/strong><\/p>\n<p>&nbsp;<\/p>\n<p><img data-recalc-dims=\"1\" loading=\"lazy\" decoding=\"async\" class=\"aligncenter size-full wp-image-83206\" src=\"https:\/\/i0.wp.com\/cdnoticias.com\/wp-content\/uploads\/2023\/04\/rotura-comercios-2.jpg?resize=800%2C445&#038;ssl=1\" alt=\"\" width=\"800\" height=\"445\" srcset=\"https:\/\/i0.wp.com\/cdnoticias.com\/wp-content\/uploads\/2023\/04\/rotura-comercios-2.jpg?w=1062&amp;ssl=1 1062w, https:\/\/i0.wp.com\/cdnoticias.com\/wp-content\/uploads\/2023\/04\/rotura-comercios-2.jpg?resize=300%2C167&amp;ssl=1 300w, https:\/\/i0.wp.com\/cdnoticias.com\/wp-content\/uploads\/2023\/04\/rotura-comercios-2.jpg?resize=1024%2C570&amp;ssl=1 1024w, https:\/\/i0.wp.com\/cdnoticias.com\/wp-content\/uploads\/2023\/04\/rotura-comercios-2.jpg?resize=768%2C427&amp;ssl=1 768w, https:\/\/i0.wp.com\/cdnoticias.com\/wp-content\/uploads\/2023\/04\/rotura-comercios-2.jpg?resize=800%2C445&amp;ssl=1 800w\" sizes=\"auto, (max-width: 800px) 100vw, 800px\" \/><\/p>\n<p>&nbsp;<\/p>\n<p>De esta forma, un hombre mayor de edad enfrenta una causa por <strong>\u201cDa\u00f1o\u201d<\/strong> a cargo de la UFI N\u00b0 10 del doctor Miguel Pi\u00f1eiro.<\/p>\n<p>&nbsp;<\/p>\n<blockquote class=\"wp-embedded-content\" data-secret=\"N2a3DcAjWv\"><p><a href=\"https:\/\/cdnoticias.com\/index.php\/2023\/04\/24\/comerciantes-denunciaron-un-robo-en-pleno-centro\/\">Comerciantes denunciaron un robo en pleno centro<\/a><\/p><\/blockquote>\n<p><iframe loading=\"lazy\" class=\"wp-embedded-content\" sandbox=\"allow-scripts\" security=\"restricted\" style=\"position: absolute; clip: rect(1px, 1px, 1px, 1px);\" title=\"&#8220;Comerciantes denunciaron un robo en pleno centro&#8221; &#8212; Central de Noticias | Olavarr\u00eda\" src=\"https:\/\/cdnoticias.com\/index.php\/2023\/04\/24\/comerciantes-denunciaron-un-robo-en-pleno-centro\/embed\/#?secret=RT1DsWxALO#?secret=N2a3DcAjWv\" data-secret=\"N2a3DcAjWv\" width=\"600\" height=\"338\" frameborder=\"0\" marginwidth=\"0\" marginheight=\"0\" scrolling=\"no\"><\/iframe><\/p>\n","protected":false},"excerpt":{"rendered":"<p>Hubo rotura de vidrieras en distintos locales c\u00e9ntricos. Se identific\u00f3 al autor de los da\u00f1os. Interviene la fiscal\u00eda N\u00b0 10<\/p>\n","protected":false},"author":5,"featured_media":83207,"comment_status":"closed","ping_status":"closed","sticky":false,"template":"","format":"standard","meta":{"_jetpack_memberships_contains_paid_content":false,"footnotes":""},"categories":[14,1],"tags":[],"class_list":["post-83205","post","type-post","status-publish","format-standard","has-post-thumbnail","hentry","category-policiales","category-portada"],"jetpack_featured_media_url":"https:\/\/i0.wp.com\/cdnoticias.com\/wp-content\/uploads\/2023\/04\/rotura-comercios.jpg?fit=1913%2C1064&ssl=1","jetpack_sharing_enabled":true,"_links":{"self":[{"href":"https:\/\/cdnoticias.com\/index.php\/wp-json\/wp\/v2\/posts\/83205","targetHints":{"allow":["GET"]}}],"collection":[{"href":"https:\/\/cdnoticias.com\/index.php\/wp-json\/wp\/v2\/posts"}],"about":[{"href":"https:\/\/cdnoticias.com\/index.php\/wp-json\/wp\/v2\/types\/post"}],"author":[{"embeddable":true,"href":"https:\/\/cdnoticias.com\/index.php\/wp-json\/wp\/v2\/users\/5"}],"replies":[{"embeddable":true,"href":"https:\/\/cdnoticias.com\/index.php\/wp-json\/wp\/v2\/comments?post=83205"}],"version-history":[{"count":0,"href":"https:\/\/cdnoticias.com\/index.php\/wp-json\/wp\/v2\/posts\/83205\/revisions"}],"wp:featuredmedia":[{"embeddable":true,"href":"https:\/\/cdnoticias.com\/index.php\/wp-json\/wp\/v2\/media\/83207"}],"wp:attachment":[{"href":"https:\/\/cdnoticias.com\/index.php\/wp-json\/wp\/v2\/media?parent=83205"}],"wp:term":[{"taxonomy":"category","embeddable":true,"href":"https:\/\/cdnoticias.com\/index.php\/wp-json\/wp\/v2\/categories?post=83205"},{"taxonomy":"post_tag","embeddable":true,"href":"https:\/\/cdnoticias.com\/index.php\/wp-json\/wp\/v2\/tags?post=83205"}],"curies":[{"name":"wp","href":"https:\/\/api.w.org\/{rel}","templated":true}]}}