{"id":8317,"date":"2020-12-05T20:30:59","date_gmt":"2020-12-05T23:30:59","guid":{"rendered":"http:\/\/www.centraldenoticias.com.ar\/?p=8317"},"modified":"2020-12-05T21:08:28","modified_gmt":"2020-12-06T00:08:28","slug":"si-falta-cemento-en-la-argentina-los-culpables-no-son-los-trabajadores","status":"publish","type":"post","link":"https:\/\/cdnoticias.com\/index.php\/2020\/12\/05\/si-falta-cemento-en-la-argentina-los-culpables-no-son-los-trabajadores\/","title":{"rendered":"\u201cSi falta cemento en la Argentina los culpables no son los trabajadores\u201d"},"content":{"rendered":"<p>De esa manera el secretario general de AOMA respondi\u00f3 a Loma Negra, que afirm\u00f3 que debido a un conflicto gremial debi\u00f3 parar sus hornos.<!--more--><\/p>\n<hr \/>\n<p>En la jornada de este s\u00e1bado la planta local de Loma Negra fue noticia nacional debido a que la firma expuso que un conflicto entre el sindicato que re\u00fane a los trabajadores mineros, AOMA, y la empresa Minerar, que abastece a Loma Negra de la piedra necesaria para la fabricaci\u00f3n de cemento, <a href=\"https:\/\/cdnoticias.com\/index.php\/2020\/12\/05\/conflicto-sindical-de-aoma-obliga-a-loma-negra-a-parar-sus-hornos\/\" target=\"_blank\" rel=\"noopener\">debi\u00f3 parar sus dos hornos en Olavarr\u00eda y que en los pr\u00f3ximos d\u00edas deber\u00e1 parar el despacho de cemento.<\/a><\/p>\n<p>&nbsp;<\/p>\n<p>Quien sali\u00f3 al cruce de estas afirmaciones fue el secretario general de AOMA nacional, el sierrabayense H\u00e9ctor Laplace. El dirigente minero analiz\u00f3 la situaci\u00f3n actual, <strong>confirm\u00f3 que las negociaciones continuar\u00e1n el mi\u00e9rcoles en el Ministerio de Trabajo y record\u00f3 que hay convenios firmados que respaldan la situaci\u00f3n del Sindicato, adem\u00e1s de reclamar con firmeza el encuadramiento de los obreros de Minerar.<\/strong><\/p>\n<p>&nbsp;<\/p>\n<p><img data-recalc-dims=\"1\" loading=\"lazy\" decoding=\"async\" class=\"alignnone size-large wp-image-7526\" src=\"https:\/\/i0.wp.com\/cdnoticias.com\/wp-content\/uploads\/2020\/11\/LamaliII-Loma-Negra.jpg?resize=800%2C534&#038;ssl=1\" alt=\"\" width=\"800\" height=\"534\" srcset=\"https:\/\/i0.wp.com\/cdnoticias.com\/wp-content\/uploads\/2020\/11\/LamaliII-Loma-Negra.jpg?resize=1024%2C683&amp;ssl=1 1024w, https:\/\/i0.wp.com\/cdnoticias.com\/wp-content\/uploads\/2020\/11\/LamaliII-Loma-Negra.jpg?resize=300%2C200&amp;ssl=1 300w, https:\/\/i0.wp.com\/cdnoticias.com\/wp-content\/uploads\/2020\/11\/LamaliII-Loma-Negra.jpg?resize=768%2C512&amp;ssl=1 768w, https:\/\/i0.wp.com\/cdnoticias.com\/wp-content\/uploads\/2020\/11\/LamaliII-Loma-Negra.jpg?resize=272%2C182&amp;ssl=1 272w, https:\/\/i0.wp.com\/cdnoticias.com\/wp-content\/uploads\/2020\/11\/LamaliII-Loma-Negra.jpg?w=1600&amp;ssl=1 1600w, https:\/\/i0.wp.com\/cdnoticias.com\/wp-content\/uploads\/2020\/11\/LamaliII-Loma-Negra.jpg?w=2400&amp;ssl=1 2400w\" sizes=\"auto, (max-width: 800px) 100vw, 800px\" \/><\/p>\n<p>&nbsp;<\/p>\n<p>En la p\u00e1gina de AOMA se public\u00f3 una extensa entrevista en la que se ahond\u00f3 en numerosos aspectos y con duras declaraciones y cuestionamientos. <strong>El documento publicado en el sitio del sindicato minero:<\/strong><\/p>\n<p>&nbsp;<\/p>\n<p>No se hizo esperar la respuesta de la Asociaci\u00f3n Obrera Minera Argentina (AOMA) en este <strong>conflicto que mantiene con la empresa Loma Negra desde hace m\u00e1s de un mes, ya que la multinacional cementera \u2013due\u00f1a de Minerar, que explota la piedra que es triturada para producir cemento- no tiene intenciones de encuadrar el personal de la mencionada cantera en la rama Cemento<\/strong>. Los tiene en la rama Cal y Piedra, lo que conlleva a que los trabajadores pierdan derechos y, fundamentalmente, beneficios econ\u00f3micos, adem\u00e1s de estar encuadrados en la categor\u00eda que corresponde.<\/p>\n<p>&nbsp;<\/p>\n<p>Hace 27 d\u00edas que hubo una conciliaci\u00f3n obligatoria, que termin\u00f3 hace unos d\u00edas y el Ministerio de Trabajo de la Naci\u00f3n determin\u00f3 una pr\u00f3rroga de 5 d\u00edas m\u00e1s para encontrar una soluci\u00f3n, pero la soluci\u00f3n no llega porque <strong>Loma Negra (que tiene capitales brasile\u00f1os de Camargo Correa) no quiere reconocer lo que firm\u00f3 primero en 1989 y posteriormente en 2007, por lo que de alguna manera est\u00e1 borrando con el codo lo que escribi\u00f3 con la mano.<\/strong><\/p>\n<p>&nbsp;<\/p>\n<p>Por lo tanto <strong>H\u00e9ctor Oscar Laplace, secretario general nacional de AOMA, sali\u00f3 al cruce para responderle a la posici\u00f3n que en forma p\u00fablica mostr\u00f3 la empresa Loma Negra respecto de la situaci\u00f3n que se vive con una de sus \u201chijas menores\u201d, Minerar, y tambi\u00e9n el dirigente minero habl\u00f3 sobre distintos aspectos relacionados con este conflicto que no parece tener una salida clara y r\u00e1pida, y que ponga el orden que se exige para los trabajadores.<\/strong><\/p>\n<p>&nbsp;<\/p>\n<p><strong>\u00bfH\u00e9ctor, c\u00f3mo est\u00e1 la situaci\u00f3n en este momento?<\/strong><\/p>\n<p>&nbsp;<\/p>\n<p>La gente de Minerar, la cantera que es de Loma Negra, est\u00e1 parada en este momento. Todo esto en medio de una conciliaci\u00f3n obligatoria citada por el Ministerio de Trabajo de Naci\u00f3n el jueves pasado y que este s\u00e1bado la hemos recurrido, porque consideramos que es ilegal. Ya tuvimos un proceso de conciliaci\u00f3n y hab\u00eda terminado, y la empresa no ofert\u00f3 ninguna medida tendiente a resolver el problema de fondo, que es el encuadramiento correcto al convenio de la rama Cemento. Y desde AOMA continuaremos apoyando a los trabajadores y tambi\u00e9n a AOMA Olavarr\u00eda en esta lucha que estamos llevando a cabo.<\/p>\n<p>&nbsp;<\/p>\n<p><strong>Tema que la empresa no quiere tratar en ninguna reuni\u00f3n\u2026<\/strong><\/p>\n<p>&nbsp;<\/p>\n<p>Ellos de ese tema no quieren hablar. Tuvimos cuatro d\u00edas m\u00e1s de conciliaci\u00f3n hasta el lunes pasado y no hubo acuerdo, porque no hab\u00eda alternativa del encuadramiento. Convengamos que los trabajadores est\u00e1n perdiendo salario y tambi\u00e9n beneficios propios de la actividad del Cemento, que es la actividad que ellos desarrollan. Porque Minerar es una empresa que le brinda la piedra a Loma Negra para producir cemento. Estamos hablando de piedra caliza, que es exclusiva para Loma Negra y todas sus plantas.<\/p>\n<p>&nbsp;<\/p>\n<p><strong>Parece que el panorama no tiene v\u00edas de soluci\u00f3n\u2026<\/strong><\/p>\n<p>&nbsp;<\/p>\n<p>Hay negociaciones privadas. Hoy (s\u00e1bado) Minerar hizo un intento directo con los trabajadores en la propia cantera y los trabajadores rechazaron cualquier negociaci\u00f3n por fuera del sindicato. Por lo cual contin\u00faan las medias de fuerzas de paro total de actividades, y el mi\u00e9rcoles hay una citaci\u00f3n en el Ministerio de Trabajo de la Naci\u00f3n. Ah\u00ed va a estar AOMA nacional y la Seccional Olavarr\u00eda, con la gente de Loma Negra y Minerar, obviamente, para u nuevo encuentro y ver si encontramos la soluci\u00f3n.<\/p>\n<p>&nbsp;<\/p>\n<p><strong>Llama la atenci\u00f3n la suspensi\u00f3n de los trabajadores\u2026<\/strong><\/p>\n<p>&nbsp;<\/p>\n<p>Fue una jugarreta armada por la propia empresa Minerar. Porque cuando est\u00e1bamos en la conciliaci\u00f3n voluntaria, suspendieron 12 trabajadores por diez d\u00edas a cada uno.\u00a0 Con este argumento solicitaron al Ministerio de Trabajo que tome cartas en el asunto y en este caso el Ministerio, con esta nueva argumentaci\u00f3n, aplic\u00f3 nuevamente la conciliaci\u00f3n. Fue para ganar tiempo, pero sin negociar las cuestiones de fondo. Quisieron cambiar el eje de la negociaci\u00f3n, cosa que hemos rechazado y ante las suspensiones se tom\u00f3 la decisi\u00f3n, en asamblea con los trabajadores, de no entrar a trabajar hasta tanto se resuelven los problemas existentes. Situaci\u00f3n que hoy perdura.<\/p>\n<p>&nbsp;<\/p>\n<p><strong>Tambi\u00e9n el Ministerio pareci\u00f3 tomar partido por la empresa<\/strong><\/p>\n<p>&nbsp;<\/p>\n<p>El Ministerio, por su posici\u00f3n en primera instancia y teniendo en cuenta el comunicado que ha sacado Loma Negra este s\u00e1bado, queda claro que la jugarreta pol\u00edtica es muy evidente. Se pretende culpar a los trabajadores de la falta de cemento en la Argentina y no es as\u00ed. En primer lugar manifiesto que es algo totalmente incorrecto, y hay una segunda situaci\u00f3n a tener en cuenta y es que estamos en una pandemia, que en la propia planta de Loma Negra tenemos casi 50 trabajadores privados de ir a prestar servicio producto de contagios, porque hay contactos estrechos y hay personal de riesgo, lo que motiva que -por ejemplo- un sector como la embolsadora \u2013en la que normalmente trabajan 22 personas- hoy estemos con 8, 10 o 13 personas, por lo cual es indudable que no se puede alcanzar el ritmo de despacho con esa disminuci\u00f3n de personal. Y al margen de ello, manifiesto que el problema de falta de cemento en el mercado no es por falta de provisi\u00f3n de los establecimientos cementeros de la Argentina, m\u00e1s bien habr\u00eda que revisar la cadena de comercializaci\u00f3n para ver qui\u00e9n se queda con la producci\u00f3n y el despacho actual de bolsas de cemento que casi que alcanzan una s\u00faper producci\u00f3n y despacho que est\u00e1 hoy como en los mejores momentos. Cemento a granel es diferente, ya que est\u00e1 en un 40 por ciento menos porque nos falta obra p\u00fablica.<\/p>\n<p>&nbsp;<\/p>\n<p><strong>Loma Negra, en el comunicado que dio a conocer este s\u00e1bado, culpa a los trabajadores<\/strong><\/p>\n<p>&nbsp;<\/p>\n<p>En el comunicado de Loma Negra llama la atenci\u00f3n que denuncia a sus propios trabajadores y a dirigentes sindicales. Pero en ese extenso comunicado en ning\u00fan lado pone algo sobre la precarizaci\u00f3n pretendida para con esos propios trabajadores, que lleva a cabo a trav\u00e9s de contrataciones y subcontrataciones. S\u00f3lo basta ver los n\u00fameros de costos laborales que tiene Loma Negra con otros grupos empresarios de la Argentina -n\u00fameros que por otra parte son p\u00fablicos- para darse cuenta de la precarizaci\u00f3n que lleva adelante este grupo empresario. Aoma lo que busca es lo que por ley le corresponde: la aplicaci\u00f3n del convenio de la actividad. Convenio, inclusive, firmado por la empresa en el a\u00f1o 1989 y homologado por la autoridad administrativa de Trabajo. Y ahora Loma Negra lo desconoce. O pretende desconocer. Adem\u00e1s de esto, es un convenio firmado entre la Asociaci\u00f3n Fabricantes de Cemento Portland y AOMA en 2007, en el que se comprometieron a la destercerizaci\u00f3n de los puestos permanentes, tambi\u00e9n rubricado por la empresa Loma Negra que hoy pretende desconocer. En conclusi\u00f3n, si falta cemento en la Argentina los culpables no son los trabajadores.<\/p>\n<p>&nbsp;<\/p>\n<p><em><a href=\"http:\/\/aoma-olavarria.com.ar\/laplace-le-responde-a-loma-negra-si-falta-cemento-en-la-argentina-los-culpables-no-son-los-trabajadores\/\" target=\"_blank\" rel=\"noopener\">Fuente AOMA<\/a><\/em><\/p>\n","protected":false},"excerpt":{"rendered":"<p>De esa manera el secretario general de AOMA respondi\u00f3 a Loma Negra, que afirm\u00f3 que debido a un conflicto gremial<\/p>\n","protected":false},"author":3,"featured_media":8322,"comment_status":"closed","ping_status":"closed","sticky":false,"template":"","format":"standard","meta":{"_jetpack_memberships_contains_paid_content":false,"footnotes":""},"categories":[5,1],"tags":[],"class_list":["post-8317","post","type-post","status-publish","format-standard","has-post-thumbnail","hentry","category-informacion-general","category-portada"],"jetpack_featured_media_url":"https:\/\/i0.wp.com\/cdnoticias.com\/wp-content\/uploads\/2020\/12\/LAPLACE-696x463.jpg?fit=696%2C463&ssl=1","jetpack_sharing_enabled":true,"_links":{"self":[{"href":"https:\/\/cdnoticias.com\/index.php\/wp-json\/wp\/v2\/posts\/8317","targetHints":{"allow":["GET"]}}],"collection":[{"href":"https:\/\/cdnoticias.com\/index.php\/wp-json\/wp\/v2\/posts"}],"about":[{"href":"https:\/\/cdnoticias.com\/index.php\/wp-json\/wp\/v2\/types\/post"}],"author":[{"embeddable":true,"href":"https:\/\/cdnoticias.com\/index.php\/wp-json\/wp\/v2\/users\/3"}],"replies":[{"embeddable":true,"href":"https:\/\/cdnoticias.com\/index.php\/wp-json\/wp\/v2\/comments?post=8317"}],"version-history":[{"count":0,"href":"https:\/\/cdnoticias.com\/index.php\/wp-json\/wp\/v2\/posts\/8317\/revisions"}],"wp:featuredmedia":[{"embeddable":true,"href":"https:\/\/cdnoticias.com\/index.php\/wp-json\/wp\/v2\/media\/8322"}],"wp:attachment":[{"href":"https:\/\/cdnoticias.com\/index.php\/wp-json\/wp\/v2\/media?parent=8317"}],"wp:term":[{"taxonomy":"category","embeddable":true,"href":"https:\/\/cdnoticias.com\/index.php\/wp-json\/wp\/v2\/categories?post=8317"},{"taxonomy":"post_tag","embeddable":true,"href":"https:\/\/cdnoticias.com\/index.php\/wp-json\/wp\/v2\/tags?post=8317"}],"curies":[{"name":"wp","href":"https:\/\/api.w.org\/{rel}","templated":true}]}}