{"id":83166,"date":"2023-04-23T19:56:52","date_gmt":"2023-04-23T22:56:52","guid":{"rendered":"https:\/\/www.centraldenoticias.com.ar\/?p=83166"},"modified":"2023-04-23T19:56:52","modified_gmt":"2023-04-23T22:56:52","slug":"para-mejorar-el-transito-lomadas-y-senalizacion-en-calles-y-puentes-de-colonia-nievas","status":"publish","type":"post","link":"https:\/\/cdnoticias.com\/index.php\/2023\/04\/23\/para-mejorar-el-transito-lomadas-y-senalizacion-en-calles-y-puentes-de-colonia-nievas\/","title":{"rendered":"Para mejorar el tr\u00e1nsito: lomadas y se\u00f1alizaci\u00f3n en calles y puentes de Colonia Nievas"},"content":{"rendered":"<p>Las obras se concretaron en cinco puntos, entre ellos la calle de ingreso a la localidad, zona de la Escuela y de la Capilla. Adem\u00e1s personal municipal coloc\u00f3 carteler\u00eda preventiva.<\/p>\n<p><!--more--><\/p>\n<hr \/>\n<p>La semana anterior <strong>se reunieron en Colonia Nievas<\/strong> un grupo de<strong> vecinos, representantes de la Sociedad de Fomento y del Grupo de Capilla<\/strong> con el <strong>Director de Acci\u00f3n y Control Urbano municipal, Gustavo Spaltro<\/strong>, y el <strong>director de\u00a0 Seguridad Vial, Agust\u00edn Falivene<\/strong>.<\/p>\n<p>&nbsp;<\/p>\n<p>En ese marco, se realiz\u00f3 una recorrida y se trat\u00f3 sobre la<strong> instalaci\u00f3n de lomadas<\/strong> en distintas calles y en zona del puente adem\u00e1s de la colocaci\u00f3n de carteler\u00eda preventiva.<\/p>\n<p>&nbsp;<\/p>\n<p><img data-recalc-dims=\"1\" loading=\"lazy\" decoding=\"async\" class=\"size-full wp-image-83167 aligncenter\" src=\"https:\/\/i0.wp.com\/cdnoticias.com\/wp-content\/uploads\/2023\/04\/colonia-nievas-lomadas-1.jpg?resize=800%2C450&#038;ssl=1\" alt=\"\" width=\"800\" height=\"450\" srcset=\"https:\/\/i0.wp.com\/cdnoticias.com\/wp-content\/uploads\/2023\/04\/colonia-nievas-lomadas-1.jpg?w=800&amp;ssl=1 800w, https:\/\/i0.wp.com\/cdnoticias.com\/wp-content\/uploads\/2023\/04\/colonia-nievas-lomadas-1.jpg?resize=300%2C169&amp;ssl=1 300w, https:\/\/i0.wp.com\/cdnoticias.com\/wp-content\/uploads\/2023\/04\/colonia-nievas-lomadas-1.jpg?resize=768%2C432&amp;ssl=1 768w\" sizes=\"auto, (max-width: 800px) 100vw, 800px\" \/><\/p>\n<p>&nbsp;<\/p>\n<blockquote><p>\u201cEsta necesidad era algo que ven\u00eda preocupando a los vecinos de Nievas dado que los veh\u00edculos que atraviesan el pueblo lo hacen a una velocidad que no es apropiada para las caracter\u00edsticas de esta comunidad, ya que por tratarse de zona rural, es habitual que circulen personas a veces con sus mascotas o jueguen ni\u00f1os en cercan\u00edas o por las mismas calles\u201d se dio a conocer desde el Grupo de la Capilla de esa localidad.<\/p><\/blockquote>\n<p>&nbsp;<\/p>\n<p>Se tuvo en cuenta que <strong>la Sociedad de Fomento hab\u00eda presentado este requerimiento el a\u00f1o anterior<\/strong>, el cual hab\u00eda quedado en suspenso. Este a\u00f1o, a trav\u00e9s de gesti\u00f3n del concejal Carlos Coscia la solicitud fue reflotada, lo que llev\u00f3 a que se concretara la reuni\u00f3n.<\/p>\n<p>&nbsp;<\/p>\n<p><img data-recalc-dims=\"1\" loading=\"lazy\" decoding=\"async\" class=\"size-full wp-image-83169 aligncenter\" src=\"https:\/\/i0.wp.com\/cdnoticias.com\/wp-content\/uploads\/2023\/04\/colonia-nievas-lomadas-3.jpg?resize=450%2C479&#038;ssl=1\" alt=\"\" width=\"450\" height=\"479\" srcset=\"https:\/\/i0.wp.com\/cdnoticias.com\/wp-content\/uploads\/2023\/04\/colonia-nievas-lomadas-3.jpg?w=450&amp;ssl=1 450w, https:\/\/i0.wp.com\/cdnoticias.com\/wp-content\/uploads\/2023\/04\/colonia-nievas-lomadas-3.jpg?resize=282%2C300&amp;ssl=1 282w\" sizes=\"auto, (max-width: 450px) 100vw, 450px\" \/><\/p>\n<p>&nbsp;<\/p>\n<p>Se destac\u00f3 que tras ese encuentro, <em>\u201ceste jueves, los funcionarios Spaltro y Falivene dispusieron que se realicen los trabajos\u201d<\/em>.<\/p>\n<p>&nbsp;<\/p>\n<blockquote><p>Las tareas que se llevaron adelante fueron la construcci\u00f3n de lomadas para reducir velocidad de tr\u00e1nsito en calle de ingreso, zona de la Escuela y de la Capilla, sector de \u201cLa Emilse\u201d y bajada del Puente \u201cAlem\u201d; y adem\u00e1s el personal municipal coloc\u00f3 carteles preventivos de dichas lomadas y del puente.<\/p><\/blockquote>\n<p>&nbsp;<\/p>\n<p>\u201cDesde el Grupo Capilla Colonia Nievas agradecemos profundamente a todas las personas que hicieron posible que se pudieran realizar estos trabajos\u201d se indic\u00f3.<\/p>\n<p>&nbsp;<\/p>\n<p><img data-recalc-dims=\"1\" loading=\"lazy\" decoding=\"async\" class=\"size-full wp-image-83168 aligncenter\" src=\"https:\/\/i0.wp.com\/cdnoticias.com\/wp-content\/uploads\/2023\/04\/colonia-nievas-lomadas-2.jpg?resize=800%2C445&#038;ssl=1\" alt=\"\" width=\"800\" height=\"445\" srcset=\"https:\/\/i0.wp.com\/cdnoticias.com\/wp-content\/uploads\/2023\/04\/colonia-nievas-lomadas-2.jpg?w=800&amp;ssl=1 800w, https:\/\/i0.wp.com\/cdnoticias.com\/wp-content\/uploads\/2023\/04\/colonia-nievas-lomadas-2.jpg?resize=300%2C167&amp;ssl=1 300w, https:\/\/i0.wp.com\/cdnoticias.com\/wp-content\/uploads\/2023\/04\/colonia-nievas-lomadas-2.jpg?resize=768%2C427&amp;ssl=1 768w\" sizes=\"auto, (max-width: 800px) 100vw, 800px\" \/><\/p>\n<p>&nbsp;<\/p>\n","protected":false},"excerpt":{"rendered":"<p>Las obras se concretaron en cinco puntos, entre ellos la calle de ingreso a la localidad, zona de la Escuela<\/p>\n","protected":false},"author":4,"featured_media":83170,"comment_status":"closed","ping_status":"closed","sticky":false,"template":"","format":"standard","meta":{"_jetpack_memberships_contains_paid_content":false,"footnotes":""},"categories":[5,1],"tags":[],"class_list":["post-83166","post","type-post","status-publish","format-standard","has-post-thumbnail","hentry","category-informacion-general","category-portada"],"jetpack_featured_media_url":"https:\/\/i0.wp.com\/cdnoticias.com\/wp-content\/uploads\/2023\/04\/colonia-nievas-lomadas-4.jpg?fit=800%2C445&ssl=1","jetpack_sharing_enabled":true,"_links":{"self":[{"href":"https:\/\/cdnoticias.com\/index.php\/wp-json\/wp\/v2\/posts\/83166","targetHints":{"allow":["GET"]}}],"collection":[{"href":"https:\/\/cdnoticias.com\/index.php\/wp-json\/wp\/v2\/posts"}],"about":[{"href":"https:\/\/cdnoticias.com\/index.php\/wp-json\/wp\/v2\/types\/post"}],"author":[{"embeddable":true,"href":"https:\/\/cdnoticias.com\/index.php\/wp-json\/wp\/v2\/users\/4"}],"replies":[{"embeddable":true,"href":"https:\/\/cdnoticias.com\/index.php\/wp-json\/wp\/v2\/comments?post=83166"}],"version-history":[{"count":0,"href":"https:\/\/cdnoticias.com\/index.php\/wp-json\/wp\/v2\/posts\/83166\/revisions"}],"wp:featuredmedia":[{"embeddable":true,"href":"https:\/\/cdnoticias.com\/index.php\/wp-json\/wp\/v2\/media\/83170"}],"wp:attachment":[{"href":"https:\/\/cdnoticias.com\/index.php\/wp-json\/wp\/v2\/media?parent=83166"}],"wp:term":[{"taxonomy":"category","embeddable":true,"href":"https:\/\/cdnoticias.com\/index.php\/wp-json\/wp\/v2\/categories?post=83166"},{"taxonomy":"post_tag","embeddable":true,"href":"https:\/\/cdnoticias.com\/index.php\/wp-json\/wp\/v2\/tags?post=83166"}],"curies":[{"name":"wp","href":"https:\/\/api.w.org\/{rel}","templated":true}]}}