{"id":83158,"date":"2023-04-23T19:33:57","date_gmt":"2023-04-23T22:33:57","guid":{"rendered":"https:\/\/www.centraldenoticias.com.ar\/?p=83158"},"modified":"2023-04-23T19:33:57","modified_gmt":"2023-04-23T22:33:57","slug":"concejales-de-juntos-mas-mujeres-es-mejor-politica-sin-dudas","status":"publish","type":"post","link":"https:\/\/cdnoticias.com\/index.php\/2023\/04\/23\/concejales-de-juntos-mas-mujeres-es-mejor-politica-sin-dudas\/","title":{"rendered":"Concejales de Juntos: &#8220;M\u00e1s mujeres es mejor pol\u00edtica, sin dudas&#8221;"},"content":{"rendered":"<p>Las ediles participaron del Encuentro Provincial de Mujeres PRO que tuvo a Olavarr\u00eda como sede junto a referentes de todas las secciones electorales y legisladoras provinciales y nacionales.<\/p>\n<p><!--more--><\/p>\n<hr \/>\n<p>Este s\u00e1bado <strong>las concejales del bloque Juntos participaron del <a href=\"https:\/\/cdnoticias.com\/index.php\/2023\/04\/22\/estamos-todas-muy-preparadas-y-listas-para-esta-batalla-que-hay-que-dar-en-la-calle\/\" target=\"_blank\" rel=\"noopener\">Encuentro Provincial de Mujeres PRO<\/a>,<\/strong> que reuni\u00f3 en nuestra ciudad a referentes pol\u00edticas de m\u00e1s de 50 ciudades de la Provincia de Buenos Aires. Se trat\u00f3 del segundo encuentro del a\u00f1o, siendo el primero en la ciudad de La Plata.<\/p>\n<p>&nbsp;<\/p>\n<p>El evento convoc\u00f3 a <strong>cerca de 200 mujeres<\/strong>, con paneles que incluyeron a <strong>tres olavarrienses \u201cprotagonistas\u201d<\/strong> que se destacan cada una de ellas en \u00e1mbitos t\u00edpicamente masculinos, que siguieron su vocaci\u00f3n y lucharon por su espacio.<\/p>\n<p>&nbsp;<\/p>\n<p><img data-recalc-dims=\"1\" loading=\"lazy\" decoding=\"async\" class=\"size-full wp-image-83159 aligncenter\" src=\"https:\/\/i0.wp.com\/cdnoticias.com\/wp-content\/uploads\/2023\/04\/encuentro-de-mujeres-pro-HCD-0.jpg?resize=800%2C445&#038;ssl=1\" alt=\"\" width=\"800\" height=\"445\" srcset=\"https:\/\/i0.wp.com\/cdnoticias.com\/wp-content\/uploads\/2023\/04\/encuentro-de-mujeres-pro-HCD-0.jpg?w=800&amp;ssl=1 800w, https:\/\/i0.wp.com\/cdnoticias.com\/wp-content\/uploads\/2023\/04\/encuentro-de-mujeres-pro-HCD-0.jpg?resize=300%2C167&amp;ssl=1 300w, https:\/\/i0.wp.com\/cdnoticias.com\/wp-content\/uploads\/2023\/04\/encuentro-de-mujeres-pro-HCD-0.jpg?resize=768%2C427&amp;ssl=1 768w\" sizes=\"auto, (max-width: 800px) 100vw, 800px\" \/><\/p>\n<p>&nbsp;<\/p>\n<blockquote><p>La concejal Guillermina Amespil remarc\u00f3 \u201cel orgullo de que Olavarr\u00eda sea epicentro de este encuentro, con mujeres representantes de todas las secciones electorales\u201d. En el marco de una de las actividades, la edil convoc\u00f3 a las presentes a\u00a0 enfocarse \u201cen los sue\u00f1os, porque cumplirlos nos va a hacer una sociedad m\u00e1s justa, m\u00e1s igualitaria, mucho m\u00e1s sana\u201d.<\/p><\/blockquote>\n<p>&nbsp;<\/p>\n<p>En tanto, detall\u00f3 que desde Mujeres PRO se busca transmitir el mensaje de que <strong>&#8220;no podemos avanzar todos si a la mitad nos dejan atr\u00e1s.<\/strong> Somos parte del futuro y del presente, hay que pensar en el pa\u00eds que queremos, hay que trabajar para eso, y cuantas m\u00e1s seamos, mejor. Porque m\u00e1s mujeres es mejor pol\u00edtica, sin dudas&#8221;.<\/p>\n<p>&nbsp;<\/p>\n<p><img data-recalc-dims=\"1\" loading=\"lazy\" decoding=\"async\" class=\"size-full wp-image-83161 aligncenter\" src=\"https:\/\/i0.wp.com\/cdnoticias.com\/wp-content\/uploads\/2023\/04\/encuentro-de-mujeres-pro-HCD-2.jpg?resize=800%2C445&#038;ssl=1\" alt=\"\" width=\"800\" height=\"445\" srcset=\"https:\/\/i0.wp.com\/cdnoticias.com\/wp-content\/uploads\/2023\/04\/encuentro-de-mujeres-pro-HCD-2.jpg?w=800&amp;ssl=1 800w, https:\/\/i0.wp.com\/cdnoticias.com\/wp-content\/uploads\/2023\/04\/encuentro-de-mujeres-pro-HCD-2.jpg?resize=300%2C167&amp;ssl=1 300w, https:\/\/i0.wp.com\/cdnoticias.com\/wp-content\/uploads\/2023\/04\/encuentro-de-mujeres-pro-HCD-2.jpg?resize=768%2C427&amp;ssl=1 768w\" sizes=\"auto, (max-width: 800px) 100vw, 800px\" \/><\/p>\n<p>&nbsp;<\/p>\n<p>Por su parte, la <strong>concejal Cecilia Krivochen<\/strong> destac\u00f3 que \u201choy estamos ac\u00e1, sumando, sin barreras, todas juntas unidas por el pa\u00eds, la provincia y las ciudades que queremos y so\u00f1amos en el futuro\u201d.<strong> \u201cCon pasos grandes o peque\u00f1os, siempre avancemos\u201d<\/strong>, concluy\u00f3.<\/p>\n<p>&nbsp;<\/p>\n<p>La \u00faltima actividad consisti\u00f3 en <strong>dos paneles pol\u00edticos<\/strong> integrados por las<em> legisladoras provinciales y nacionales Abigail Gomez, Lorena Petrovich, Florencia Retamoso, Maria Sotolano, Gladys Gonzalez, Daniela Reich y Silvia Lospennato<\/em> que compartieron su experiencia y el camino recorrido hasta la actualidad, acompa\u00f1adas en el cierre por el intendente municipal Ezequiel Galli. La jornada culmin\u00f3 con una <a href=\"https:\/\/cdnoticias.com\/index.php\/2023\/04\/23\/la-diputada-nacional-silvia-lospennato-paso-por-el-instituto-republica\/\" target=\"_blank\" rel=\"noopener\">charla debate con la diputada Nacional Silvia Lospennato<\/a> en la sede regional Olavarr\u00eda del Instituto Rep\u00fablica.<\/p>\n<p>&nbsp;<\/p>\n","protected":false},"excerpt":{"rendered":"<p>Las ediles participaron del Encuentro Provincial de Mujeres PRO que tuvo a Olavarr\u00eda como sede junto a referentes de todas<\/p>\n","protected":false},"author":4,"featured_media":83160,"comment_status":"closed","ping_status":"closed","sticky":false,"template":"","format":"standard","meta":{"_jetpack_memberships_contains_paid_content":false,"footnotes":""},"categories":[4,1],"tags":[],"class_list":["post-83158","post","type-post","status-publish","format-standard","has-post-thumbnail","hentry","category-politica","category-portada"],"jetpack_featured_media_url":"https:\/\/i0.wp.com\/cdnoticias.com\/wp-content\/uploads\/2023\/04\/encuentro-de-mujeres-pro-HCD-1.jpg?fit=800%2C445&ssl=1","jetpack_sharing_enabled":true,"_links":{"self":[{"href":"https:\/\/cdnoticias.com\/index.php\/wp-json\/wp\/v2\/posts\/83158","targetHints":{"allow":["GET"]}}],"collection":[{"href":"https:\/\/cdnoticias.com\/index.php\/wp-json\/wp\/v2\/posts"}],"about":[{"href":"https:\/\/cdnoticias.com\/index.php\/wp-json\/wp\/v2\/types\/post"}],"author":[{"embeddable":true,"href":"https:\/\/cdnoticias.com\/index.php\/wp-json\/wp\/v2\/users\/4"}],"replies":[{"embeddable":true,"href":"https:\/\/cdnoticias.com\/index.php\/wp-json\/wp\/v2\/comments?post=83158"}],"version-history":[{"count":0,"href":"https:\/\/cdnoticias.com\/index.php\/wp-json\/wp\/v2\/posts\/83158\/revisions"}],"wp:featuredmedia":[{"embeddable":true,"href":"https:\/\/cdnoticias.com\/index.php\/wp-json\/wp\/v2\/media\/83160"}],"wp:attachment":[{"href":"https:\/\/cdnoticias.com\/index.php\/wp-json\/wp\/v2\/media?parent=83158"}],"wp:term":[{"taxonomy":"category","embeddable":true,"href":"https:\/\/cdnoticias.com\/index.php\/wp-json\/wp\/v2\/categories?post=83158"},{"taxonomy":"post_tag","embeddable":true,"href":"https:\/\/cdnoticias.com\/index.php\/wp-json\/wp\/v2\/tags?post=83158"}],"curies":[{"name":"wp","href":"https:\/\/api.w.org\/{rel}","templated":true}]}}