{"id":8315,"date":"2020-12-05T21:05:34","date_gmt":"2020-12-06T00:05:34","guid":{"rendered":"http:\/\/www.centraldenoticias.com.ar\/?p=8315"},"modified":"2020-12-06T09:25:19","modified_gmt":"2020-12-06T12:25:19","slug":"un-fotografo-local-protagonizo-un-violento-vuelco-en-la-ruta-nacional-3","status":"publish","type":"post","link":"https:\/\/cdnoticias.com\/index.php\/2020\/12\/05\/un-fotografo-local-protagonizo-un-violento-vuelco-en-la-ruta-nacional-3\/","title":{"rendered":"Un fot\u00f3grafo local protagoniz\u00f3 un violento vuelco en la Ruta Nacional 3"},"content":{"rendered":"<p>Ocurri\u00f3 a primera hora de la tarde cerca de Chillar. Si bien fue trasladado al Hospital Municipal olavarriense, sufri\u00f3 lesiones de menor car\u00e1cter.<\/p>\n<p><!--more--><\/p>\n<hr \/>\n<p>En el inicio de la tarde de este s\u00e1bado el fot\u00f3grafo olavarriense Enrique \u201cPaco\u201d Zelaya protagoniz\u00f3 <strong>un violento siniestro vial sobre la Ruta Nacional N\u00b0 3, en las cercan\u00edas de Chillar, donde el auto que guiaba se despist\u00f3 y volc\u00f3.<\/strong><\/p>\n<p>&nbsp;<\/p>\n<p><img data-recalc-dims=\"1\" loading=\"lazy\" decoding=\"async\" class=\"alignnone size-full wp-image-8321\" src=\"https:\/\/i0.wp.com\/cdnoticias.com\/wp-content\/uploads\/2020\/12\/Paco.jpg?resize=800%2C468&#038;ssl=1\" alt=\"\" width=\"800\" height=\"468\" srcset=\"https:\/\/i0.wp.com\/cdnoticias.com\/wp-content\/uploads\/2020\/12\/Paco.jpg?w=940&amp;ssl=1 940w, https:\/\/i0.wp.com\/cdnoticias.com\/wp-content\/uploads\/2020\/12\/Paco.jpg?resize=300%2C176&amp;ssl=1 300w, https:\/\/i0.wp.com\/cdnoticias.com\/wp-content\/uploads\/2020\/12\/Paco.jpg?resize=768%2C449&amp;ssl=1 768w\" sizes=\"auto, (max-width: 800px) 100vw, 800px\" \/><\/p>\n<p>&nbsp;<\/p>\n<p>De acuerdo con lo que se detall\u00f3 a Central de Noticias, todo se registr\u00f3 alrededor \u00a0de las 14.30 sobre el kil\u00f3metro 351, en donde en condiciones que son materia de estudio <strong>el Chevrolet Corsa guiada por el olavarriense, que circulaba con direcci\u00f3n hacia Monte Hermoso, se fue hacia una de las banquinas, donde protagoniz\u00f3 un vuelco.<\/strong><\/p>\n<p>&nbsp;<\/p>\n<p><img data-recalc-dims=\"1\" loading=\"lazy\" decoding=\"async\" class=\"alignnone size-full wp-image-8320\" src=\"https:\/\/i0.wp.com\/cdnoticias.com\/wp-content\/uploads\/2020\/12\/Paco02.jpg?resize=800%2C488&#038;ssl=1\" alt=\"\" width=\"800\" height=\"488\" srcset=\"https:\/\/i0.wp.com\/cdnoticias.com\/wp-content\/uploads\/2020\/12\/Paco02.jpg?w=901&amp;ssl=1 901w, https:\/\/i0.wp.com\/cdnoticias.com\/wp-content\/uploads\/2020\/12\/Paco02.jpg?resize=300%2C183&amp;ssl=1 300w, https:\/\/i0.wp.com\/cdnoticias.com\/wp-content\/uploads\/2020\/12\/Paco02.jpg?resize=768%2C469&amp;ssl=1 768w\" sizes=\"auto, (max-width: 800px) 100vw, 800px\" \/><\/p>\n<p>&nbsp;<\/p>\n<p><strong>Fue auxiliado en el lugar y trasladado al Hospital Municipal de nuestra ciudad, donde se corrobor\u00f3 que no registr\u00f3 lesiones de mayor car\u00e1cter, al punto que no fue necesario el inicio de actuaciones de oficio y de rigor desde la polic\u00eda<\/strong>.Inclusive, sobre el cierre de la tarde se afirm\u00f3 que ya habr\u00eda recibido el alta m\u00e9dica.<\/p>\n<p>&nbsp;<\/p>\n<p><img data-recalc-dims=\"1\" loading=\"lazy\" decoding=\"async\" class=\"alignnone size-full wp-image-8318\" src=\"https:\/\/i0.wp.com\/cdnoticias.com\/wp-content\/uploads\/2020\/12\/Paco04.jpg?resize=800%2C460&#038;ssl=1\" alt=\"\" width=\"800\" height=\"460\" srcset=\"https:\/\/i0.wp.com\/cdnoticias.com\/wp-content\/uploads\/2020\/12\/Paco04.jpg?w=956&amp;ssl=1 956w, https:\/\/i0.wp.com\/cdnoticias.com\/wp-content\/uploads\/2020\/12\/Paco04.jpg?resize=300%2C173&amp;ssl=1 300w, https:\/\/i0.wp.com\/cdnoticias.com\/wp-content\/uploads\/2020\/12\/Paco04.jpg?resize=768%2C442&amp;ssl=1 768w\" sizes=\"auto, (max-width: 800px) 100vw, 800px\" \/><\/p>\n<p>&nbsp;<\/p>\n<p>No obstante, por precauci\u00f3n y asistencia de la v\u00edctima <strong>concurri\u00f3 al lugar de los hechos personal policial de Chillar.<\/strong><\/p>\n","protected":false},"excerpt":{"rendered":"<p>Ocurri\u00f3 a primera hora de la tarde cerca de Chillar. Si bien fue trasladado al Hospital Municipal olavarriense, sufri\u00f3 lesiones<\/p>\n","protected":false},"author":3,"featured_media":8319,"comment_status":"closed","ping_status":"closed","sticky":false,"template":"","format":"standard","meta":{"_jetpack_memberships_contains_paid_content":false,"footnotes":""},"categories":[14,1],"tags":[],"class_list":["post-8315","post","type-post","status-publish","format-standard","has-post-thumbnail","hentry","category-policiales","category-portada"],"jetpack_featured_media_url":"https:\/\/i0.wp.com\/cdnoticias.com\/wp-content\/uploads\/2020\/12\/Paco03.jpg?fit=872%2C550&ssl=1","jetpack_sharing_enabled":true,"_links":{"self":[{"href":"https:\/\/cdnoticias.com\/index.php\/wp-json\/wp\/v2\/posts\/8315","targetHints":{"allow":["GET"]}}],"collection":[{"href":"https:\/\/cdnoticias.com\/index.php\/wp-json\/wp\/v2\/posts"}],"about":[{"href":"https:\/\/cdnoticias.com\/index.php\/wp-json\/wp\/v2\/types\/post"}],"author":[{"embeddable":true,"href":"https:\/\/cdnoticias.com\/index.php\/wp-json\/wp\/v2\/users\/3"}],"replies":[{"embeddable":true,"href":"https:\/\/cdnoticias.com\/index.php\/wp-json\/wp\/v2\/comments?post=8315"}],"version-history":[{"count":0,"href":"https:\/\/cdnoticias.com\/index.php\/wp-json\/wp\/v2\/posts\/8315\/revisions"}],"wp:featuredmedia":[{"embeddable":true,"href":"https:\/\/cdnoticias.com\/index.php\/wp-json\/wp\/v2\/media\/8319"}],"wp:attachment":[{"href":"https:\/\/cdnoticias.com\/index.php\/wp-json\/wp\/v2\/media?parent=8315"}],"wp:term":[{"taxonomy":"category","embeddable":true,"href":"https:\/\/cdnoticias.com\/index.php\/wp-json\/wp\/v2\/categories?post=8315"},{"taxonomy":"post_tag","embeddable":true,"href":"https:\/\/cdnoticias.com\/index.php\/wp-json\/wp\/v2\/tags?post=8315"}],"curies":[{"name":"wp","href":"https:\/\/api.w.org\/{rel}","templated":true}]}}