{"id":83032,"date":"2023-04-22T17:30:33","date_gmt":"2023-04-22T20:30:33","guid":{"rendered":"https:\/\/www.centraldenoticias.com.ar\/?p=83032"},"modified":"2023-04-22T20:27:48","modified_gmt":"2023-04-22T23:27:48","slug":"estamos-todas-muy-preparadas-y-listas-para-esta-batalla-que-hay-que-dar-en-la-calle","status":"publish","type":"post","link":"https:\/\/cdnoticias.com\/index.php\/2023\/04\/22\/estamos-todas-muy-preparadas-y-listas-para-esta-batalla-que-hay-que-dar-en-la-calle\/","title":{"rendered":"&#8220;Estamos todas muy preparadas y listas para esta batalla que hay que dar en la calle&#8221;"},"content":{"rendered":"<p>Lo afirm\u00f3 Cecilia Krivochen, presidenta del HCD, en el encuentro provincial de Mujeres PRO que se realiz\u00f3 este s\u00e1bado. Adem\u00e1s se\u00f1al\u00f3 que &#8220;siempre es bueno reforzar estos v\u00ednculos que las mujeres de la provincia venimos haciendo hace a\u00f1os&#8221;. <!--more--><\/p>\n<hr \/>\n<p>Este s\u00e1bado por la ma\u00f1ana se realiz\u00f3 el<strong> encuentro provincial de Mujeres PRO<\/strong> en un predio ubicado en Rend\u00f3n al 5100, al cual asistieron representantes y militantes de todas las secciones electorales.<\/p>\n<p>&nbsp;<\/p>\n<p>Al respecto, la <strong>presidenta del HCD, Cecilia Krivochen<\/strong>, afirm\u00f3 que <strong>&#8220;el balance del encuentro es muy positivo<\/strong>. Vinieron muchas m\u00e1s mujeres de las que estaban registradas as\u00ed que tenemos m\u00e1s de 50 ciudades que se acercaron a Olavarr\u00eda, desde bah\u00eda blanca hasta ciudades de la costa. M\u00e1s all\u00e1 de los debates y los paneles, <strong>siempre es bueno reforzar estos v\u00ednculos que las mujeres de la provincia venimos haciendo hace a\u00f1os&#8221;.<\/strong><\/p>\n<p>&nbsp;<\/p>\n<p><img data-recalc-dims=\"1\" loading=\"lazy\" decoding=\"async\" class=\"aligncenter wp-image-83024 size-full\" src=\"https:\/\/i0.wp.com\/cdnoticias.com\/wp-content\/uploads\/2023\/04\/encuentro-de-mujeres-pro-05.jpg?resize=800%2C445&#038;ssl=1\" alt=\"\" width=\"800\" height=\"445\" srcset=\"https:\/\/i0.wp.com\/cdnoticias.com\/wp-content\/uploads\/2023\/04\/encuentro-de-mujeres-pro-05.jpg?w=800&amp;ssl=1 800w, https:\/\/i0.wp.com\/cdnoticias.com\/wp-content\/uploads\/2023\/04\/encuentro-de-mujeres-pro-05.jpg?resize=300%2C167&amp;ssl=1 300w, https:\/\/i0.wp.com\/cdnoticias.com\/wp-content\/uploads\/2023\/04\/encuentro-de-mujeres-pro-05.jpg?resize=768%2C427&amp;ssl=1 768w\" sizes=\"auto, (max-width: 800px) 100vw, 800px\" \/><\/p>\n<p>&nbsp;<\/p>\n<blockquote><p>Adem\u00e1s agreg\u00f3 que &#8220;los desaf\u00edos est\u00e1n planteados. Las mujeres sabemos muy bien que tenemos que estar juntas caminando la calle logrando que muchas m\u00e1s mujeres puedan acceder a estos lugares de decisi\u00f3n y de poder, pero m\u00e1s que nada mirarnos a la cara, reconocernos y seguir construyendo entre todas este espacio que se viene consolidando desde hace tiempo. No va a ser f\u00e1cil pero estamos todas muy preparadas y listas para esta batalla que hay que dar en la calle&#8221;.<\/p><\/blockquote>\n<p>&nbsp;<\/p>\n<p><img data-recalc-dims=\"1\" loading=\"lazy\" decoding=\"async\" class=\"aligncenter wp-image-83020 size-full\" src=\"https:\/\/i0.wp.com\/cdnoticias.com\/wp-content\/uploads\/2023\/04\/encuentro-de-mujeres-pro-00-cecilia-krivochen.jpg?resize=800%2C445&#038;ssl=1\" alt=\"\" width=\"800\" height=\"445\" srcset=\"https:\/\/i0.wp.com\/cdnoticias.com\/wp-content\/uploads\/2023\/04\/encuentro-de-mujeres-pro-00-cecilia-krivochen.jpg?w=800&amp;ssl=1 800w, https:\/\/i0.wp.com\/cdnoticias.com\/wp-content\/uploads\/2023\/04\/encuentro-de-mujeres-pro-00-cecilia-krivochen.jpg?resize=300%2C167&amp;ssl=1 300w, https:\/\/i0.wp.com\/cdnoticias.com\/wp-content\/uploads\/2023\/04\/encuentro-de-mujeres-pro-00-cecilia-krivochen.jpg?resize=768%2C427&amp;ssl=1 768w\" sizes=\"auto, (max-width: 800px) 100vw, 800px\" \/><\/p>\n<p>&nbsp;<\/p>\n<p>Del encuentro tambi\u00e9n particip\u00f3 la <strong>diputada nacional Silvia Lospennato<\/strong>, quien se\u00f1al\u00f3: &#8220;<em><strong>Creemos que en esta elecci\u00f3n de 2023 vamos a recuperar el gobierno nacional. Despu\u00e9s de esta triste experiencia del fracaso del Frente de Todos tenemos un Juntos por el Cambio mucho m\u00e1s preparado para hacer la transformaci\u00f3n profunda que requiere la Argentina&#8221;.<\/strong><\/em><\/p>\n<p>&nbsp;<\/p>\n<p>En la misma l\u00ednea agreg\u00f3 que &#8220;luego <strong>tenemos que recuperar la provincia de Buenos Aires<\/strong>, especialmente con nuestro coraz\u00f3n puesto en la <strong>necesaria recuperaci\u00f3n de la educaci\u00f3n<\/strong> para cada chico y chica de nuestra provincia. Adem\u00e1s<strong> queremos seguir consolidando el proyecto de cada uno de nuestros intendentes en toda la provincia de Buenos Aires y en particular en Olavarr\u00eda&#8221;.<\/strong><\/p>\n<p>&nbsp;<\/p>\n<p><img data-recalc-dims=\"1\" loading=\"lazy\" decoding=\"async\" class=\"aligncenter wp-image-83021 size-full\" src=\"https:\/\/i0.wp.com\/cdnoticias.com\/wp-content\/uploads\/2023\/04\/encuentro-de-mujeres-pro-01-silvia-lospennato.jpg?resize=800%2C445&#038;ssl=1\" alt=\"\" width=\"800\" height=\"445\" srcset=\"https:\/\/i0.wp.com\/cdnoticias.com\/wp-content\/uploads\/2023\/04\/encuentro-de-mujeres-pro-01-silvia-lospennato.jpg?w=800&amp;ssl=1 800w, https:\/\/i0.wp.com\/cdnoticias.com\/wp-content\/uploads\/2023\/04\/encuentro-de-mujeres-pro-01-silvia-lospennato.jpg?resize=300%2C167&amp;ssl=1 300w, https:\/\/i0.wp.com\/cdnoticias.com\/wp-content\/uploads\/2023\/04\/encuentro-de-mujeres-pro-01-silvia-lospennato.jpg?resize=768%2C427&amp;ssl=1 768w\" sizes=\"auto, (max-width: 800px) 100vw, 800px\" \/><\/p>\n<p>&nbsp;<\/p>\n<p>&#8220;Creemos que este proceso virtuoso y este cambio que lleva Ezequiel en Olavarr\u00eda se tiene que consolidar junto al resto de los intendentes de nuestro partido en toda la provincia. Vamos a lograr continuar en todos los municipios que estamos y <strong>nos gustar\u00eda tambi\u00e9n duplicar los municipios del PRO en la pr\u00f3xima elecci\u00f3n,<\/strong> as\u00ed que vamos a tener que trabajar muy fuerte por consolidar nuestros territorios&#8221; sostuvo Lospennato.<\/p>\n<p>&nbsp;<\/p>\n<p>Por \u00faltimo, la <strong>diputada nacional Daniela Reich,<\/strong> cerr\u00f3: <em>&#8220;Nosotras trabajamos durante los \u00faltimos 8 a\u00f1os fuertemente en este espacio de mujeres que fue creciendo. <strong>Lo que pas\u00f3 hoy en Olavarr\u00eda es un ejemplo de c\u00f3mo estamos organizadas las mujeres dentro del partido<\/strong>.\u00a0No dejamos de hacer nuestro trabajo cotidiano que es estar en contacto con las personas de cada una de nuestras ciudades. <strong>Nos van a encontrar como siempre en la calle hablando, escuchando y por sobre todo pidiendo que nos acompa\u00f1en con el voto&#8221;.<\/strong><\/em><\/p>\n<p>&nbsp;<\/p>\n<p><img data-recalc-dims=\"1\" loading=\"lazy\" decoding=\"async\" class=\"aligncenter wp-image-83023 size-full\" src=\"https:\/\/i0.wp.com\/cdnoticias.com\/wp-content\/uploads\/2023\/04\/encuentro-de-mujeres-pro-04-daniela-reich.jpg?resize=800%2C445&#038;ssl=1\" alt=\"\" width=\"800\" height=\"445\" srcset=\"https:\/\/i0.wp.com\/cdnoticias.com\/wp-content\/uploads\/2023\/04\/encuentro-de-mujeres-pro-04-daniela-reich.jpg?w=800&amp;ssl=1 800w, https:\/\/i0.wp.com\/cdnoticias.com\/wp-content\/uploads\/2023\/04\/encuentro-de-mujeres-pro-04-daniela-reich.jpg?resize=300%2C167&amp;ssl=1 300w, https:\/\/i0.wp.com\/cdnoticias.com\/wp-content\/uploads\/2023\/04\/encuentro-de-mujeres-pro-04-daniela-reich.jpg?resize=768%2C427&amp;ssl=1 768w\" sizes=\"auto, (max-width: 800px) 100vw, 800px\" \/><\/p>\n<p>&nbsp;<\/p>\n<p><img data-recalc-dims=\"1\" loading=\"lazy\" decoding=\"async\" class=\"aligncenter wp-image-83025 size-full\" src=\"https:\/\/i0.wp.com\/cdnoticias.com\/wp-content\/uploads\/2023\/04\/encuentro-de-mujeres-pro-06.jpg?resize=800%2C445&#038;ssl=1\" alt=\"\" width=\"800\" height=\"445\" srcset=\"https:\/\/i0.wp.com\/cdnoticias.com\/wp-content\/uploads\/2023\/04\/encuentro-de-mujeres-pro-06.jpg?w=800&amp;ssl=1 800w, https:\/\/i0.wp.com\/cdnoticias.com\/wp-content\/uploads\/2023\/04\/encuentro-de-mujeres-pro-06.jpg?resize=300%2C167&amp;ssl=1 300w, https:\/\/i0.wp.com\/cdnoticias.com\/wp-content\/uploads\/2023\/04\/encuentro-de-mujeres-pro-06.jpg?resize=768%2C427&amp;ssl=1 768w\" sizes=\"auto, (max-width: 800px) 100vw, 800px\" \/><\/p>\n","protected":false},"excerpt":{"rendered":"<p>Lo afirm\u00f3 Cecilia Krivochen, presidenta del HCD, en el encuentro provincial de Mujeres PRO que se realiz\u00f3 este s\u00e1bado. Adem\u00e1s<\/p>\n","protected":false},"author":6,"featured_media":83026,"comment_status":"closed","ping_status":"closed","sticky":false,"template":"","format":"standard","meta":{"_jetpack_memberships_contains_paid_content":false,"footnotes":""},"categories":[4,1],"tags":[],"class_list":["post-83032","post","type-post","status-publish","format-standard","has-post-thumbnail","hentry","category-politica","category-portada"],"jetpack_featured_media_url":"https:\/\/i0.wp.com\/cdnoticias.com\/wp-content\/uploads\/2023\/04\/encuentro-de-mujeres-pro-07.jpg?fit=800%2C445&ssl=1","jetpack_sharing_enabled":true,"_links":{"self":[{"href":"https:\/\/cdnoticias.com\/index.php\/wp-json\/wp\/v2\/posts\/83032","targetHints":{"allow":["GET"]}}],"collection":[{"href":"https:\/\/cdnoticias.com\/index.php\/wp-json\/wp\/v2\/posts"}],"about":[{"href":"https:\/\/cdnoticias.com\/index.php\/wp-json\/wp\/v2\/types\/post"}],"author":[{"embeddable":true,"href":"https:\/\/cdnoticias.com\/index.php\/wp-json\/wp\/v2\/users\/6"}],"replies":[{"embeddable":true,"href":"https:\/\/cdnoticias.com\/index.php\/wp-json\/wp\/v2\/comments?post=83032"}],"version-history":[{"count":0,"href":"https:\/\/cdnoticias.com\/index.php\/wp-json\/wp\/v2\/posts\/83032\/revisions"}],"wp:featuredmedia":[{"embeddable":true,"href":"https:\/\/cdnoticias.com\/index.php\/wp-json\/wp\/v2\/media\/83026"}],"wp:attachment":[{"href":"https:\/\/cdnoticias.com\/index.php\/wp-json\/wp\/v2\/media?parent=83032"}],"wp:term":[{"taxonomy":"category","embeddable":true,"href":"https:\/\/cdnoticias.com\/index.php\/wp-json\/wp\/v2\/categories?post=83032"},{"taxonomy":"post_tag","embeddable":true,"href":"https:\/\/cdnoticias.com\/index.php\/wp-json\/wp\/v2\/tags?post=83032"}],"curies":[{"name":"wp","href":"https:\/\/api.w.org\/{rel}","templated":true}]}}