{"id":82981,"date":"2023-04-21T19:30:11","date_gmt":"2023-04-21T22:30:11","guid":{"rendered":"https:\/\/www.centraldenoticias.com.ar\/?p=82981"},"modified":"2023-04-21T19:30:11","modified_gmt":"2023-04-21T22:30:11","slug":"el-gabinete-destaco-el-gesto-del-presidente-de-bajar-su-candidatura","status":"publish","type":"post","link":"https:\/\/cdnoticias.com\/index.php\/2023\/04\/21\/el-gabinete-destaco-el-gesto-del-presidente-de-bajar-su-candidatura\/","title":{"rendered":"El Gabinete destac\u00f3 el gesto del Presidente de bajar su candidatura"},"content":{"rendered":"<p class=\"td-post-sub-title\">Cafiero, Rossi, Tolosa Paz, Katopodis y An\u00edbal Fern\u00e1ndez respaldaron la decisi\u00f3n de no ir por la reelecci\u00f3n.<!--more--><\/p>\n<hr \/>\n<div class=\"td-module-meta-info\">\n<p>Luego que <a href=\"https:\/\/cdnoticias.com\/index.php\/2023\/04\/21\/alberto-fernandez-no-buscara-el-segundo-mandato\/\" target=\"_blank\" rel=\"noopener\">el presidente Alberto Fern\u00e1ndez anunciara su decisi\u00f3n de no presentarse a la reelecci\u00f3n<\/a> en los comicios de este a\u00f1o y \u201c<strong>concentrar todo el esfuerzo en resolver los problemas de los argentinos\u201d<\/strong>, <strong>una parte del Gabinete sali\u00f3 a respaldar el gesto.\u00a0<\/strong><\/p>\n<p>&nbsp;<\/p>\n<p>En ese sentido, el canciller <strong>Santiago Cafiero<\/strong> destac\u00f3 la <em><strong>\u201cresponsabilidad hist\u00f3rica y el compromiso con la unidad del peronismo<\/strong><\/em>\u201d que implica la decisi\u00f3n del presidente Alberto Fern\u00e1ndez de<strong> no presentarse para la reelecci\u00f3n<\/strong> y asegur\u00f3 que el mandatario pone \u201c<em><strong>primero a la Patria y promueve una nueva l\u00f3gica de \u00e9poca\u201d.<\/strong><\/em><\/p>\n<p>&nbsp;<\/p>\n<blockquote><p>\u201cResponsabilidad hist\u00f3rica y compromiso con la unidad del peronismo. Alberto Fern\u00e1ndez pone primero a la Patria y promueve una nueva l\u00f3gica de \u00e9poca. El liderazgo del futuro debe definirse en las urnas para consolidar un rumbo que involucre en cada paso la voluntad de nuestro pueblo\u201d, sostuvo Cafiero desde su cuenta personal de Twitter.<\/p><\/blockquote>\n<p>&nbsp;<\/p>\n<p>En tanto, el <strong>jefe de Gabinete, Agust\u00edn Rossi,<\/strong> destac\u00f3 la decisi\u00f3n del Presidente y dijo que \u201c<em><strong>as\u00ed entienden y hacen pol\u00edtica quienes saben que los lugares se ocupan por y para el pueblo\u201d.<\/strong><\/em><\/p>\n<p>&nbsp;<\/p>\n<p><em>\u201cPrimero la Patria, despu\u00e9s el Movimiento y por \u00faltimo los hombres. As\u00ed entienden y hacen pol\u00edtica quienes saben que los lugares se ocupan por y para el pueblo\u201d<\/em>, public\u00f3 en su cuenta de Twitter. All\u00ed, agreg\u00f3: \u201cOrgulloso de militar en el FdT y de ser JGM del Gobierno del Presidente @alferdez\u201d.<\/p>\n<p>&nbsp;<\/p>\n<p>En tanto, otra ministra del ri\u00f1\u00f3n albertista, <strong>Victoria Tolosa Paz<\/strong> escribi\u00f3: \u201c<em>Siempre primero la Patria, despu\u00e9s el movimiento y siempre por \u00faltimo las mujeres y los hombres. En s\u00edntesis: primero la gente y empezando por los \u00faltimos\u201d.<\/em> Y agreg\u00f3 en la red social que Fern\u00e1ndez \u201cnos vuelve a repetir lo que siempre dijo: que uno de nosotros contin\u00fae con el proyecto de pa\u00eds que merecemos\u201d.<\/p>\n<p>&nbsp;<\/p>\n<p>\u201cEs tiempo de apertura, de participaci\u00f3n y de m\u00e1s gestos que garanticen la unidad del peronismo y la unidad del frente que supimos construir. Unidad que se garantiza con humildad, grandeza en los gestos y compromiso militante\u201d, a\u00f1adi\u00f3 la ministra de Desarrollo Social de la Naci\u00f3n.<\/p>\n<p>&nbsp;<\/p>\n<p>Por su parte, el <strong>ministro de Obras P\u00fablicas, Gabriel Katopodis<\/strong> se\u00f1al\u00f3: \u201c<em><strong>El Presidente tom\u00f3 una decisi\u00f3n valiente, honesta y comprometida. Ahora, nos toca a nosotros y a la militancia cumplir el desaf\u00edo que nos plantea. Debemos tener la capacidad de superar este momento de la Argentina para mejorar definitivamente la vida de nuestra gente\u201d.<\/strong><\/em><\/p>\n<p>&nbsp;<\/p>\n<p>Finalmente, ministro de Seguridad,<strong> An\u00edbal Fern\u00e1ndez,<\/strong> destac\u00f3 que \u201c<em>Alberto siente que tiene que ser Presidente en tiempo completo hasta el 10 de diciembre<\/em>\u201d. Tras asegurar que, en realidad, el mandatario nunca hab\u00eda confirmado que ir\u00eda por la reelecci\u00f3n, sostuvo que el Frente de Todos llega \u201ccompetitivo a las elecciones\u201d. Y dej\u00f3 un mensaje al cristinismo al asegurar: \u201cNo creo en los operativos clamor, me parecen horribles. La pol\u00edtica es algo m\u00e1s serio y m\u00e1s elaborado\u201d.<\/p>\n<\/div>\n<p>&nbsp;<\/p>\n<p><em>Fuente: DIB\u00a0<\/em><\/p>\n","protected":false},"excerpt":{"rendered":"<p>Cafiero, Rossi, Tolosa Paz, Katopodis y An\u00edbal Fern\u00e1ndez respaldaron la decisi\u00f3n de no ir por la reelecci\u00f3n.<\/p>\n","protected":false},"author":6,"featured_media":33252,"comment_status":"closed","ping_status":"closed","sticky":false,"template":"","format":"standard","meta":{"_jetpack_memberships_contains_paid_content":false,"footnotes":""},"categories":[6,1],"tags":[],"class_list":["post-82981","post","type-post","status-publish","format-standard","has-post-thumbnail","hentry","category-nacionales","category-portada"],"jetpack_featured_media_url":"https:\/\/i0.wp.com\/cdnoticias.com\/wp-content\/uploads\/2021\/09\/DIB-alberto-f-1024x683.jpeg?fit=1024%2C683&ssl=1","jetpack_sharing_enabled":true,"_links":{"self":[{"href":"https:\/\/cdnoticias.com\/index.php\/wp-json\/wp\/v2\/posts\/82981","targetHints":{"allow":["GET"]}}],"collection":[{"href":"https:\/\/cdnoticias.com\/index.php\/wp-json\/wp\/v2\/posts"}],"about":[{"href":"https:\/\/cdnoticias.com\/index.php\/wp-json\/wp\/v2\/types\/post"}],"author":[{"embeddable":true,"href":"https:\/\/cdnoticias.com\/index.php\/wp-json\/wp\/v2\/users\/6"}],"replies":[{"embeddable":true,"href":"https:\/\/cdnoticias.com\/index.php\/wp-json\/wp\/v2\/comments?post=82981"}],"version-history":[{"count":0,"href":"https:\/\/cdnoticias.com\/index.php\/wp-json\/wp\/v2\/posts\/82981\/revisions"}],"wp:featuredmedia":[{"embeddable":true,"href":"https:\/\/cdnoticias.com\/index.php\/wp-json\/wp\/v2\/media\/33252"}],"wp:attachment":[{"href":"https:\/\/cdnoticias.com\/index.php\/wp-json\/wp\/v2\/media?parent=82981"}],"wp:term":[{"taxonomy":"category","embeddable":true,"href":"https:\/\/cdnoticias.com\/index.php\/wp-json\/wp\/v2\/categories?post=82981"},{"taxonomy":"post_tag","embeddable":true,"href":"https:\/\/cdnoticias.com\/index.php\/wp-json\/wp\/v2\/tags?post=82981"}],"curies":[{"name":"wp","href":"https:\/\/api.w.org\/{rel}","templated":true}]}}