{"id":82966,"date":"2023-04-22T15:31:16","date_gmt":"2023-04-22T18:31:16","guid":{"rendered":"https:\/\/www.centraldenoticias.com.ar\/?p=82966"},"modified":"2023-04-22T15:31:16","modified_gmt":"2023-04-22T18:31:16","slug":"nueva-entrega-de-certificados-de-alfalit-en-la-unidad-2","status":"publish","type":"post","link":"https:\/\/cdnoticias.com\/index.php\/2023\/04\/22\/nueva-entrega-de-certificados-de-alfalit-en-la-unidad-2\/","title":{"rendered":"Nueva entrega de certificados de Alfalit en la Unidad 2"},"content":{"rendered":"<p>Fueron entregados 40 certificados. Adem\u00e1s presentaron el material de estudio y pr\u00e1cticas para los alfabetizadores maestros que comenzar\u00e1n a trabajar en los pabellones N\u00b04, 5, 6, 9, 11, 13, 14, 15 y 16.<!--more--><\/p>\n<hr \/>\n<p>Como parte de las actividades tratamentales relacionadas con la educaci\u00f3n,<strong> se entregaron certificados a los alumnos alfabetizados y a los maestros alfabetizadores que trabajaron en los pabellones<\/strong>\u00a0en la <strong>Unidad Penitenciaria N\u00b02 de Sierra Chica.<\/strong><\/p>\n<p>&nbsp;<\/p>\n<p>El director de ALAFIT en la Argentina, Jos\u00e9 Benito Bongarra y el coordinador del programa Oscar Esteban Alesandro llegaron a la Unidad con el objetivo de <strong>entregar certificados a 40 privados de la libertad alfabetizados,<\/strong> de los cuales 7 son maestros alfabetizadores y 33 internos ahora letrados de los pabellones 1, 4, 5, 6 y 11. Tambi\u00e9n presentaron el material de estudio y pr\u00e1cticas para los alfabetizadores maestros que comenzar\u00e1n a trabajar en los pabellones N\u00b04, 5, 6, 9, 11, 13, 14, 15 y 16.<\/p>\n<p>&nbsp;<\/p>\n<p><img data-recalc-dims=\"1\" loading=\"lazy\" decoding=\"async\" class=\"aligncenter wp-image-82968 size-full\" src=\"https:\/\/i0.wp.com\/cdnoticias.com\/wp-content\/uploads\/2023\/04\/U2-Nueva-promocion-de-internos-alfabetizadores-Abril-2023c.jpg?resize=800%2C600&#038;ssl=1\" alt=\"\" width=\"800\" height=\"600\" srcset=\"https:\/\/i0.wp.com\/cdnoticias.com\/wp-content\/uploads\/2023\/04\/U2-Nueva-promocion-de-internos-alfabetizadores-Abril-2023c.jpg?w=1600&amp;ssl=1 1600w, https:\/\/i0.wp.com\/cdnoticias.com\/wp-content\/uploads\/2023\/04\/U2-Nueva-promocion-de-internos-alfabetizadores-Abril-2023c.jpg?resize=300%2C225&amp;ssl=1 300w, https:\/\/i0.wp.com\/cdnoticias.com\/wp-content\/uploads\/2023\/04\/U2-Nueva-promocion-de-internos-alfabetizadores-Abril-2023c.jpg?resize=1024%2C768&amp;ssl=1 1024w, https:\/\/i0.wp.com\/cdnoticias.com\/wp-content\/uploads\/2023\/04\/U2-Nueva-promocion-de-internos-alfabetizadores-Abril-2023c.jpg?resize=768%2C576&amp;ssl=1 768w, https:\/\/i0.wp.com\/cdnoticias.com\/wp-content\/uploads\/2023\/04\/U2-Nueva-promocion-de-internos-alfabetizadores-Abril-2023c.jpg?resize=1536%2C1152&amp;ssl=1 1536w\" sizes=\"auto, (max-width: 800px) 100vw, 800px\" \/><\/p>\n<p>&nbsp;<\/p>\n<p>El <strong>programa ALFALIT capacita a personas privadas de la libertad<\/strong> que tengan el secundario terminado, para convertirse en <strong>alfabetizadores maestros voluntarios<\/strong> que ense\u00f1ar\u00e1n a leer y escribir y tambi\u00e9n a resolver problemas de matem\u00e1ticas a otros adultos iletrados.<\/p>\n<p>&nbsp;<\/p>\n<p>Adem\u00e1s particip\u00f3 del encuentro la Coordinadora de Culto Gabriela Canale en representaci\u00f3n de la Jefatura de la Unidad N\u00b02.<\/p>\n<p>&nbsp;<\/p>\n<p>&nbsp;<\/p>\n<p>&nbsp;<\/p>\n","protected":false},"excerpt":{"rendered":"<p>Fueron entregados 40 certificados. Adem\u00e1s presentaron el material de estudio y pr\u00e1cticas para los alfabetizadores maestros que comenzar\u00e1n a trabajar<\/p>\n","protected":false},"author":6,"featured_media":82967,"comment_status":"closed","ping_status":"closed","sticky":false,"template":"","format":"standard","meta":{"_jetpack_memberships_contains_paid_content":false,"footnotes":""},"categories":[5,1],"tags":[],"class_list":["post-82966","post","type-post","status-publish","format-standard","has-post-thumbnail","hentry","category-informacion-general","category-portada"],"jetpack_featured_media_url":"https:\/\/i0.wp.com\/cdnoticias.com\/wp-content\/uploads\/2023\/04\/U2-Nueva-promocion-de-internos-alfabetizadores-Abril-2023a.jpg?fit=1600%2C1200&ssl=1","jetpack_sharing_enabled":true,"_links":{"self":[{"href":"https:\/\/cdnoticias.com\/index.php\/wp-json\/wp\/v2\/posts\/82966","targetHints":{"allow":["GET"]}}],"collection":[{"href":"https:\/\/cdnoticias.com\/index.php\/wp-json\/wp\/v2\/posts"}],"about":[{"href":"https:\/\/cdnoticias.com\/index.php\/wp-json\/wp\/v2\/types\/post"}],"author":[{"embeddable":true,"href":"https:\/\/cdnoticias.com\/index.php\/wp-json\/wp\/v2\/users\/6"}],"replies":[{"embeddable":true,"href":"https:\/\/cdnoticias.com\/index.php\/wp-json\/wp\/v2\/comments?post=82966"}],"version-history":[{"count":0,"href":"https:\/\/cdnoticias.com\/index.php\/wp-json\/wp\/v2\/posts\/82966\/revisions"}],"wp:featuredmedia":[{"embeddable":true,"href":"https:\/\/cdnoticias.com\/index.php\/wp-json\/wp\/v2\/media\/82967"}],"wp:attachment":[{"href":"https:\/\/cdnoticias.com\/index.php\/wp-json\/wp\/v2\/media?parent=82966"}],"wp:term":[{"taxonomy":"category","embeddable":true,"href":"https:\/\/cdnoticias.com\/index.php\/wp-json\/wp\/v2\/categories?post=82966"},{"taxonomy":"post_tag","embeddable":true,"href":"https:\/\/cdnoticias.com\/index.php\/wp-json\/wp\/v2\/tags?post=82966"}],"curies":[{"name":"wp","href":"https:\/\/api.w.org\/{rel}","templated":true}]}}