{"id":82948,"date":"2023-04-22T10:14:56","date_gmt":"2023-04-22T13:14:56","guid":{"rendered":"https:\/\/www.centraldenoticias.com.ar\/?p=82948"},"modified":"2023-04-22T13:45:13","modified_gmt":"2023-04-22T16:45:13","slug":"rodriguez-larreta-opino-sobre-la-decision-de-alberto-fernandez-de-no-ir-por-la-reeleccion","status":"publish","type":"post","link":"https:\/\/cdnoticias.com\/index.php\/2023\/04\/22\/rodriguez-larreta-opino-sobre-la-decision-de-alberto-fernandez-de-no-ir-por-la-reeleccion\/","title":{"rendered":"Rodr\u00edguez Larreta opin\u00f3 sobre la decisi\u00f3n de Alberto Fern\u00e1ndez de no ir por la reelecci\u00f3n"},"content":{"rendered":"<p>\u201cEs una muestra m\u00e1s del fracaso de este gobierno, de todo el kirchnerismo y de Cristina Kirchner\u201d sostuvo el precandidato presidencial de Juntos desde Rosario.<\/p>\n<p><!--more--><\/p>\n<hr \/>\n<p>El <strong>precandidato a presidente de Juntos por el Cambio, Horacio Rodr\u00edguez Larreta<\/strong>, se pronunci\u00f3 esta ma\u00f1ana respecto de la <a href=\"https:\/\/cdnoticias.com\/index.php\/2023\/04\/21\/alberto-fernandez-no-buscara-el-segundo-mandato\/\" target=\"_blank\" rel=\"noopener\">decisi\u00f3n de Alberto Fern\u00e1ndez de bajar su candidatura<\/a>. <strong>\u201cEs una muestra m\u00e1s del fracaso de este gobierno, de todo el kirchnerismo y de Cristina Kirchner\u201d<\/strong>, explic\u00f3 Larreta, frente a los medios de comunicaci\u00f3n de Rosario, donde se encuentra este viernes, como parte de su agenda de recorridas por el pa\u00eds.<\/p>\n<p>&nbsp;<\/p>\n<p>Sobre el impacto concreto de la decisi\u00f3n del presidente en la realidad econ\u00f3mica y social de la Argentina, <strong>Larreta concluy\u00f3: \u201cPeor que lo que estamos no podemos estar\u201d<\/strong> e hizo eco de los altos niveles de inflaci\u00f3n y pobreza. Sin embargo, aclar\u00f3 que Alberto Fern\u00e1ndez es responsable hasta el \u00faltimo d\u00eda de su mandato: \u201c\u00c9l gobierna hasta el 10 de diciembre\u201d.<\/p>\n<p>&nbsp;<\/p>\n<p>Consultado por el alza del d\u00f3lar de los \u00faltimos d\u00edas, agreg\u00f3: <strong>\u201cLa escalada del d\u00f3lar es una expresi\u00f3n m\u00e1s del fracaso de este Gobierno que no ha hecho m\u00e1s que poner parche tras parche&#8221;.<\/strong><\/p>\n<p>&nbsp;<\/p>\n<p>&#8220;No hay rumbo, no hay plan, no hay visi\u00f3n de pa\u00eds y as\u00ed estamos, sufriendo las consecuencias de eso, todos los argentinos&#8221; agreg\u00f3 Rodr\u00edguez Larreta y afirm\u00f3:<strong> \u201cYo voy a sacar el pa\u00eds adelante\u201d.<\/strong><\/p>\n<p>&nbsp;<\/p>\n","protected":false},"excerpt":{"rendered":"<p>\u201cEs una muestra m\u00e1s del fracaso de este gobierno, de todo el kirchnerismo y de Cristina Kirchner\u201d sostuvo el precandidato<\/p>\n","protected":false},"author":4,"featured_media":82949,"comment_status":"closed","ping_status":"closed","sticky":false,"template":"","format":"standard","meta":{"_jetpack_memberships_contains_paid_content":false,"footnotes":""},"categories":[6],"tags":[],"class_list":["post-82948","post","type-post","status-publish","format-standard","has-post-thumbnail","hentry","category-nacionales"],"jetpack_featured_media_url":"https:\/\/i0.wp.com\/cdnoticias.com\/wp-content\/uploads\/2023\/04\/rodriguez-larreta.jpeg?fit=1600%2C1066&ssl=1","jetpack_sharing_enabled":true,"_links":{"self":[{"href":"https:\/\/cdnoticias.com\/index.php\/wp-json\/wp\/v2\/posts\/82948","targetHints":{"allow":["GET"]}}],"collection":[{"href":"https:\/\/cdnoticias.com\/index.php\/wp-json\/wp\/v2\/posts"}],"about":[{"href":"https:\/\/cdnoticias.com\/index.php\/wp-json\/wp\/v2\/types\/post"}],"author":[{"embeddable":true,"href":"https:\/\/cdnoticias.com\/index.php\/wp-json\/wp\/v2\/users\/4"}],"replies":[{"embeddable":true,"href":"https:\/\/cdnoticias.com\/index.php\/wp-json\/wp\/v2\/comments?post=82948"}],"version-history":[{"count":0,"href":"https:\/\/cdnoticias.com\/index.php\/wp-json\/wp\/v2\/posts\/82948\/revisions"}],"wp:featuredmedia":[{"embeddable":true,"href":"https:\/\/cdnoticias.com\/index.php\/wp-json\/wp\/v2\/media\/82949"}],"wp:attachment":[{"href":"https:\/\/cdnoticias.com\/index.php\/wp-json\/wp\/v2\/media?parent=82948"}],"wp:term":[{"taxonomy":"category","embeddable":true,"href":"https:\/\/cdnoticias.com\/index.php\/wp-json\/wp\/v2\/categories?post=82948"},{"taxonomy":"post_tag","embeddable":true,"href":"https:\/\/cdnoticias.com\/index.php\/wp-json\/wp\/v2\/tags?post=82948"}],"curies":[{"name":"wp","href":"https:\/\/api.w.org\/{rel}","templated":true}]}}