{"id":82935,"date":"2023-04-21T11:32:47","date_gmt":"2023-04-21T14:32:47","guid":{"rendered":"https:\/\/www.centraldenoticias.com.ar\/?p=82935"},"modified":"2023-04-21T11:32:47","modified_gmt":"2023-04-21T14:32:47","slug":"hernan-parra-un-candidato-con-ideas-nuevas-para-nuestra-ciudad","status":"publish","type":"post","link":"https:\/\/cdnoticias.com\/index.php\/2023\/04\/21\/hernan-parra-un-candidato-con-ideas-nuevas-para-nuestra-ciudad\/","title":{"rendered":"Hern\u00e1n Parra, \u201cun candidato con ideas nuevas para nuestra ciudad\u201d"},"content":{"rendered":"<p>Lo destac\u00f3 el ex concejal Einar Iguerategui para confirmar la precandidatura por Olavarr\u00eda al Frente. El sector abri\u00f3 un local en Espa\u00f1a e Yrigoyen.<!--more--><\/p>\n<hr \/>\n<p><a href=\"https:\/\/cdnoticias.com\/index.php\/2022\/12\/02\/un-nuevo-frente-politico-se-suma-a-la-actividad-de-olavarria\/\" target=\"_blank\" rel=\"noopener\">En diciembre del a\u00f1o pasado se present\u00f3 un nuevo sector pol\u00edtico local<\/a> que plante\u00f3 la intenci\u00f3n de competir por la intendencia y liderazgos de<strong> Hern\u00e1n Parra, Adriana Capuano, Germ\u00e1n Aramburu, Sergio Milesi, Einar Iguerategui y Valeria Mil\u00eda<\/strong>, con el aval del senador provincial <strong>Eduardo \u201cBali\u201d Bucca<\/strong>.<\/p>\n<p>&nbsp;<\/p>\n<p><strong>\u201cOlavarr\u00eda al Frente\u201d<\/strong> dio a conocer que mantuvo<strong> diversas actividades<\/strong> y puntualmente en las partidarias siempre <strong>referenciado en el Frente de Todos a nivel nacional y provincial<\/strong>, como un encuentro con el <a href=\"https:\/\/cdnoticias.com\/index.php\/2023\/02\/02\/olavarria-al-frente-con-el-ministro-katopodis-y-el-senador-bali-bucca\/\" target=\"_blank\" rel=\"noopener\">ministro Gabriel Katopodis en febrero<\/a> y la participaci\u00f3n en un acto del <a href=\"https:\/\/cdnoticias.com\/index.php\/2023\/04\/06\/hernan-parra-junto-a-kicillof-en-un-acto-en-bolivar\/\" target=\"_blank\" rel=\"noopener\">gobernador Axel Kicillof a principios de este mes<\/a>.<\/p>\n<p>&nbsp;<\/p>\n<p>Si bien desde hace meses se evidenci\u00f3 la <strong>precandidatura de Hern\u00e1n Parra para la intendencia<\/strong>, reci\u00e9n en las \u00faltimas horas se formaliz\u00f3: fue <strong>el ex concejal Einar Iguerategui quien lo present\u00f3 p\u00fablicamente.<\/strong><\/p>\n<p>&nbsp;<\/p>\n<blockquote class=\"twitter-tweet\">\n<p dir=\"ltr\" lang=\"es\">Desde Olavarr\u00eda al Frente hace meses que trabajamos en equipo para presentar un candidato con ideas nuevas para nuestra ciudad.<br \/>\nHern\u00e1n Parra es una persona que decidi\u00f3 involucrarse, que aporta frescura y mucha esperanza.<\/p>\n<p>\u2014 Einar Iguerategui (@e_iguerategui) <a href=\"https:\/\/twitter.com\/e_iguerategui\/status\/1649171652863832064?ref_src=twsrc%5Etfw\">April 20, 2023<\/a><\/p><\/blockquote>\n<p><script async src=\"https:\/\/platform.twitter.com\/widgets.js\" charset=\"utf-8\"><\/script><\/p>\n<p>&nbsp;<\/p>\n<blockquote><p>\u201cDesde Olavarr\u00eda al Frente hace meses que trabajamos en equipo para presentar un candidato con ideas nuevas para nuestra ciudad. Hern\u00e1n Parra es una persona que decidi\u00f3 involucrarse, que aporta frescura y mucha esperanza\u201d defini\u00f3.<\/p><\/blockquote>\n<p>&nbsp;<\/p>\n<p>Adem\u00e1s, asegur\u00f3 que tiene <strong>\u201cgran vocaci\u00f3n de servicio y conocimiento de la ciudad\u201d<\/strong> para pedir el acompa\u00f1amiento de la comunidad a la precandidatura.<\/p>\n<p>&nbsp;<\/p>\n<p>El sector anunci\u00f3 tambi\u00e9n <strong>la inauguraci\u00f3n de un local partidario que se ubica en Espa\u00f1a e Yrigoyen<\/strong>.<\/p>\n<p>&nbsp;<\/p>\n<p>Cabe se\u00f1alar que en la publicaci\u00f3n de Iguerategui y en la carteler\u00eda del sector <strong>no hay referencias directas al Frente de Todos<\/strong>.<\/p>\n<p>&nbsp;<\/p>\n","protected":false},"excerpt":{"rendered":"<p>Lo destac\u00f3 el ex concejal Einar Iguerategui para confirmar la precandidatura por Olavarr\u00eda al Frente. El sector abri\u00f3 un local<\/p>\n","protected":false},"author":4,"featured_media":82936,"comment_status":"closed","ping_status":"closed","sticky":false,"template":"","format":"standard","meta":{"_jetpack_memberships_contains_paid_content":false,"footnotes":""},"categories":[4,1],"tags":[],"class_list":["post-82935","post","type-post","status-publish","format-standard","has-post-thumbnail","hentry","category-politica","category-portada"],"jetpack_featured_media_url":"https:\/\/i0.wp.com\/cdnoticias.com\/wp-content\/uploads\/2023\/04\/hernan-parra-candidato.jpg?fit=800%2C445&ssl=1","jetpack_sharing_enabled":true,"_links":{"self":[{"href":"https:\/\/cdnoticias.com\/index.php\/wp-json\/wp\/v2\/posts\/82935","targetHints":{"allow":["GET"]}}],"collection":[{"href":"https:\/\/cdnoticias.com\/index.php\/wp-json\/wp\/v2\/posts"}],"about":[{"href":"https:\/\/cdnoticias.com\/index.php\/wp-json\/wp\/v2\/types\/post"}],"author":[{"embeddable":true,"href":"https:\/\/cdnoticias.com\/index.php\/wp-json\/wp\/v2\/users\/4"}],"replies":[{"embeddable":true,"href":"https:\/\/cdnoticias.com\/index.php\/wp-json\/wp\/v2\/comments?post=82935"}],"version-history":[{"count":0,"href":"https:\/\/cdnoticias.com\/index.php\/wp-json\/wp\/v2\/posts\/82935\/revisions"}],"wp:featuredmedia":[{"embeddable":true,"href":"https:\/\/cdnoticias.com\/index.php\/wp-json\/wp\/v2\/media\/82936"}],"wp:attachment":[{"href":"https:\/\/cdnoticias.com\/index.php\/wp-json\/wp\/v2\/media?parent=82935"}],"wp:term":[{"taxonomy":"category","embeddable":true,"href":"https:\/\/cdnoticias.com\/index.php\/wp-json\/wp\/v2\/categories?post=82935"},{"taxonomy":"post_tag","embeddable":true,"href":"https:\/\/cdnoticias.com\/index.php\/wp-json\/wp\/v2\/tags?post=82935"}],"curies":[{"name":"wp","href":"https:\/\/api.w.org\/{rel}","templated":true}]}}