{"id":82924,"date":"2023-04-21T10:39:21","date_gmt":"2023-04-21T13:39:21","guid":{"rendered":"https:\/\/www.centraldenoticias.com.ar\/?p=82924"},"modified":"2023-04-21T11:59:46","modified_gmt":"2023-04-21T14:59:46","slug":"alberto-fernandez-no-buscara-el-segundo-mandato","status":"publish","type":"post","link":"https:\/\/cdnoticias.com\/index.php\/2023\/04\/21\/alberto-fernandez-no-buscara-el-segundo-mandato\/","title":{"rendered":"Alberto Fern\u00e1ndez no buscar\u00e1 el segundo mandato"},"content":{"rendered":"<p>El presidente anunci\u00f3 este viernes que no ser\u00e1 candidato en las elecciones 2023, por lo que desisti\u00f3 de ir por su reelecci\u00f3n. \u201cEl pr\u00f3ximo 10 de diciembre entregar\u00e9 la banda presidencial\u201d expres\u00f3.<\/p>\n<p><!--more--><\/p>\n<hr \/>\n<p>El <strong>presidente Alberto Fern\u00e1ndez<\/strong> anunci\u00f3 este viernes que <strong>no ser\u00e1 candidato en las elecciones 2023<\/strong>, por lo que desisti\u00f3 de ir por su reelecci\u00f3n.\u00a0Lo hizo con <strong>un video<\/strong> en Twitter que present\u00f3 como \u201cmi decisi\u00f3n\u201d donde se referenci\u00f3 en N\u00e9stor Kirchner.<\/p>\n<p>&nbsp;<\/p>\n<p>La publicaci\u00f3n se hizo <strong>un d\u00eda antes del d\u00eda en que va a reunirse con la mesa del PJ nacional<\/strong>, que tambi\u00e9n preside.<\/p>\n<p>&nbsp;<\/p>\n<blockquote><p>\u201cEl pr\u00f3ximo 10 de diciembre entregar\u00e9 la banda presidencial a quien haya sido elegido leg\u00edtimamente en las urnas. Trabajar\u00e9 para que sea alguien de nuestro espacio pol\u00edtico\u201d, explica en parte del video que dura m\u00e1s de 7 minutos.<\/p><\/blockquote>\n<p>&nbsp;<\/p>\n<blockquote class=\"twitter-tweet\">\n<p dir=\"ltr\" lang=\"es\">Mi decisi\u00f3n \ud83c\udde6\ud83c\uddf7 <a href=\"https:\/\/t.co\/EEQBJaxDUz\">pic.twitter.com\/EEQBJaxDUz<\/a><\/p>\n<p>\u2014 Alberto Fern\u00e1ndez (@alferdez) <a href=\"https:\/\/twitter.com\/alferdez\/status\/1649395866820542464?ref_src=twsrc%5Etfw\">April 21, 2023<\/a><\/p><\/blockquote>\n<p><script async src=\"https:\/\/platform.twitter.com\/widgets.js\" charset=\"utf-8\"><\/script><\/p>\n<p>&nbsp;<\/p>\n<p>En el video hizo<strong> un repaso de su gesti\u00f3n<\/strong> y tom\u00f3 en cuenta que \u201cno logramos todo lo que nos propusimos\u201d para reafirmar que <strong>\u201cno tom\u00e9 una sola medida en contra de nuestro pueblo\u201d.<\/strong><\/p>\n<p>&nbsp;<\/p>\n<p>\u201cEl contexto econ\u00f3mico me obliga a dedicar todos mis esfuerzos a <strong>atender los dif\u00edciles momentos que atraviesa la Argentina\u201d<\/strong> argument\u00f3 antes de presentar la decisi\u00f3n.<\/p>\n<p>&nbsp;<\/p>\n<p>Adem\u00e1s, dej\u00f3 adem\u00e1s <strong>un mensaje de \u201cdemocracia interna\u201d<\/strong> para los integrantes del oficialismo nacional en el que adelant\u00f3 que habilitar\u00e1 las internas en las PASO.<\/p>\n<p>&nbsp;<\/p>\n<p>Fuente: <em>Agencia DIB<\/em><\/p>\n<p>&nbsp;<\/p>\n","protected":false},"excerpt":{"rendered":"<p>El presidente anunci\u00f3 este viernes que no ser\u00e1 candidato en las elecciones 2023, por lo que desisti\u00f3 de ir por<\/p>\n","protected":false},"author":4,"featured_media":49907,"comment_status":"closed","ping_status":"closed","sticky":false,"template":"","format":"standard","meta":{"_jetpack_memberships_contains_paid_content":false,"footnotes":""},"categories":[6,1],"tags":[],"class_list":["post-82924","post","type-post","status-publish","format-standard","has-post-thumbnail","hentry","category-nacionales","category-portada"],"jetpack_featured_media_url":"https:\/\/i0.wp.com\/cdnoticias.com\/wp-content\/uploads\/2022\/03\/albertofernandez.png?fit=1366%2C768&ssl=1","jetpack_sharing_enabled":true,"_links":{"self":[{"href":"https:\/\/cdnoticias.com\/index.php\/wp-json\/wp\/v2\/posts\/82924","targetHints":{"allow":["GET"]}}],"collection":[{"href":"https:\/\/cdnoticias.com\/index.php\/wp-json\/wp\/v2\/posts"}],"about":[{"href":"https:\/\/cdnoticias.com\/index.php\/wp-json\/wp\/v2\/types\/post"}],"author":[{"embeddable":true,"href":"https:\/\/cdnoticias.com\/index.php\/wp-json\/wp\/v2\/users\/4"}],"replies":[{"embeddable":true,"href":"https:\/\/cdnoticias.com\/index.php\/wp-json\/wp\/v2\/comments?post=82924"}],"version-history":[{"count":0,"href":"https:\/\/cdnoticias.com\/index.php\/wp-json\/wp\/v2\/posts\/82924\/revisions"}],"wp:featuredmedia":[{"embeddable":true,"href":"https:\/\/cdnoticias.com\/index.php\/wp-json\/wp\/v2\/media\/49907"}],"wp:attachment":[{"href":"https:\/\/cdnoticias.com\/index.php\/wp-json\/wp\/v2\/media?parent=82924"}],"wp:term":[{"taxonomy":"category","embeddable":true,"href":"https:\/\/cdnoticias.com\/index.php\/wp-json\/wp\/v2\/categories?post=82924"},{"taxonomy":"post_tag","embeddable":true,"href":"https:\/\/cdnoticias.com\/index.php\/wp-json\/wp\/v2\/tags?post=82924"}],"curies":[{"name":"wp","href":"https:\/\/api.w.org\/{rel}","templated":true}]}}