{"id":82918,"date":"2023-04-21T08:18:10","date_gmt":"2023-04-21T11:18:10","guid":{"rendered":"https:\/\/www.centraldenoticias.com.ar\/?p=82918"},"modified":"2023-04-21T08:18:31","modified_gmt":"2023-04-21T11:18:31","slug":"la-diputada-silvia-lospennato-brindara-una-charla-en-el-instituto-republica","status":"publish","type":"post","link":"https:\/\/cdnoticias.com\/index.php\/2023\/04\/21\/la-diputada-silvia-lospennato-brindara-una-charla-en-el-instituto-republica\/","title":{"rendered":"La diputada Silvia Lospennato brindar\u00e1 una charla en el Instituto Rep\u00fablica"},"content":{"rendered":"<p>La legisladora nacional encabezar\u00e1 la jornada de debate \u201cLa Argentina que queremos\u201d. Estar\u00e1 el intendente Ezequiel Galli. La actividad es abierta a la comunidad.<\/p>\n<p><!--more--><\/p>\n<hr \/>\n<p>Este s\u00e1bado el<strong> Instituto Rep\u00fablica Regional Olavarr\u00eda<\/strong> ser\u00e1 sede de una charla abierta con la <strong>diputada Nacional del PRO Silvia Lospennato<\/strong>.<\/p>\n<p>&nbsp;<\/p>\n<p>El intendente Ezequiel Galli invita a la comunidad a participar de la<strong> jornada de debate \u201cLa Argentina que queremos\u201d<\/strong> para continuar aprendiendo e intercambiando ideas. <em>&#8220;Transformar la Argentina significa refundar las bases de la prosperidad de sus ciudadanos. Para qu\u00e9, c\u00f3mo y qui\u00e9nes pueden liderar la generaci\u00f3n del 23&#8221;<\/em>, ser\u00e1 el punto de partida y disparador del intercambio.<\/p>\n<p>&nbsp;<\/p>\n<p>La cita tendr\u00e1 lugar el <strong>s\u00e1bado 22 de abril a las 15:30<\/strong> en la sede local del Instituto Rep\u00fablica, <strong>Vicente L\u00f3pez 3246<\/strong>.<\/p>\n<p>&nbsp;<\/p>\n<blockquote><p>El director del Instituto Rep\u00fablica sede Regional Olavarr\u00eda, Mart\u00edn Endere, destac\u00f3 &#8220;la importancia de contar con expertos en distintas tem\u00e1ticas para generar espacios de aprendizaje y debate en el semillero pol\u00edtico que es el Instituto Rep\u00fablica&#8221;. &#8220;La participaci\u00f3n de referentes como Silvia Lospennato es clave para potenciar el desarrollo de los l\u00edderes pol\u00edticos del futuro&#8221;, concluy\u00f3.<\/p><\/blockquote>\n<p>&nbsp;<\/p>\n<p><strong>Silvia Gabriela Lospennato<\/strong> es una <strong>polit\u00f3loga y pol\u00edtica argentina<\/strong> de destacada trayectoria que se desempe\u00f1a como Diputada Nacional del PRO desde 2015 e integra el Consejo Nacional del PRO como vocal.<\/p>\n<p>&nbsp;<\/p>\n<p>Se desempe\u00f1\u00f3 en distintos cargos en el Gobierno de la Ciudad Aut\u00f3noma de Buenos Aires y en el Gobierno de la Provincia. Fue Coordinadora T\u00e9cnica de proyectos como \u201cPerspectivas de la Gobernabilidad Democr\u00e1tica en la Argentina\u201d y \u201cLa Defensa Nacional en la Agenda Democr\u00e1tica\u201d y Jefa de Asesores en la Comisi\u00f3n Parlamentaria Conjunta del MERCOSUR, Secci\u00f3n Argentina.<\/p>\n<p>&nbsp;<\/p>\n","protected":false},"excerpt":{"rendered":"<p>La legisladora nacional encabezar\u00e1 la jornada de debate \u201cLa Argentina que queremos\u201d. Estar\u00e1 el intendente Ezequiel Galli. La actividad es<\/p>\n","protected":false},"author":4,"featured_media":65346,"comment_status":"closed","ping_status":"closed","sticky":false,"template":"","format":"standard","meta":{"_jetpack_memberships_contains_paid_content":false,"footnotes":""},"categories":[4,1],"tags":[],"class_list":["post-82918","post","type-post","status-publish","format-standard","has-post-thumbnail","hentry","category-politica","category-portada"],"jetpack_featured_media_url":"https:\/\/i0.wp.com\/cdnoticias.com\/wp-content\/uploads\/2022\/09\/instituto-republica-00.jpg?fit=800%2C445&ssl=1","jetpack_sharing_enabled":true,"_links":{"self":[{"href":"https:\/\/cdnoticias.com\/index.php\/wp-json\/wp\/v2\/posts\/82918","targetHints":{"allow":["GET"]}}],"collection":[{"href":"https:\/\/cdnoticias.com\/index.php\/wp-json\/wp\/v2\/posts"}],"about":[{"href":"https:\/\/cdnoticias.com\/index.php\/wp-json\/wp\/v2\/types\/post"}],"author":[{"embeddable":true,"href":"https:\/\/cdnoticias.com\/index.php\/wp-json\/wp\/v2\/users\/4"}],"replies":[{"embeddable":true,"href":"https:\/\/cdnoticias.com\/index.php\/wp-json\/wp\/v2\/comments?post=82918"}],"version-history":[{"count":0,"href":"https:\/\/cdnoticias.com\/index.php\/wp-json\/wp\/v2\/posts\/82918\/revisions"}],"wp:featuredmedia":[{"embeddable":true,"href":"https:\/\/cdnoticias.com\/index.php\/wp-json\/wp\/v2\/media\/65346"}],"wp:attachment":[{"href":"https:\/\/cdnoticias.com\/index.php\/wp-json\/wp\/v2\/media?parent=82918"}],"wp:term":[{"taxonomy":"category","embeddable":true,"href":"https:\/\/cdnoticias.com\/index.php\/wp-json\/wp\/v2\/categories?post=82918"},{"taxonomy":"post_tag","embeddable":true,"href":"https:\/\/cdnoticias.com\/index.php\/wp-json\/wp\/v2\/tags?post=82918"}],"curies":[{"name":"wp","href":"https:\/\/api.w.org\/{rel}","templated":true}]}}