{"id":8291,"date":"2020-12-05T18:17:52","date_gmt":"2020-12-05T21:17:52","guid":{"rendered":"http:\/\/www.centraldenoticias.com.ar\/?p=8291"},"modified":"2020-12-05T19:26:00","modified_gmt":"2020-12-05T22:26:00","slug":"una-camioneta-de-un-correo-privado-local-se-despisto-e-incendio-en-san-jorge","status":"publish","type":"post","link":"https:\/\/cdnoticias.com\/index.php\/2020\/12\/05\/una-camioneta-de-un-correo-privado-local-se-despisto-e-incendio-en-san-jorge\/","title":{"rendered":"Una camioneta de un correo privado local se despist\u00f3 e incendio en San Jorge"},"content":{"rendered":"<p>Sucedi\u00f3 en la jornada del \u00faltimo viernes. El conductor logr\u00f3 salir del rodado por sus propios medios.<\/p>\n<p><!--more--><\/p>\n<hr \/>\n<p>En la ma\u00f1ana del pasado viernes un violento siniestro vial tuvo como escenario el camino de acceso a la localidad de San Jorge, en el partido de Laprida. Seg\u00fan se logr\u00f3 conocer,<strong> todo se vio protagonizado por una camioneta de una empresa privada de correo de nuestra ciudad. \u00a0<\/strong><\/p>\n<p>&nbsp;<\/p>\n<p>De acuerdo con lo que se a\u00f1adi\u00f3 en este portal y se reflej\u00f3 tambi\u00e9n en medios de la ciudad vecina, se trat\u00f3 de <strong>una camioneta Fiat Fiorino de la firma Andreani, la cual al momento del siniestro habr\u00eda sido guiada por un joven de 23 a\u00f1os, quien afortunadamente logr\u00f3 salir por sus propios medios del habit\u00e1culo<\/strong>.<\/p>\n<p>&nbsp;<\/p>\n<p><img data-recalc-dims=\"1\" loading=\"lazy\" decoding=\"async\" class=\"alignnone size-full wp-image-8292\" src=\"https:\/\/i0.wp.com\/cdnoticias.com\/wp-content\/uploads\/2020\/12\/andreani1.jpg?resize=800%2C515&#038;ssl=1\" alt=\"\" width=\"800\" height=\"515\" srcset=\"https:\/\/i0.wp.com\/cdnoticias.com\/wp-content\/uploads\/2020\/12\/andreani1.jpg?w=852&amp;ssl=1 852w, https:\/\/i0.wp.com\/cdnoticias.com\/wp-content\/uploads\/2020\/12\/andreani1.jpg?resize=300%2C193&amp;ssl=1 300w, https:\/\/i0.wp.com\/cdnoticias.com\/wp-content\/uploads\/2020\/12\/andreani1.jpg?resize=768%2C495&amp;ssl=1 768w\" sizes=\"auto, (max-width: 800px) 100vw, 800px\" \/><\/p>\n<p>&nbsp;<\/p>\n<p>En condiciones que se pretenden establecer la camioneta que guiaba se despist\u00f3 y cay\u00f3 en la cuneta, donde<strong> se incendi\u00f3 pr\u00e1cticamente por completo, inclusive las llamas arrasaron con toda la carga.<\/strong><\/p>\n<p>&nbsp;<\/p>\n<p>Intervino personal del destacamento policial de San Jorge y <strong>el hecho es investigado desde la ayudant\u00eda fiscal lapridense, que a su vez depende de la UFI 7 de nuestra ciudad.<\/strong><\/p>\n","protected":false},"excerpt":{"rendered":"<p>Sucedi\u00f3 en la jornada del \u00faltimo viernes. El conductor logr\u00f3 salir del rodado por sus propios medios.<\/p>\n","protected":false},"author":3,"featured_media":8293,"comment_status":"closed","ping_status":"closed","sticky":false,"template":"","format":"standard","meta":{"_jetpack_memberships_contains_paid_content":false,"footnotes":""},"categories":[14,1],"tags":[],"class_list":["post-8291","post","type-post","status-publish","format-standard","has-post-thumbnail","hentry","category-policiales","category-portada"],"jetpack_featured_media_url":"https:\/\/i0.wp.com\/cdnoticias.com\/wp-content\/uploads\/2020\/12\/andreani.jpg?fit=1136%2C720&ssl=1","jetpack_sharing_enabled":true,"_links":{"self":[{"href":"https:\/\/cdnoticias.com\/index.php\/wp-json\/wp\/v2\/posts\/8291","targetHints":{"allow":["GET"]}}],"collection":[{"href":"https:\/\/cdnoticias.com\/index.php\/wp-json\/wp\/v2\/posts"}],"about":[{"href":"https:\/\/cdnoticias.com\/index.php\/wp-json\/wp\/v2\/types\/post"}],"author":[{"embeddable":true,"href":"https:\/\/cdnoticias.com\/index.php\/wp-json\/wp\/v2\/users\/3"}],"replies":[{"embeddable":true,"href":"https:\/\/cdnoticias.com\/index.php\/wp-json\/wp\/v2\/comments?post=8291"}],"version-history":[{"count":0,"href":"https:\/\/cdnoticias.com\/index.php\/wp-json\/wp\/v2\/posts\/8291\/revisions"}],"wp:featuredmedia":[{"embeddable":true,"href":"https:\/\/cdnoticias.com\/index.php\/wp-json\/wp\/v2\/media\/8293"}],"wp:attachment":[{"href":"https:\/\/cdnoticias.com\/index.php\/wp-json\/wp\/v2\/media?parent=8291"}],"wp:term":[{"taxonomy":"category","embeddable":true,"href":"https:\/\/cdnoticias.com\/index.php\/wp-json\/wp\/v2\/categories?post=8291"},{"taxonomy":"post_tag","embeddable":true,"href":"https:\/\/cdnoticias.com\/index.php\/wp-json\/wp\/v2\/tags?post=8291"}],"curies":[{"name":"wp","href":"https:\/\/api.w.org\/{rel}","templated":true}]}}