{"id":82821,"date":"2023-04-20T11:35:21","date_gmt":"2023-04-20T14:35:21","guid":{"rendered":"https:\/\/www.centraldenoticias.com.ar\/?p=82821"},"modified":"2023-04-20T13:47:35","modified_gmt":"2023-04-20T16:47:35","slug":"nos-dijeron-por-whasapp-que-estaban-con-muchisimo-trabajo","status":"publish","type":"post","link":"https:\/\/cdnoticias.com\/index.php\/2023\/04\/20\/nos-dijeron-por-whasapp-que-estaban-con-muchisimo-trabajo\/","title":{"rendered":"\u201cNos dijeron por WhatsApp que estaban con much\u00edsimo trabajo\u201d"},"content":{"rendered":"<p>Fue la respuesta obtenida ante el reclamo que llevan adelante el FOL y el Polo Obrero en Olavarr\u00eda. Piden un encuentro con el secretario Diego Robbiani para realizar planteos que surgen del trabajo en los barrios.<!--more--><\/p>\n<hr \/>\n<p>Desde el mi\u00e9rcoles por la tarde, <strong>la unidad piquetera lleva adelante una manifestaci\u00f3n, con acampe incluido, frente a la Municipalidad.<\/strong> En consonancia con un reclamo nacional, integrantes del FOL y el Polo Obrero, <a href=\"https:\/\/cdnoticias.com\/index.php\/2023\/04\/19\/manifestacion-de-la-unidad-piquetera-las-organizaciones-ponemos-el-cuerpo-en-los-barrios\/\" target=\"_blank\" rel=\"noopener\">sumaron problem\u00e1ticas locales<\/a> en torno a la falta de alimentos, salud y violencia de g\u00e9nero, entre otros.<\/p>\n<p>&nbsp;<\/p>\n<p><strong>Sebasti\u00e1n Borghi<\/strong>, referente del FOL (Frente de Organizaciones en Lucha) habl\u00f3 con<em> Central de Noticias<\/em> y cont\u00f3 que el mi\u00e9rcoles entregaron una carta pidiendo una reuni\u00f3n urgente con el secretario de Desarrollo Humano y Calidad de Vida Diego Robbiani.<\/p>\n<p>&nbsp;<\/p>\n<p><img data-recalc-dims=\"1\" loading=\"lazy\" decoding=\"async\" class=\"size-full wp-image-82825 aligncenter\" src=\"https:\/\/i0.wp.com\/cdnoticias.com\/wp-content\/uploads\/2023\/04\/manifestacion-municipalidad-02.jpg?resize=800%2C445&#038;ssl=1\" alt=\"\" width=\"800\" height=\"445\" srcset=\"https:\/\/i0.wp.com\/cdnoticias.com\/wp-content\/uploads\/2023\/04\/manifestacion-municipalidad-02.jpg?w=800&amp;ssl=1 800w, https:\/\/i0.wp.com\/cdnoticias.com\/wp-content\/uploads\/2023\/04\/manifestacion-municipalidad-02.jpg?resize=300%2C167&amp;ssl=1 300w, https:\/\/i0.wp.com\/cdnoticias.com\/wp-content\/uploads\/2023\/04\/manifestacion-municipalidad-02.jpg?resize=768%2C427&amp;ssl=1 768w\" sizes=\"auto, (max-width: 800px) 100vw, 800px\" \/><\/p>\n<p><img data-recalc-dims=\"1\" loading=\"lazy\" decoding=\"async\" class=\"size-full wp-image-82824 aligncenter\" src=\"https:\/\/i0.wp.com\/cdnoticias.com\/wp-content\/uploads\/2023\/04\/manifestacion-municipalidad-01.jpg?resize=800%2C445&#038;ssl=1\" alt=\"\" width=\"800\" height=\"445\" srcset=\"https:\/\/i0.wp.com\/cdnoticias.com\/wp-content\/uploads\/2023\/04\/manifestacion-municipalidad-01.jpg?w=800&amp;ssl=1 800w, https:\/\/i0.wp.com\/cdnoticias.com\/wp-content\/uploads\/2023\/04\/manifestacion-municipalidad-01.jpg?resize=300%2C167&amp;ssl=1 300w, https:\/\/i0.wp.com\/cdnoticias.com\/wp-content\/uploads\/2023\/04\/manifestacion-municipalidad-01.jpg?resize=768%2C427&amp;ssl=1 768w\" sizes=\"auto, (max-width: 800px) 100vw, 800px\" \/><\/p>\n<p>&nbsp;<\/p>\n<p>\u201cRecibimos como respuesta que esta semana estaban con much\u00edsimo trabajo y que la semana que viene nos van a atender\u201d, se\u00f1al\u00f3 Borghi y asegur\u00f3 que <strong>\u201cesta respuesta no nos conforma porque en otras ocasiones nos ha pasado que nos dicen lo mismo y esa promesa cae en saco roto\u201d.<\/strong><\/p>\n<p>&nbsp;<\/p>\n<blockquote><p>\u201cNo qued\u00f3 estipulado un d\u00eda y una hora porque nos dijeron por mensaje de WhatsApp que estaban con much\u00edsimo trabajo. Nosotros acampamos durante la noche, respondiendo a la medida nacional que fue masiva y no hubo una respuesta concreta\u201d, ampli\u00f3 Borghi.<\/p><\/blockquote>\n<p>&nbsp;<\/p>\n<p><img data-recalc-dims=\"1\" loading=\"lazy\" decoding=\"async\" class=\"size-full wp-image-82826 aligncenter\" src=\"https:\/\/i0.wp.com\/cdnoticias.com\/wp-content\/uploads\/2023\/04\/manifestacion-municipalidad-03.jpg?resize=800%2C445&#038;ssl=1\" alt=\"\" width=\"800\" height=\"445\" srcset=\"https:\/\/i0.wp.com\/cdnoticias.com\/wp-content\/uploads\/2023\/04\/manifestacion-municipalidad-03.jpg?w=800&amp;ssl=1 800w, https:\/\/i0.wp.com\/cdnoticias.com\/wp-content\/uploads\/2023\/04\/manifestacion-municipalidad-03.jpg?resize=300%2C167&amp;ssl=1 300w, https:\/\/i0.wp.com\/cdnoticias.com\/wp-content\/uploads\/2023\/04\/manifestacion-municipalidad-03.jpg?resize=768%2C427&amp;ssl=1 768w\" sizes=\"auto, (max-width: 800px) 100vw, 800px\" \/><\/p>\n<p>&nbsp;<\/p>\n<p>En ese sentido, el referente de la FOL manifest\u00f3 que tras la realizaci\u00f3n de una asamblea \u201cdecidimos<strong> entregar una carta tambi\u00e9n en el Ministerio de Desarrollo Social de Naci\u00f3n<\/strong> y <strong>la pr\u00f3xima semana nos vamos a acercar<\/strong>, se votar\u00e1 una delegaci\u00f3n de compa\u00f1eros que vayan a charlar y esperemos tener una respuesta positiva a todos los reclamos\u201d.<\/p>\n<p>&nbsp;<\/p>\n<blockquote class=\"wp-embedded-content\" data-secret=\"cdOPS3Tir4\"><p><a href=\"https:\/\/cdnoticias.com\/index.php\/2023\/04\/19\/manifestacion-de-la-unidad-piquetera-las-organizaciones-ponemos-el-cuerpo-en-los-barrios\/\">Manifestaci\u00f3n de la unidad piquetera: \u201clas organizaciones ponemos el cuerpo en los barrios\u201d<\/a><\/p><\/blockquote>\n<p><iframe loading=\"lazy\" class=\"wp-embedded-content\" sandbox=\"allow-scripts\" security=\"restricted\" style=\"position: absolute; clip: rect(1px, 1px, 1px, 1px);\" title=\"&#8220;Manifestaci\u00f3n de la unidad piquetera: \u201clas organizaciones ponemos el cuerpo en los barrios\u201d&#8221; &#8212; Central de Noticias | Olavarr\u00eda\" src=\"https:\/\/cdnoticias.com\/index.php\/2023\/04\/19\/manifestacion-de-la-unidad-piquetera-las-organizaciones-ponemos-el-cuerpo-en-los-barrios\/embed\/#?secret=6q89VOJaHp#?secret=cdOPS3Tir4\" data-secret=\"cdOPS3Tir4\" width=\"600\" height=\"338\" frameborder=\"0\" marginwidth=\"0\" marginheight=\"0\" scrolling=\"no\"><\/iframe><\/p>\n","protected":false},"excerpt":{"rendered":"<p>Fue la respuesta obtenida ante el reclamo que llevan adelante el FOL y el Polo Obrero en Olavarr\u00eda. Piden un<\/p>\n","protected":false},"author":5,"featured_media":82823,"comment_status":"closed","ping_status":"closed","sticky":false,"template":"","format":"standard","meta":{"_jetpack_memberships_contains_paid_content":false,"footnotes":""},"categories":[5,1],"tags":[],"class_list":["post-82821","post","type-post","status-publish","format-standard","has-post-thumbnail","hentry","category-informacion-general","category-portada"],"jetpack_featured_media_url":"https:\/\/i0.wp.com\/cdnoticias.com\/wp-content\/uploads\/2023\/04\/manifestacion-municipalidad-00.jpg?fit=800%2C445&ssl=1","jetpack_sharing_enabled":true,"_links":{"self":[{"href":"https:\/\/cdnoticias.com\/index.php\/wp-json\/wp\/v2\/posts\/82821","targetHints":{"allow":["GET"]}}],"collection":[{"href":"https:\/\/cdnoticias.com\/index.php\/wp-json\/wp\/v2\/posts"}],"about":[{"href":"https:\/\/cdnoticias.com\/index.php\/wp-json\/wp\/v2\/types\/post"}],"author":[{"embeddable":true,"href":"https:\/\/cdnoticias.com\/index.php\/wp-json\/wp\/v2\/users\/5"}],"replies":[{"embeddable":true,"href":"https:\/\/cdnoticias.com\/index.php\/wp-json\/wp\/v2\/comments?post=82821"}],"version-history":[{"count":0,"href":"https:\/\/cdnoticias.com\/index.php\/wp-json\/wp\/v2\/posts\/82821\/revisions"}],"wp:featuredmedia":[{"embeddable":true,"href":"https:\/\/cdnoticias.com\/index.php\/wp-json\/wp\/v2\/media\/82823"}],"wp:attachment":[{"href":"https:\/\/cdnoticias.com\/index.php\/wp-json\/wp\/v2\/media?parent=82821"}],"wp:term":[{"taxonomy":"category","embeddable":true,"href":"https:\/\/cdnoticias.com\/index.php\/wp-json\/wp\/v2\/categories?post=82821"},{"taxonomy":"post_tag","embeddable":true,"href":"https:\/\/cdnoticias.com\/index.php\/wp-json\/wp\/v2\/tags?post=82821"}],"curies":[{"name":"wp","href":"https:\/\/api.w.org\/{rel}","templated":true}]}}