{"id":8282,"date":"2020-12-05T19:55:13","date_gmt":"2020-12-05T22:55:13","guid":{"rendered":"http:\/\/www.centraldenoticias.com.ar\/?p=8282"},"modified":"2020-12-05T19:55:13","modified_gmt":"2020-12-05T22:55:13","slug":"capacitacion-virtual-en-violencia-de-genero-en-carceles-de-sierra-chica","status":"publish","type":"post","link":"https:\/\/cdnoticias.com\/index.php\/2020\/12\/05\/capacitacion-virtual-en-violencia-de-genero-en-carceles-de-sierra-chica\/","title":{"rendered":"Capacitaci\u00f3n virtual en Violencia de G\u00e9nero en c\u00e1rceles de Sierra Chica"},"content":{"rendered":"<p>Se llev\u00f3 a cabo a trav\u00e9s de la plataforma Zoom, en el marco de la Campa\u00f1a de Concientizaci\u00f3n y Sensibilizaci\u00f3n contra la Violencia de G\u00e9nero.<\/p>\n<p><!--more--><\/p>\n<hr \/>\n<p>En los \u00faltimos a trav\u00e9s de plataformas virtuales se llev\u00f3 a cabo <strong>un conversatorio sobre Violencia de G\u00e9nero que tuvo como destinatarios a personal penitenciario que se desempe\u00f1a en las sedes carcelarias de Sierra Chica.<\/strong><\/p>\n<p>&nbsp;<\/p>\n<p>Seg\u00fan se precis\u00f3, se llev\u00f3 a cabo v\u00eda Zoom en el marco de la Campa\u00f1a de Concientizaci\u00f3n y Sensibilizaci\u00f3n contra la Violencia de G\u00e9nero y tuvo como<strong> principal disertante a la licenciada en Comunicaci\u00f3n Social y Diplomadaen G\u00e9nero y Movimientos Feministas Florencia Caro De Luca, quien adem\u00e1s es funcionaria de la Direcci\u00f3n de Pol\u00edticas de G\u00e9nero de Olavarr\u00eda.<\/strong><\/p>\n<p>&nbsp;<\/p>\n<p>La presentaci\u00f3n estuvo a cargo de Juan Montenegro, encargado del \u00c1rea de Asistencia Sociolaboral de la Unidad 38 de Sierra chica quien destac\u00f3 que <strong>\u201ceste es el puntapi\u00e9 inicial para enfrentar un desaf\u00edo muy importante como es la concientizaci\u00f3n y sensibilizaci\u00f3n en violencia de g\u00e9nero. Se trata de una problem\u00e1tica que debemos trasladar a nuestros compa\u00f1eros para romper ciertas barreras que est\u00e1n establecidas desde hace tiempo\u201d<\/strong>.<\/p>\n<p>&nbsp;<\/p>\n<p>Por su parte, Cano De Luca dijo que \u201cel mundo est\u00e1 cambiando pero no cantemos victoria, falta mucho por hacer y siempre hubo mucha resistencia para hablar de estos temas.<strong> Hoy con la sanci\u00f3n de la Ley Micaela (27.499) y la Ley Nacional 26.485 de Protecci\u00f3n Integral para prevenir, sancionar y erradicar la violencia contra las mujeres se est\u00e1n generando transformaciones sociales\u201d.<\/strong><\/p>\n<p>&nbsp;<\/p>\n<p>Las actividades que se est\u00e1n desarrollando en los diferentes establecimientos carcelarios de la provincia, est\u00e1n <strong>articuladas con el Equipo Interdisciplinario de G\u00e9nero y Masculinidades, la Direcci\u00f3n de Evaluaci\u00f3n y Desarrollo Personal y la Direcci\u00f3n General de Recursos Humanos con el \u00c1rea de Asistencia Sociolaboral.<\/strong><\/p>\n<p>&nbsp;<\/p>\n","protected":false},"excerpt":{"rendered":"<p>Se llev\u00f3 a cabo a trav\u00e9s de la plataforma Zoom, en el marco de la Campa\u00f1a de Concientizaci\u00f3n y Sensibilizaci\u00f3n<\/p>\n","protected":false},"author":3,"featured_media":8285,"comment_status":"closed","ping_status":"closed","sticky":false,"template":"","format":"standard","meta":{"_jetpack_memberships_contains_paid_content":false,"footnotes":""},"categories":[3],"tags":[],"class_list":["post-8282","post","type-post","status-publish","format-standard","has-post-thumbnail","hentry","category-genero"],"jetpack_featured_media_url":"https:\/\/i0.wp.com\/cdnoticias.com\/wp-content\/uploads\/2020\/12\/U38-Zoom-contra-la-Violencia-de-G%C3%A9nero-en-c%C3%A1rceles-de-Sierra-Chica-2020-noviembre.jpg?fit=640%2C480&ssl=1","jetpack_sharing_enabled":true,"_links":{"self":[{"href":"https:\/\/cdnoticias.com\/index.php\/wp-json\/wp\/v2\/posts\/8282","targetHints":{"allow":["GET"]}}],"collection":[{"href":"https:\/\/cdnoticias.com\/index.php\/wp-json\/wp\/v2\/posts"}],"about":[{"href":"https:\/\/cdnoticias.com\/index.php\/wp-json\/wp\/v2\/types\/post"}],"author":[{"embeddable":true,"href":"https:\/\/cdnoticias.com\/index.php\/wp-json\/wp\/v2\/users\/3"}],"replies":[{"embeddable":true,"href":"https:\/\/cdnoticias.com\/index.php\/wp-json\/wp\/v2\/comments?post=8282"}],"version-history":[{"count":0,"href":"https:\/\/cdnoticias.com\/index.php\/wp-json\/wp\/v2\/posts\/8282\/revisions"}],"wp:featuredmedia":[{"embeddable":true,"href":"https:\/\/cdnoticias.com\/index.php\/wp-json\/wp\/v2\/media\/8285"}],"wp:attachment":[{"href":"https:\/\/cdnoticias.com\/index.php\/wp-json\/wp\/v2\/media?parent=8282"}],"wp:term":[{"taxonomy":"category","embeddable":true,"href":"https:\/\/cdnoticias.com\/index.php\/wp-json\/wp\/v2\/categories?post=8282"},{"taxonomy":"post_tag","embeddable":true,"href":"https:\/\/cdnoticias.com\/index.php\/wp-json\/wp\/v2\/tags?post=8282"}],"curies":[{"name":"wp","href":"https:\/\/api.w.org\/{rel}","templated":true}]}}