{"id":82817,"date":"2023-04-21T08:04:45","date_gmt":"2023-04-21T11:04:45","guid":{"rendered":"https:\/\/www.centraldenoticias.com.ar\/?p=82817"},"modified":"2023-04-21T08:44:32","modified_gmt":"2023-04-21T11:44:32","slug":"cecilia-krivochen-entrego-los-reconocimientos-economicos-a-mujeres-rurales-en-red-y-ana-maria-paladini","status":"publish","type":"post","link":"https:\/\/cdnoticias.com\/index.php\/2023\/04\/21\/cecilia-krivochen-entrego-los-reconocimientos-economicos-a-mujeres-rurales-en-red-y-ana-maria-paladini\/","title":{"rendered":"Cecilia Krivochen entreg\u00f3 los reconocimientos econ\u00f3micos a Mujeres Rurales en Red y Ana Mar\u00eda Paladini"},"content":{"rendered":"<p>Son las ganadoras de los premios Florentina G\u00f3mez Miranda y Dina Pontoni, respectivamente, entregados en un acto a fines de marzo.<\/p>\n<p><!--more--><\/p>\n<hr \/>\n<p>En la ma\u00f1ana del jueves,<strong> Cecilia Krivochen, presidenta del Concejo Deliberante<\/strong>, entreg\u00f3 los reconocimientos econ\u00f3micos a dos ganadoras de los <strong>premios Dina Pontoni y Florentina G\u00f3mez Miranda.<\/strong><\/p>\n<p>&nbsp;<\/p>\n<p>Primero, Cecilia Krivochen recibi\u00f3 a <strong>Luisina Gregorini y Paola Delpiani, integrantes de la Red de Mujeres en Red<\/strong>, quienes fueron reconocidas con el Premio Florentina G\u00f3mez Miranda. Este grupo est\u00e1 compuesto por mujeres de Olavarr\u00eda y la regi\u00f3n que luchan por los derechos de las comunidades rurales y buscan visibilizar cada acci\u00f3n que las involucra, en \u00e1reas como salud, educaci\u00f3n, seguridad, caminos rurales y g\u00e9nero.<\/p>\n<p>&nbsp;<\/p>\n<p><img data-recalc-dims=\"1\" loading=\"lazy\" decoding=\"async\" class=\"size-full wp-image-82818 aligncenter\" src=\"https:\/\/i0.wp.com\/cdnoticias.com\/wp-content\/uploads\/2023\/04\/HCD-Dina-Pontoni-Ana-Maria-Paladini.jpg?resize=800%2C445&#038;ssl=1\" alt=\"\" width=\"800\" height=\"445\" srcset=\"https:\/\/i0.wp.com\/cdnoticias.com\/wp-content\/uploads\/2023\/04\/HCD-Dina-Pontoni-Ana-Maria-Paladini.jpg?w=800&amp;ssl=1 800w, https:\/\/i0.wp.com\/cdnoticias.com\/wp-content\/uploads\/2023\/04\/HCD-Dina-Pontoni-Ana-Maria-Paladini.jpg?resize=300%2C167&amp;ssl=1 300w, https:\/\/i0.wp.com\/cdnoticias.com\/wp-content\/uploads\/2023\/04\/HCD-Dina-Pontoni-Ana-Maria-Paladini.jpg?resize=768%2C427&amp;ssl=1 768w\" sizes=\"auto, (max-width: 800px) 100vw, 800px\" \/><\/p>\n<p>&nbsp;<\/p>\n<p>Luego, Krivochen entreg\u00f3 el cheque a <strong>Ana Mar\u00eda Paladini, ganadora del Premio Dina Pontoni<\/strong>. Paladini ha sido reconocida por su compromiso con el arte y la cultura, ya que comenz\u00f3 a dar clases gratuitas de folklore en 2015 en la Escuela 6 y luego continu\u00f3 en el Servicio Territorial N\u00b0 1 y el NIDO del barrio El Progreso. Paladini no solo ha acercado a los ni\u00f1os a nuestras ra\u00edces, sino que tambi\u00e9n se ocupa de conseguirles el calzado y la ropa necesarios, adem\u00e1s de lavar, planchar y realizar los traslados a cada evento. Ella escucha, acompa\u00f1a y aconseja a sus estudiantes, realizando un trabajo de inclusi\u00f3n social a trav\u00e9s de la danza.<\/p>\n<p>&nbsp;<\/p>\n<p>Ambas ganadoras recibieron un <strong>reconocimiento econ\u00f3mico de 160 mil pesos<\/strong>, estipulado en las ordenanzas vigentes.<\/p>\n<p>&nbsp;<\/p>\n<p>Cabe recordar que las distinciones<a href=\"https:\/\/cdnoticias.com\/index.php\/2023\/04\/01\/se-entregaron-los-premios-dina-pontoni-y-florentina-gomez-miranda\/\" target=\"_blank\" rel=\"noopener\"> se hab\u00edan dado a conocer a fines de marzo en un acto realizado en el Teatro Municipal<\/a>.<\/p>\n<p>&nbsp;<\/p>\n<blockquote class=\"twitter-tweet\">\n<p dir=\"ltr\" lang=\"es\">Cecilia Krivochen los reconocimientos econ\u00f3micos a Mujeres Rurales en Red y Ana Mar\u00eda Paladini, reconocidas con los premios Florentina G\u00f3mez Miranda y Dina Pontoni.<a href=\"https:\/\/t.co\/UXN3yar3BZ\">https:\/\/t.co\/UXN3yar3BZ<\/a> <a href=\"https:\/\/t.co\/HLXd8eKGpB\">pic.twitter.com\/HLXd8eKGpB<\/a><\/p>\n<p>\u2014 HCD Olavarr\u00eda (@HCD_OLAVARRIA) <a href=\"https:\/\/twitter.com\/HCD_OLAVARRIA\/status\/1649089408866435073?ref_src=twsrc%5Etfw\">April 20, 2023<\/a><\/p><\/blockquote>\n<p><script async src=\"https:\/\/platform.twitter.com\/widgets.js\" charset=\"utf-8\"><\/script><\/p>\n<p>&nbsp;<\/p>\n","protected":false},"excerpt":{"rendered":"<p>Son las ganadoras de los premios Florentina G\u00f3mez Miranda y Dina Pontoni, respectivamente, entregados en un acto a fines de<\/p>\n","protected":false},"author":4,"featured_media":82819,"comment_status":"closed","ping_status":"closed","sticky":false,"template":"","format":"standard","meta":{"_jetpack_memberships_contains_paid_content":false,"footnotes":""},"categories":[3,1],"tags":[],"class_list":["post-82817","post","type-post","status-publish","format-standard","has-post-thumbnail","hentry","category-genero","category-portada"],"jetpack_featured_media_url":"https:\/\/i0.wp.com\/cdnoticias.com\/wp-content\/uploads\/2023\/04\/HCD-Florentina-Gomez-Miranda-Mujeres-Rurales-en-Red.jpg?fit=800%2C445&ssl=1","jetpack_sharing_enabled":true,"_links":{"self":[{"href":"https:\/\/cdnoticias.com\/index.php\/wp-json\/wp\/v2\/posts\/82817","targetHints":{"allow":["GET"]}}],"collection":[{"href":"https:\/\/cdnoticias.com\/index.php\/wp-json\/wp\/v2\/posts"}],"about":[{"href":"https:\/\/cdnoticias.com\/index.php\/wp-json\/wp\/v2\/types\/post"}],"author":[{"embeddable":true,"href":"https:\/\/cdnoticias.com\/index.php\/wp-json\/wp\/v2\/users\/4"}],"replies":[{"embeddable":true,"href":"https:\/\/cdnoticias.com\/index.php\/wp-json\/wp\/v2\/comments?post=82817"}],"version-history":[{"count":0,"href":"https:\/\/cdnoticias.com\/index.php\/wp-json\/wp\/v2\/posts\/82817\/revisions"}],"wp:featuredmedia":[{"embeddable":true,"href":"https:\/\/cdnoticias.com\/index.php\/wp-json\/wp\/v2\/media\/82819"}],"wp:attachment":[{"href":"https:\/\/cdnoticias.com\/index.php\/wp-json\/wp\/v2\/media?parent=82817"}],"wp:term":[{"taxonomy":"category","embeddable":true,"href":"https:\/\/cdnoticias.com\/index.php\/wp-json\/wp\/v2\/categories?post=82817"},{"taxonomy":"post_tag","embeddable":true,"href":"https:\/\/cdnoticias.com\/index.php\/wp-json\/wp\/v2\/tags?post=82817"}],"curies":[{"name":"wp","href":"https:\/\/api.w.org\/{rel}","templated":true}]}}