{"id":82756,"date":"2023-04-19T19:53:06","date_gmt":"2023-04-19T22:53:06","guid":{"rendered":"https:\/\/www.centraldenoticias.com.ar\/?p=82756"},"modified":"2023-04-19T19:53:06","modified_gmt":"2023-04-19T22:53:06","slug":"modificaciones-en-el-transporte-publico-nuevos-horarios-y-recorridos","status":"publish","type":"post","link":"https:\/\/cdnoticias.com\/index.php\/2023\/04\/19\/modificaciones-en-el-transporte-publico-nuevos-horarios-y-recorridos\/","title":{"rendered":"Modificaciones en el transporte p\u00fablico: nuevos horarios y recorridos"},"content":{"rendered":"<p>Se implementar\u00e1 desde el pr\u00f3ximo lunes tanto en el servicio de transporte urbano como interurbano.<!--more--><\/p>\n<hr \/>\n<p>Desde<strong> el pr\u00f3ximo lunes<\/strong> ingresar\u00e1n en vigencia <strong>modificaciones en horario y recorrido<\/strong> que afectar\u00e1n tanto al <strong>servicio transporte urbano como interurbano.<\/strong><\/p>\n<p>&nbsp;<\/p>\n<p>En ese sentido, se detall\u00f3 que l<strong>a l\u00ednea 501 ingresar\u00e1 al barrio Villa Magdalena.<\/strong> La traza modificada ser\u00e1:<strong> avenida Col\u00f3n, San Juan, Sargento Cabral, colectora paralela al Parque Lineal \u00abARA San Juan\u00bb, San Mart\u00edn para retomar por avenida Eva Per\u00f3n<\/strong> (ex Circunvalaci\u00f3n) y continuar\u00e1 con su habitual recorrido.<\/p>\n<p>&nbsp;<\/p>\n<p>En tanto, en lo que refiere al <strong>transporte interurbano,<\/strong> el refuerzo de la<strong> l\u00ednea 510<\/strong>, que sale desde <strong>Sierras Bayas,<\/strong> comenzar\u00e1 a <strong>prestar servicio a las 6:50 e ingresar\u00e1 al barrio AOMA.<\/strong><\/p>\n<p>&nbsp;<\/p>\n<p>Vale recordar que al barrio AOMA continuar\u00e1n ingresando los servicios de la l\u00ednea 509, que salen desde Loma Negra, en los horarios de 7:55, 12, 17 y 20 horas. En tanto, ingresar\u00e1n los micros que salen desde Olavarr\u00eda en los horarios de 6:55, 7:45 (a prueba), 9:15, 12:15, 13, 18 y 20 horas.<\/p>\n","protected":false},"excerpt":{"rendered":"<p>Se implementar\u00e1 desde el pr\u00f3ximo lunes tanto en el servicio de transporte urbano como interurbano.<\/p>\n","protected":false},"author":6,"featured_media":51078,"comment_status":"closed","ping_status":"closed","sticky":false,"template":"","format":"standard","meta":{"_jetpack_memberships_contains_paid_content":false,"footnotes":""},"categories":[5,1],"tags":[],"class_list":["post-82756","post","type-post","status-publish","format-standard","has-post-thumbnail","hentry","category-informacion-general","category-portada"],"jetpack_featured_media_url":"https:\/\/i0.wp.com\/cdnoticias.com\/wp-content\/uploads\/2022\/04\/colectivo-boleto-tu-bus-2.jpg?fit=800%2C445&ssl=1","jetpack_sharing_enabled":true,"_links":{"self":[{"href":"https:\/\/cdnoticias.com\/index.php\/wp-json\/wp\/v2\/posts\/82756","targetHints":{"allow":["GET"]}}],"collection":[{"href":"https:\/\/cdnoticias.com\/index.php\/wp-json\/wp\/v2\/posts"}],"about":[{"href":"https:\/\/cdnoticias.com\/index.php\/wp-json\/wp\/v2\/types\/post"}],"author":[{"embeddable":true,"href":"https:\/\/cdnoticias.com\/index.php\/wp-json\/wp\/v2\/users\/6"}],"replies":[{"embeddable":true,"href":"https:\/\/cdnoticias.com\/index.php\/wp-json\/wp\/v2\/comments?post=82756"}],"version-history":[{"count":0,"href":"https:\/\/cdnoticias.com\/index.php\/wp-json\/wp\/v2\/posts\/82756\/revisions"}],"wp:featuredmedia":[{"embeddable":true,"href":"https:\/\/cdnoticias.com\/index.php\/wp-json\/wp\/v2\/media\/51078"}],"wp:attachment":[{"href":"https:\/\/cdnoticias.com\/index.php\/wp-json\/wp\/v2\/media?parent=82756"}],"wp:term":[{"taxonomy":"category","embeddable":true,"href":"https:\/\/cdnoticias.com\/index.php\/wp-json\/wp\/v2\/categories?post=82756"},{"taxonomy":"post_tag","embeddable":true,"href":"https:\/\/cdnoticias.com\/index.php\/wp-json\/wp\/v2\/tags?post=82756"}],"curies":[{"name":"wp","href":"https:\/\/api.w.org\/{rel}","templated":true}]}}