{"id":82749,"date":"2023-04-20T08:14:16","date_gmt":"2023-04-20T11:14:16","guid":{"rendered":"https:\/\/www.centraldenoticias.com.ar\/?p=82749"},"modified":"2023-04-20T09:11:06","modified_gmt":"2023-04-20T12:11:06","slug":"la-subsecretaria-de-mineria-se-reunio-con-la-empresa-que-construira-el-parque-eolico-vientos-olavarria","status":"publish","type":"post","link":"https:\/\/cdnoticias.com\/index.php\/2023\/04\/20\/la-subsecretaria-de-mineria-se-reunio-con-la-empresa-que-construira-el-parque-eolico-vientos-olavarria\/","title":{"rendered":"La Subsecretar\u00eda de Miner\u00eda se reuni\u00f3 con la empresa que construir\u00e1 el Parque E\u00f3lico Vientos Olavarr\u00eda"},"content":{"rendered":"<p>La inversi\u00f3n estimada ronda los 160 millones de d\u00f3lares. &#8220;La Subsecretar\u00eda trabajar\u00e1 en conjunto con la empresa respecto a los aspectos del proyecto que contemplan importantes movimientos de suelo&#8221; se indic\u00f3. <!--more--><\/p>\n<hr \/>\n<p>El subsecretario de Miner\u00eda de la provincia de Buenos Aires, <strong>Federico Aguilera,<\/strong> y la directora de Gesti\u00f3n Minera,<strong> Daiana Tolosa,<\/strong> mantuvieron una reuni\u00f3n de trabajo con <strong>representantes de la empresa Ternium<\/strong> que proyecta construir el <strong>Parque E\u00f3lico Vientos de Olavarr\u00eda<\/strong> (PEVO).<\/p>\n<p>&nbsp;<\/p>\n<p>Por parte de la empresa del grupo <strong>Techint<\/strong> estuvieron presentes Alfredo Morelli, Proyect Manager del &#8220;Parque E\u00f3lico Vientos Olavarr\u00eda&#8221;, y Juan Alvariza Pujol e Ignacio Garc\u00eda del equipo de compra de energ\u00eda de <strong>Ternium.<\/strong><\/p>\n<p>&nbsp;<\/p>\n<p><em><strong>&#8220;La Subsecretar\u00eda trabajar\u00e1 en conjunto con la empresa respecto a los aspectos del proyecto que contemplan importantes movimientos de suelo para lo que son necesarios estudios de impacto ambiental y habilitaciones especiales&#8221;<\/strong><\/em> se indic\u00f3.<\/p>\n<p>&nbsp;<\/p>\n<p><a href=\"https:\/\/cdnoticias.com\/index.php\/2023\/02\/15\/inversion-de-160-millones-de-dolares-para-construir-un-parque-eolico-en-olavarria\/\" target=\"_blank\" rel=\"noopener\">Tal como se hab\u00eda adelantando en febrero cuando se conoci\u00f3 la novedad<\/a>, el Parque E\u00f3lico Vientos de Olavarr\u00eda proyecta una potencia instalada de 72 MW para producir 346 GWH anuales de energ\u00eda a base de fuentes renovables. <strong>La inversi\u00f3n estimada ronda los 160 millones de d\u00f3lares.<\/strong><\/p>\n","protected":false},"excerpt":{"rendered":"<p>La inversi\u00f3n estimada ronda los 160 millones de d\u00f3lares. &#8220;La Subsecretar\u00eda trabajar\u00e1 en conjunto con la empresa respecto a los<\/p>\n","protected":false},"author":6,"featured_media":82751,"comment_status":"closed","ping_status":"closed","sticky":false,"template":"","format":"standard","meta":{"_jetpack_memberships_contains_paid_content":false,"footnotes":""},"categories":[5,1],"tags":[],"class_list":["post-82749","post","type-post","status-publish","format-standard","has-post-thumbnail","hentry","category-informacion-general","category-portada"],"jetpack_featured_media_url":"https:\/\/i0.wp.com\/cdnoticias.com\/wp-content\/uploads\/2023\/04\/WhatsApp-Image-2023-04-19-at-15.19.05.jpeg?fit=1280%2C947&ssl=1","jetpack_sharing_enabled":true,"_links":{"self":[{"href":"https:\/\/cdnoticias.com\/index.php\/wp-json\/wp\/v2\/posts\/82749","targetHints":{"allow":["GET"]}}],"collection":[{"href":"https:\/\/cdnoticias.com\/index.php\/wp-json\/wp\/v2\/posts"}],"about":[{"href":"https:\/\/cdnoticias.com\/index.php\/wp-json\/wp\/v2\/types\/post"}],"author":[{"embeddable":true,"href":"https:\/\/cdnoticias.com\/index.php\/wp-json\/wp\/v2\/users\/6"}],"replies":[{"embeddable":true,"href":"https:\/\/cdnoticias.com\/index.php\/wp-json\/wp\/v2\/comments?post=82749"}],"version-history":[{"count":0,"href":"https:\/\/cdnoticias.com\/index.php\/wp-json\/wp\/v2\/posts\/82749\/revisions"}],"wp:featuredmedia":[{"embeddable":true,"href":"https:\/\/cdnoticias.com\/index.php\/wp-json\/wp\/v2\/media\/82751"}],"wp:attachment":[{"href":"https:\/\/cdnoticias.com\/index.php\/wp-json\/wp\/v2\/media?parent=82749"}],"wp:term":[{"taxonomy":"category","embeddable":true,"href":"https:\/\/cdnoticias.com\/index.php\/wp-json\/wp\/v2\/categories?post=82749"},{"taxonomy":"post_tag","embeddable":true,"href":"https:\/\/cdnoticias.com\/index.php\/wp-json\/wp\/v2\/tags?post=82749"}],"curies":[{"name":"wp","href":"https:\/\/api.w.org\/{rel}","templated":true}]}}