{"id":82739,"date":"2023-04-19T17:15:17","date_gmt":"2023-04-19T20:15:17","guid":{"rendered":"https:\/\/www.centraldenoticias.com.ar\/?p=82739"},"modified":"2023-04-19T17:15:17","modified_gmt":"2023-04-19T20:15:17","slug":"stella-maris-morey-q-e-p-d","status":"publish","type":"post","link":"https:\/\/cdnoticias.com\/index.php\/2023\/04\/19\/stella-maris-morey-q-e-p-d\/","title":{"rendered":"Stella Maris Morey (Q.E.P.D.)"},"content":{"rendered":"<p>Falleci\u00f3 en Olavarr\u00eda el d\u00eda 19 de abril de 2023 a los 74 a\u00f1os. Sus hijos Ricardo, Ver\u00f3nica y Anal\u00eda. Sus hijos pol\u00edticos Alejandro Hait y Jos\u00e9 Paris. Sus nietos Emilia, Santino, Joaqu\u00edn y Clara. Sus hermanos Dardo e Isabel Morey. Sus hermanos pol\u00edticos. Sus sobrinos. El padre de su hija Julio Ollo y dem\u00e1s deudos participan su fallecimiento.<\/p>\n<p>&nbsp;<\/p>\n<p>Velatorio: Espa\u00f1a 2942 departamento &#8220;F&#8221;. El velatorio comienza a las 17:00. Responso: Capilla Ardiente. Cremaci\u00f3n: Crematorio Pinos de Paz, jueves 20 de abril a las 12:30. Servicio adherido a Coopelectric.<\/p>\n<p>&nbsp;<\/p>\n<p>Barrio en el que viv\u00eda: Vecina de Barrio Sarmiento.<\/p>\n<p>Lugar de nacimiento: Nacida en Olavarr\u00eda.<\/p>\n<p>Actividad que desarrollaba: Jubilada. Fue presidenta de la sociedad de Fomento Barrio Sarmiento. Ex concejal del HCD. Ex delegada de Coopelectric.<\/p>\n","protected":false},"excerpt":{"rendered":"<p>Falleci\u00f3 en Olavarr\u00eda el d\u00eda 19 de abril de 2023 a los 74 a\u00f1os. Sus hijos Ricardo, Ver\u00f3nica y Anal\u00eda.<\/p>\n","protected":false},"author":6,"featured_media":67646,"comment_status":"closed","ping_status":"closed","sticky":false,"template":"","format":"standard","meta":{"_jetpack_memberships_contains_paid_content":false,"footnotes":""},"categories":[10],"tags":[],"class_list":["post-82739","post","type-post","status-publish","format-standard","has-post-thumbnail","hentry","category-necrologicas"],"jetpack_featured_media_url":"https:\/\/i0.wp.com\/cdnoticias.com\/wp-content\/uploads\/2022\/10\/necrologicas-390-x-240.jpg?fit=390%2C240&ssl=1","jetpack_sharing_enabled":true,"_links":{"self":[{"href":"https:\/\/cdnoticias.com\/index.php\/wp-json\/wp\/v2\/posts\/82739","targetHints":{"allow":["GET"]}}],"collection":[{"href":"https:\/\/cdnoticias.com\/index.php\/wp-json\/wp\/v2\/posts"}],"about":[{"href":"https:\/\/cdnoticias.com\/index.php\/wp-json\/wp\/v2\/types\/post"}],"author":[{"embeddable":true,"href":"https:\/\/cdnoticias.com\/index.php\/wp-json\/wp\/v2\/users\/6"}],"replies":[{"embeddable":true,"href":"https:\/\/cdnoticias.com\/index.php\/wp-json\/wp\/v2\/comments?post=82739"}],"version-history":[{"count":0,"href":"https:\/\/cdnoticias.com\/index.php\/wp-json\/wp\/v2\/posts\/82739\/revisions"}],"wp:featuredmedia":[{"embeddable":true,"href":"https:\/\/cdnoticias.com\/index.php\/wp-json\/wp\/v2\/media\/67646"}],"wp:attachment":[{"href":"https:\/\/cdnoticias.com\/index.php\/wp-json\/wp\/v2\/media?parent=82739"}],"wp:term":[{"taxonomy":"category","embeddable":true,"href":"https:\/\/cdnoticias.com\/index.php\/wp-json\/wp\/v2\/categories?post=82739"},{"taxonomy":"post_tag","embeddable":true,"href":"https:\/\/cdnoticias.com\/index.php\/wp-json\/wp\/v2\/tags?post=82739"}],"curies":[{"name":"wp","href":"https:\/\/api.w.org\/{rel}","templated":true}]}}