{"id":82705,"date":"2023-04-19T11:42:44","date_gmt":"2023-04-19T14:42:44","guid":{"rendered":"https:\/\/www.centraldenoticias.com.ar\/?p=82705"},"modified":"2023-04-19T13:39:24","modified_gmt":"2023-04-19T16:39:24","slug":"cecilia-krivochen-la-mujer-en-olavarria-tiene-todas-las-posibilidades-y-el-camino-abierto","status":"publish","type":"post","link":"https:\/\/cdnoticias.com\/index.php\/2023\/04\/19\/cecilia-krivochen-la-mujer-en-olavarria-tiene-todas-las-posibilidades-y-el-camino-abierto\/","title":{"rendered":"Cecilia Krivochen: \u201cLa mujer en Olavarr\u00eda tiene todas las posibilidades y el camino abierto\u201d"},"content":{"rendered":"<p>La presidenta del HCD present\u00f3 el encuentro provincial de Mujeres PRO a realizarse este s\u00e1bado. \u201cLejos est\u00e1 de ser un encuentro de mujeres que siguen a un dirigente u otro, en estas jornadas de trabajo confluyen mujeres que vemos en la pol\u00edtica una herramienta de transformaci\u00f3n\u201d destac\u00f3.<\/p>\n<p><!--more--><\/p>\n<hr \/>\n<p>Este s\u00e1bado se realizar\u00e1 en nuestra ciudad el<strong> encuentro provincial de Mujeres PRO<\/strong> que encabezar\u00e1 la<strong> presidenta del Concejo Deliberante, Cecilia Krivochen<\/strong>.<\/p>\n<p>&nbsp;<\/p>\n<p>La actividad tendr\u00e1 lugar <strong>de 10 a 15<\/strong> aproximadamente en un predio ubicado en Rend\u00f3n al 5100 y se espera la llegada de<strong> decenas de asistentes de toda la provincia de Buenos Aires<\/strong>. Desde las 9 se abrir\u00e1n las puertas.<\/p>\n<p>&nbsp;<\/p>\n<blockquote><p>\u201cVenimos trabajando desde hace unos a\u00f1os dentro del equipo de mujeres Pro de la provincia y Olavarr\u00eda como cabecera de secci\u00f3n est\u00e1 presente\u201d destac\u00f3 la concejal en referencia al grupo provincial dentro del partido. As\u00ed aclar\u00f3 que este ser\u00e1 el segundo encuentro del a\u00f1o y pro primera vez se realiza en Olavarr\u00eda. \u201cEstamos con muchas expectativas, hay muchas mujeres anotadas de toda la provincia\u201d indic\u00f3 en declaraciones al programa Levantate por Radio Sapiens (FM 102.7).<\/p><\/blockquote>\n<p>&nbsp;<\/p>\n<p>Se confirm\u00f3 la asistencia de <strong>siete legisladoras nacionales y provinciales<\/strong>, entre ellas <strong>Daniela Reich, Silvia Lospennato, Gladys Gonz\u00e1lez y Mar\u00eda Sotolano<\/strong>. Tambi\u00e9n estar\u00e1 <strong>Ros\u00edo Antironi<\/strong>, coordinadora de Mujeres Pro en la Provincia.<\/p>\n<p>&nbsp;<\/p>\n<p><img data-recalc-dims=\"1\" loading=\"lazy\" decoding=\"async\" class=\"size-full wp-image-82707 aligncenter\" src=\"https:\/\/i0.wp.com\/cdnoticias.com\/wp-content\/uploads\/2023\/04\/mujerespro.jpg?resize=800%2C444&#038;ssl=1\" alt=\"\" width=\"800\" height=\"444\" srcset=\"https:\/\/i0.wp.com\/cdnoticias.com\/wp-content\/uploads\/2023\/04\/mujerespro.jpg?w=800&amp;ssl=1 800w, https:\/\/i0.wp.com\/cdnoticias.com\/wp-content\/uploads\/2023\/04\/mujerespro.jpg?resize=300%2C167&amp;ssl=1 300w, https:\/\/i0.wp.com\/cdnoticias.com\/wp-content\/uploads\/2023\/04\/mujerespro.jpg?resize=768%2C426&amp;ssl=1 768w\" sizes=\"auto, (max-width: 800px) 100vw, 800px\" \/><\/p>\n<p>&nbsp;<\/p>\n<p>\u201cEsperamos una linda jornada para<strong> debatir y compartir experiencias de distintos lugares<\/strong>, porque hay mujeres que est\u00e1n y trabajan en la pol\u00edtica, pero hay muchas mujeres comprometidas con la pol\u00edtica que viene de otros \u00e1mbitos\u201d expres\u00f3 Krivochen.<\/p>\n<p>&nbsp;<\/p>\n<p>Durante el encuentro se desarrollar\u00e1n <strong>talleres sobre gesti\u00f3n p\u00fablica, sobre mujeres y pol\u00edtica y tambi\u00e9n aspectos de la campa\u00f1a electoral que viene<\/strong>. Las asistentes compartir\u00e1n un almuerzo y para el cierre estar\u00e1 el<strong> intendente Ezequiel Galli.<\/strong><\/p>\n<p>&nbsp;<\/p>\n<blockquote><p>Acerca de la participaci\u00f3n, la presidenta del HCD local aclar\u00f3 que participar\u00e1n militantes y referentes de las distintas l\u00edneas internas del partido, quienes apoyan a diferentes precandidatos presidenciales. \u201cLejos est\u00e1 de ser un encuentro de mujeres que siguen a un dirigente u otro, en estas jornadas de trabajo confluyen mujeres que vemos en la pol\u00edtica una herramienta de transformaci\u00f3n y trabajamos en pos de eso y en pos de que las mujeres lleguen a lugares de decisi\u00f3n que a\u00fan nos cuesta\u201d destac\u00f3.<\/p><\/blockquote>\n<p>&nbsp;<\/p>\n<p><strong>Las mujeres en lugares de decisi\u00f3n<\/strong><\/p>\n<p>&nbsp;<\/p>\n<p>Cecilia Krivochen respondi\u00f3 sobre la experiencia local del lugar de las mujeres en la gesti\u00f3n municipal. \u201cCon respecto a otras ciudades y otras experiencias que conozco, <strong>ha sido m\u00e1s f\u00e1cil porque hemos tenido mucha libertad para poder opinar, proponer y para que se nos escuche.<\/strong> Yo soy como una prueba de que es posible en base al trabajo, al compromiso y a seguir form\u00e1ndonos para poder liderar equipos. S\u00ed es dif\u00edcil a nivel provincial y todav\u00eda falta mucho para la paridad\u201d dijo.<\/p>\n<p>&nbsp;<\/p>\n<p>\u201cHay lugares en que a\u00fan no han llegado, ni siquiera tienen un lugar de opini\u00f3n en mesas de decisiones.<strong> Olavarr\u00eda es un caso medio aislado de que s\u00ed es posible. Pero obviamente a veces requiere mucho esfuerzo y a veces requiere validar competencias y conocimientos para determinados lugares<\/strong>. Pero no es dif\u00edcil. Creo que las generaciones que vienen ni siquiera van a pensar en esto\u201d agreg\u00f3 la concejal.<\/p>\n<p>&nbsp;<\/p>\n<p><img data-recalc-dims=\"1\" loading=\"lazy\" decoding=\"async\" class=\"size-full wp-image-82708 aligncenter\" src=\"https:\/\/i0.wp.com\/cdnoticias.com\/wp-content\/uploads\/2023\/04\/HCD-presidencia-ceclia-krivochen-0.jpg?resize=800%2C445&#038;ssl=1\" alt=\"\" width=\"800\" height=\"445\" srcset=\"https:\/\/i0.wp.com\/cdnoticias.com\/wp-content\/uploads\/2023\/04\/HCD-presidencia-ceclia-krivochen-0.jpg?w=800&amp;ssl=1 800w, https:\/\/i0.wp.com\/cdnoticias.com\/wp-content\/uploads\/2023\/04\/HCD-presidencia-ceclia-krivochen-0.jpg?resize=300%2C167&amp;ssl=1 300w, https:\/\/i0.wp.com\/cdnoticias.com\/wp-content\/uploads\/2023\/04\/HCD-presidencia-ceclia-krivochen-0.jpg?resize=768%2C427&amp;ssl=1 768w\" sizes=\"auto, (max-width: 800px) 100vw, 800px\" \/><\/p>\n<p>&nbsp;<\/p>\n<p>Hizo hincapi\u00e9 en que \u201cen Olavarr\u00eda tenemos<strong> un grupo activo de reuni\u00f3n de m\u00e1s de 100 mujeres<\/strong>. Y no somos 100 mujeres trabajando en pol\u00edtica, hay de distintos \u00e1mbitos como la educaci\u00f3n, la cultura, el deporte, la seguridad. Trabajamos en pos de proponer cosas con una mirada distinta\u201d.<\/p>\n<p>&nbsp;<\/p>\n<blockquote><p>Asimismo, se refiri\u00f3 a su llegada a la pol\u00edtica de la mano de Ezequiel Galli. \u201cEstoy con Ezequiel desde sus inicios, y en realidad me met\u00ed en pol\u00edtica justamente con Ezequiel. Siempre he tenido la libertad de decir lo que pienso, de poder ir y proponer, y que se me escuche. La mujer en Olavarr\u00eda tiene todas las posibilidades y el camino abierto\u201d subray\u00f3.<\/p><\/blockquote>\n<p>&nbsp;<\/p>\n<p><strong>\u201cBullrichistas\u201d en el encuentro<\/strong><\/p>\n<p>&nbsp;<\/p>\n<p>Desde el sector de <strong>Por Olavarr\u00eda Todos<\/strong>, <a href=\"https:\/\/cdnoticias.com\/index.php\/2023\/04\/11\/con-andrea-coronel-en-la-foto-patricia-bullrich-mostro-su-alianza-con-el-vecinalismo\/\" target=\"_blank\" rel=\"noopener\">de reciente formalizaci\u00f3n en su apoyo a la precandidatura de Patricia Bullrich a la presidencia por el Pro dentro de Juntos<\/a> se adelant\u00f3 que <strong>asistir\u00e1n al encuentro del s\u00e1bado.<\/strong><\/p>\n<p>&nbsp;<\/p>\n<p><img data-recalc-dims=\"1\" loading=\"lazy\" decoding=\"async\" class=\"aligncenter wp-image-82706\" src=\"https:\/\/i0.wp.com\/cdnoticias.com\/wp-content\/uploads\/2023\/04\/bullrichistas.jpeg?resize=600%2C600&#038;ssl=1\" alt=\"\" width=\"600\" height=\"600\" srcset=\"https:\/\/i0.wp.com\/cdnoticias.com\/wp-content\/uploads\/2023\/04\/bullrichistas.jpeg?w=852&amp;ssl=1 852w, https:\/\/i0.wp.com\/cdnoticias.com\/wp-content\/uploads\/2023\/04\/bullrichistas.jpeg?resize=300%2C300&amp;ssl=1 300w, https:\/\/i0.wp.com\/cdnoticias.com\/wp-content\/uploads\/2023\/04\/bullrichistas.jpeg?resize=150%2C150&amp;ssl=1 150w, https:\/\/i0.wp.com\/cdnoticias.com\/wp-content\/uploads\/2023\/04\/bullrichistas.jpeg?resize=768%2C768&amp;ssl=1 768w\" sizes=\"auto, (max-width: 600px) 100vw, 600px\" \/><\/p>\n<p>&nbsp;<\/p>\n<p>\u201cEntre las dirigentes que arribaran a la ciudad se encuentran la diputada nacional <strong>Mar\u00eda Sotolano<\/strong>, la diputada provincial <strong>Florencia Retamoso<\/strong>, las senadoras provinciales <strong>Lorena Petrovich y Aldana Ahumada<\/strong>, adem\u00e1s de concejales y consejeras del bullrichismo\u201d se inform\u00f3.<\/p>\n<p>&nbsp;<\/p>\n<p>Asimismo, se destac\u00f3 que estar\u00e1 presente <strong>la olavarriense Andrea Coronel, referente de \u201cMujeres Bullrichistas\u201d<\/strong> junto a dirigentes que conforman la S\u00e9ptima Secci\u00f3n electoral.<\/p>\n<p>&nbsp;<\/p>\n<blockquote><p>\u201cDarle un marco institucional al PRO Mujeres incluye el reconocimiento y la valoraci\u00f3n de todas las mujeres que vienen trabajando en el armado del partido desde sus inicios, cuyos aportes han sido trascendentales para encaminar y construir este espacio. Es un espacio de construcci\u00f3n que est\u00e1 en sinton\u00eda con el resto del partido y que busca lograr mayor participaci\u00f3n de las mujeres en pol\u00edtica\u201d se defini\u00f3 desde Por Olavarr\u00eda Todos.<\/p><\/blockquote>\n<p>&nbsp;<\/p>\n","protected":false},"excerpt":{"rendered":"<p>La presidenta del HCD present\u00f3 el encuentro provincial de Mujeres PRO a realizarse este s\u00e1bado. \u201cLejos est\u00e1 de ser un<\/p>\n","protected":false},"author":4,"featured_media":66653,"comment_status":"closed","ping_status":"closed","sticky":false,"template":"","format":"standard","meta":{"_jetpack_memberships_contains_paid_content":false,"footnotes":""},"categories":[4,1],"tags":[],"class_list":["post-82705","post","type-post","status-publish","format-standard","has-post-thumbnail","hentry","category-politica","category-portada"],"jetpack_featured_media_url":"https:\/\/i0.wp.com\/cdnoticias.com\/wp-content\/uploads\/2022\/10\/Krivochen01-scaled.jpg?fit=2560%2C1424&ssl=1","jetpack_sharing_enabled":true,"_links":{"self":[{"href":"https:\/\/cdnoticias.com\/index.php\/wp-json\/wp\/v2\/posts\/82705","targetHints":{"allow":["GET"]}}],"collection":[{"href":"https:\/\/cdnoticias.com\/index.php\/wp-json\/wp\/v2\/posts"}],"about":[{"href":"https:\/\/cdnoticias.com\/index.php\/wp-json\/wp\/v2\/types\/post"}],"author":[{"embeddable":true,"href":"https:\/\/cdnoticias.com\/index.php\/wp-json\/wp\/v2\/users\/4"}],"replies":[{"embeddable":true,"href":"https:\/\/cdnoticias.com\/index.php\/wp-json\/wp\/v2\/comments?post=82705"}],"version-history":[{"count":0,"href":"https:\/\/cdnoticias.com\/index.php\/wp-json\/wp\/v2\/posts\/82705\/revisions"}],"wp:featuredmedia":[{"embeddable":true,"href":"https:\/\/cdnoticias.com\/index.php\/wp-json\/wp\/v2\/media\/66653"}],"wp:attachment":[{"href":"https:\/\/cdnoticias.com\/index.php\/wp-json\/wp\/v2\/media?parent=82705"}],"wp:term":[{"taxonomy":"category","embeddable":true,"href":"https:\/\/cdnoticias.com\/index.php\/wp-json\/wp\/v2\/categories?post=82705"},{"taxonomy":"post_tag","embeddable":true,"href":"https:\/\/cdnoticias.com\/index.php\/wp-json\/wp\/v2\/tags?post=82705"}],"curies":[{"name":"wp","href":"https:\/\/api.w.org\/{rel}","templated":true}]}}