{"id":82703,"date":"2023-04-19T10:43:27","date_gmt":"2023-04-19T13:43:27","guid":{"rendered":"https:\/\/www.centraldenoticias.com.ar\/?p=82703"},"modified":"2023-04-19T10:43:27","modified_gmt":"2023-04-19T13:43:27","slug":"bloqueo-por-sospecha-de-un-caso-de-dengue-se-reprogramo-para-el-jueves","status":"publish","type":"post","link":"https:\/\/cdnoticias.com\/index.php\/2023\/04\/19\/bloqueo-por-sospecha-de-un-caso-de-dengue-se-reprogramo-para-el-jueves\/","title":{"rendered":"Bloqueo por sospecha de un caso de dengue: se reprogram\u00f3 para el jueves"},"content":{"rendered":"<p>Iba a realizarse este mi\u00e9rcoles en la zona norte de la ciudad, pero se pospuso debido a las condiciones clim\u00e1ticas. Comenzar\u00e1 a las 9 de la ma\u00f1ana.<\/p>\n<p><!--more--><\/p>\n<hr \/>\n<p>Este martes se dio a conocer que <strong>tres olavarrienses, integrantes de una misma familia<\/strong>, presentaron en las \u00faltimas horas <strong>s\u00edntomas compatibles con dengue, fiebre zika y chikungunya.<\/strong><\/p>\n<p>&nbsp;<\/p>\n<p>En ese contexto <a href=\"https:\/\/cdnoticias.com\/index.php\/2023\/04\/18\/olavarrienses-con-sintomas-compatibles-con-dengue-bromatologia-hara-un-nuevo-bloqueo\/\" target=\"_blank\" rel=\"noopener\">se hab\u00eda indicado que este mi\u00e9rcoles iba a realizarse un bloque en el sector norte de la ciudad<\/a>, m\u00e1s precisamente en el llamado barrio Norte, con intervenci\u00f3n del personal de Bromatolog\u00eda.<\/p>\n<p>&nbsp;<\/p>\n<blockquote><p>Finalmente, la medida fue suspendida y reprogramada: \u201cel bloqueo por sospecha de dengue se suspendi\u00f3 debido a las condiciones clim\u00e1ticas del d\u00eda de la fecha. Ser\u00e1 ma\u00f1ana jueves a partir de las 9 horas\u201d se dio a conocer.<\/p><\/blockquote>\n<p>&nbsp;<\/p>\n<p>El bloqueo abarcar\u00e1 el sector comprendido por las calles<strong> 25 de Mayo, Lisandro de la Torre, Moreno y Lebensohn.<\/strong><\/p>\n<p>&nbsp;<\/p>\n<p>La <strong>Direcci\u00f3n de Bromatolog\u00eda municipal recomend\u00f3<\/strong> mantener el orden y la higiene de los patios y terrenos bald\u00edos, evitar juntar agua de lluvia o, en caso que esto resulte indispensable, no almacenarla por m\u00e1s de tres d\u00edas, cepillando todo el recipiente antes de recoger agua nuevamente, cambiar el agua de los bebederos de animales diariamente, no dejar recipientes sin tapar en el patio, no juntar chatarra y elementos en desuso.<\/p>\n<p>&nbsp;<\/p>\n","protected":false},"excerpt":{"rendered":"<p>Iba a realizarse este mi\u00e9rcoles en la zona norte de la ciudad, pero se pospuso debido a las condiciones clim\u00e1ticas.<\/p>\n","protected":false},"author":4,"featured_media":46564,"comment_status":"closed","ping_status":"closed","sticky":false,"template":"","format":"standard","meta":{"_jetpack_memberships_contains_paid_content":false,"footnotes":""},"categories":[5,1],"tags":[],"class_list":["post-82703","post","type-post","status-publish","format-standard","has-post-thumbnail","hentry","category-informacion-general","category-portada"],"jetpack_featured_media_url":"https:\/\/i0.wp.com\/cdnoticias.com\/wp-content\/uploads\/2022\/02\/bromatologia-00.jpg?fit=800%2C445&ssl=1","jetpack_sharing_enabled":true,"_links":{"self":[{"href":"https:\/\/cdnoticias.com\/index.php\/wp-json\/wp\/v2\/posts\/82703","targetHints":{"allow":["GET"]}}],"collection":[{"href":"https:\/\/cdnoticias.com\/index.php\/wp-json\/wp\/v2\/posts"}],"about":[{"href":"https:\/\/cdnoticias.com\/index.php\/wp-json\/wp\/v2\/types\/post"}],"author":[{"embeddable":true,"href":"https:\/\/cdnoticias.com\/index.php\/wp-json\/wp\/v2\/users\/4"}],"replies":[{"embeddable":true,"href":"https:\/\/cdnoticias.com\/index.php\/wp-json\/wp\/v2\/comments?post=82703"}],"version-history":[{"count":0,"href":"https:\/\/cdnoticias.com\/index.php\/wp-json\/wp\/v2\/posts\/82703\/revisions"}],"wp:featuredmedia":[{"embeddable":true,"href":"https:\/\/cdnoticias.com\/index.php\/wp-json\/wp\/v2\/media\/46564"}],"wp:attachment":[{"href":"https:\/\/cdnoticias.com\/index.php\/wp-json\/wp\/v2\/media?parent=82703"}],"wp:term":[{"taxonomy":"category","embeddable":true,"href":"https:\/\/cdnoticias.com\/index.php\/wp-json\/wp\/v2\/categories?post=82703"},{"taxonomy":"post_tag","embeddable":true,"href":"https:\/\/cdnoticias.com\/index.php\/wp-json\/wp\/v2\/tags?post=82703"}],"curies":[{"name":"wp","href":"https:\/\/api.w.org\/{rel}","templated":true}]}}