{"id":82692,"date":"2023-04-21T10:17:43","date_gmt":"2023-04-21T13:17:43","guid":{"rendered":"https:\/\/www.centraldenoticias.com.ar\/?p=82692"},"modified":"2023-04-21T10:17:43","modified_gmt":"2023-04-21T13:17:43","slug":"aoma-se-prepara-para-el-53-congreso-general-ordinario","status":"publish","type":"post","link":"https:\/\/cdnoticias.com\/index.php\/2023\/04\/21\/aoma-se-prepara-para-el-53-congreso-general-ordinario\/","title":{"rendered":"AOMA se prepara para el 53 Congreso General Ordinario"},"content":{"rendered":"<p>Ser\u00e1 el 28 de abril a las 10:00 en la seccional 28 de octubre, ubicada en La Calera, provincia de C\u00f3rdoba. Previamente, se realizar\u00e1 una reuni\u00f3n de Agrupaci\u00f3n y se reunir\u00e1 el Consejo Directivo.<!--more--><\/p>\n<hr \/>\n<p>El pr\u00f3ximo 28 de abril, la Asociaci\u00f3n Obrera Minera Argentina realizar\u00e1 su<strong> Congreso General Ordinario n\u00famero 53.<\/strong><\/p>\n<p>&nbsp;<\/p>\n<p>De igual manera, los d\u00edas previos al evento tambi\u00e9n contar\u00e1n con actividades. El d\u00eda 26 de abril ser\u00e1 el turno de la reuni\u00f3n de Agrupaci\u00f3n Pol\u00edtica, mientras que el 27 se reunir\u00e1 el Consejo Directivo de la Asociaci\u00f3n.<\/p>\n<p>&nbsp;<\/p>\n<blockquote><p>El evento principal se desarrollar\u00e1 el d\u00eda viernes a las 10:00 en el Sal\u00f3n de Usos M\u00faltiples de la seccional 28 de octubre, ubicada en La Calera, provincia de C\u00f3rdoba.<\/p><\/blockquote>\n<p>&nbsp;<\/p>\n<p>Seg\u00fan informaron desde el gremio, el Congreso se efectuar\u00e1 de acuerdo a los estatutos vigentes en la Asociaci\u00f3n Obrera Minera Argentina, y comenzar\u00e1 con la <strong>apertura, la constituci\u00f3n de la Comisi\u00f3n de Poderes, acreditaciones y la elecci\u00f3n de las autoridades del Congreso.<\/strong><\/p>\n<p>&nbsp;<\/p>\n<p>Acto seguido, ser\u00e1 puesto a consideraci\u00f3n el acta anterior, la Memoria y, posteriormente, se analizar\u00e1 y ser\u00e1 puesto a consideraci\u00f3n el <strong>Balance del a\u00f1o 2022<\/strong>, para ser aprobado por los congresales.<\/p>\n<p>&nbsp;<\/p>\n<p>El evento culminar\u00e1 con la clausura del Congreso y, posteriormente, una cena de camarader\u00eda con todos los congresales presentes.<\/p>\n","protected":false},"excerpt":{"rendered":"<p>Ser\u00e1 el 28 de abril a las 10:00 en la seccional 28 de octubre, ubicada en La Calera, provincia de<\/p>\n","protected":false},"author":5,"featured_media":82693,"comment_status":"closed","ping_status":"closed","sticky":false,"template":"","format":"standard","meta":{"_jetpack_memberships_contains_paid_content":false,"footnotes":""},"categories":[6],"tags":[],"class_list":["post-82692","post","type-post","status-publish","format-standard","has-post-thumbnail","hentry","category-nacionales"],"jetpack_featured_media_url":"https:\/\/i0.wp.com\/cdnoticias.com\/wp-content\/uploads\/2023\/04\/aoma-congreso.jpg?fit=1060%2C590&ssl=1","jetpack_sharing_enabled":true,"_links":{"self":[{"href":"https:\/\/cdnoticias.com\/index.php\/wp-json\/wp\/v2\/posts\/82692","targetHints":{"allow":["GET"]}}],"collection":[{"href":"https:\/\/cdnoticias.com\/index.php\/wp-json\/wp\/v2\/posts"}],"about":[{"href":"https:\/\/cdnoticias.com\/index.php\/wp-json\/wp\/v2\/types\/post"}],"author":[{"embeddable":true,"href":"https:\/\/cdnoticias.com\/index.php\/wp-json\/wp\/v2\/users\/5"}],"replies":[{"embeddable":true,"href":"https:\/\/cdnoticias.com\/index.php\/wp-json\/wp\/v2\/comments?post=82692"}],"version-history":[{"count":0,"href":"https:\/\/cdnoticias.com\/index.php\/wp-json\/wp\/v2\/posts\/82692\/revisions"}],"wp:featuredmedia":[{"embeddable":true,"href":"https:\/\/cdnoticias.com\/index.php\/wp-json\/wp\/v2\/media\/82693"}],"wp:attachment":[{"href":"https:\/\/cdnoticias.com\/index.php\/wp-json\/wp\/v2\/media?parent=82692"}],"wp:term":[{"taxonomy":"category","embeddable":true,"href":"https:\/\/cdnoticias.com\/index.php\/wp-json\/wp\/v2\/categories?post=82692"},{"taxonomy":"post_tag","embeddable":true,"href":"https:\/\/cdnoticias.com\/index.php\/wp-json\/wp\/v2\/tags?post=82692"}],"curies":[{"name":"wp","href":"https:\/\/api.w.org\/{rel}","templated":true}]}}