{"id":82668,"date":"2023-04-18T20:08:10","date_gmt":"2023-04-18T23:08:10","guid":{"rendered":"https:\/\/www.centraldenoticias.com.ar\/?p=82668"},"modified":"2023-04-19T08:40:52","modified_gmt":"2023-04-19T11:40:52","slug":"galli-confirmo-realizacion-de-la-27o-edicion-de-la-feria-del-libro","status":"publish","type":"post","link":"https:\/\/cdnoticias.com\/index.php\/2023\/04\/18\/galli-confirmo-realizacion-de-la-27o-edicion-de-la-feria-del-libro\/","title":{"rendered":"Galli confirm\u00f3 realizaci\u00f3n de la 27\u00ba edici\u00f3n de la Feria del Libro"},"content":{"rendered":"<p>Ser\u00e1 del 13 al 17 de septiembre en el Centro Cultural Municipal San Jos\u00e9.<!--more--><\/p>\n<hr \/>\n<p>En la tarde de este martes, el <strong>intendente Ezequiel Galli<\/strong> confirm\u00f3 a trav\u00e9s de sus redes sociales la <strong>27\u00ba edici\u00f3n de la Feria del Libro.\u00a0<\/strong><\/p>\n<p>&nbsp;<\/p>\n<p>El evento ser\u00e1 del <strong>13 al 17 de septiembre<\/strong> en el <strong>Centro Cultural Municipal San Jos\u00e9.<\/strong><\/p>\n<p>&nbsp;<\/p>\n<p>Se realizar\u00e1n talleres, charlas, actividades y contar\u00e1 con la presencia de figuras locales, regionales y nacionales.<\/p>\n<p>&nbsp;<\/p>\n<p><em><strong>&#8220;Un evento que estamos preparando para que disfruten escuelas, escritores, librer\u00edas y toda la comunidad<\/strong><\/em>&#8221; expres\u00f3 el Intendente, en una muestra que volver\u00e1 tras la <strong>\u00faltima edici\u00f3n realizada en 2019, primera en el formato &#8220;bienal&#8221; que nunca lleg\u00f3 a repetirse luego de declararse la pandemia en 2020 y postergarse tanto en 2021 como en 2022 por distintas razones.<\/strong><\/p>\n","protected":false},"excerpt":{"rendered":"<p>Ser\u00e1 del 13 al 17 de septiembre en el Centro Cultural Municipal San Jos\u00e9.<\/p>\n","protected":false},"author":6,"featured_media":82669,"comment_status":"closed","ping_status":"closed","sticky":false,"template":"","format":"standard","meta":{"_jetpack_memberships_contains_paid_content":false,"footnotes":""},"categories":[5,1],"tags":[],"class_list":["post-82668","post","type-post","status-publish","format-standard","has-post-thumbnail","hentry","category-informacion-general","category-portada"],"jetpack_featured_media_url":"https:\/\/i0.wp.com\/cdnoticias.com\/wp-content\/uploads\/2023\/04\/Feria-del-Libro-8-scaled.jpg?fit=2560%2C1707&ssl=1","jetpack_sharing_enabled":true,"_links":{"self":[{"href":"https:\/\/cdnoticias.com\/index.php\/wp-json\/wp\/v2\/posts\/82668","targetHints":{"allow":["GET"]}}],"collection":[{"href":"https:\/\/cdnoticias.com\/index.php\/wp-json\/wp\/v2\/posts"}],"about":[{"href":"https:\/\/cdnoticias.com\/index.php\/wp-json\/wp\/v2\/types\/post"}],"author":[{"embeddable":true,"href":"https:\/\/cdnoticias.com\/index.php\/wp-json\/wp\/v2\/users\/6"}],"replies":[{"embeddable":true,"href":"https:\/\/cdnoticias.com\/index.php\/wp-json\/wp\/v2\/comments?post=82668"}],"version-history":[{"count":0,"href":"https:\/\/cdnoticias.com\/index.php\/wp-json\/wp\/v2\/posts\/82668\/revisions"}],"wp:featuredmedia":[{"embeddable":true,"href":"https:\/\/cdnoticias.com\/index.php\/wp-json\/wp\/v2\/media\/82669"}],"wp:attachment":[{"href":"https:\/\/cdnoticias.com\/index.php\/wp-json\/wp\/v2\/media?parent=82668"}],"wp:term":[{"taxonomy":"category","embeddable":true,"href":"https:\/\/cdnoticias.com\/index.php\/wp-json\/wp\/v2\/categories?post=82668"},{"taxonomy":"post_tag","embeddable":true,"href":"https:\/\/cdnoticias.com\/index.php\/wp-json\/wp\/v2\/tags?post=82668"}],"curies":[{"name":"wp","href":"https:\/\/api.w.org\/{rel}","templated":true}]}}