{"id":82638,"date":"2023-04-19T08:55:08","date_gmt":"2023-04-19T11:55:08","guid":{"rendered":"https:\/\/www.centraldenoticias.com.ar\/?p=82638"},"modified":"2023-04-19T08:55:08","modified_gmt":"2023-04-19T11:55:08","slug":"convocatoria-para-el-mercado-popular-la-capitana","status":"publish","type":"post","link":"https:\/\/cdnoticias.com\/index.php\/2023\/04\/19\/convocatoria-para-el-mercado-popular-la-capitana\/","title":{"rendered":"Convocatoria para el Mercado Popular &#8220;La Capitana&#8221;"},"content":{"rendered":"<p>Est\u00e1 destinado a mujeres y disidencias que producen y buscan su propio sustento. El encuentro ser\u00e1 el mi\u00e9rcoles a las 15 horas en el espacio cultural La Yumba, ubicado en \u00c1lvaro Barros 3800, esquina Laprida.<!--more--><\/p>\n<hr \/>\n<p>El<strong> Mercado Popular<\/strong> &#8220;<strong>La Capitana&#8221;<\/strong> conducido desde el<strong> Frente de Mujeres del Movimiento Evita<\/strong>, invita a<strong> mujeres y disidencias<\/strong> que quieran sumarse a esta propuesta.<\/p>\n<p>&nbsp;<\/p>\n<p>El encuentro ser\u00e1 el<strong> mi\u00e9rcoles a las 15 horas<\/strong> en el espacio cultural <strong>La Yumba<\/strong>, ubicado en \u00c1lvaro Barros 3800, esquina Laprida.<\/p>\n<p>&nbsp;<\/p>\n<p>&#8220;La Capitana es un mecanismo de<strong> feria y comercializaci\u00f3n para trabajadoras de la econom\u00eda popular<\/strong>. A mediados del a\u00f1o 2022, el mercado organiz\u00f3 y particip\u00f3 en <strong>10 espacios de ferias propios y\/o co-organizados con otras\/os feriantes.<\/strong> De esta manera se logr\u00f3 aceitar un circuito de comercializaci\u00f3n y generar la promoci\u00f3n para un urgente cambio en la forma de producir y consumir&#8221; expresaron desde el espacio.<\/p>\n<p>&nbsp;<\/p>\n<p>&#8220;La Econom\u00eda Popular es una forma de organizaci\u00f3n y de poner en valor saberes y trabajos que siempre fueron invisibilizados&#8221; cerraron.<\/p>\n","protected":false},"excerpt":{"rendered":"<p>Est\u00e1 destinado a mujeres y disidencias que producen y buscan su propio sustento. El encuentro ser\u00e1 el mi\u00e9rcoles a las<\/p>\n","protected":false},"author":6,"featured_media":82639,"comment_status":"closed","ping_status":"closed","sticky":false,"template":"","format":"standard","meta":{"_jetpack_memberships_contains_paid_content":false,"footnotes":""},"categories":[9,1],"tags":[],"class_list":["post-82638","post","type-post","status-publish","format-standard","has-post-thumbnail","hentry","category-cultura","category-portada"],"jetpack_featured_media_url":"https:\/\/i0.wp.com\/cdnoticias.com\/wp-content\/uploads\/2023\/04\/WhatsApp-Image-2023-04-18-at-13.43.29.jpeg?fit=1080%2C720&ssl=1","jetpack_sharing_enabled":true,"_links":{"self":[{"href":"https:\/\/cdnoticias.com\/index.php\/wp-json\/wp\/v2\/posts\/82638","targetHints":{"allow":["GET"]}}],"collection":[{"href":"https:\/\/cdnoticias.com\/index.php\/wp-json\/wp\/v2\/posts"}],"about":[{"href":"https:\/\/cdnoticias.com\/index.php\/wp-json\/wp\/v2\/types\/post"}],"author":[{"embeddable":true,"href":"https:\/\/cdnoticias.com\/index.php\/wp-json\/wp\/v2\/users\/6"}],"replies":[{"embeddable":true,"href":"https:\/\/cdnoticias.com\/index.php\/wp-json\/wp\/v2\/comments?post=82638"}],"version-history":[{"count":0,"href":"https:\/\/cdnoticias.com\/index.php\/wp-json\/wp\/v2\/posts\/82638\/revisions"}],"wp:featuredmedia":[{"embeddable":true,"href":"https:\/\/cdnoticias.com\/index.php\/wp-json\/wp\/v2\/media\/82639"}],"wp:attachment":[{"href":"https:\/\/cdnoticias.com\/index.php\/wp-json\/wp\/v2\/media?parent=82638"}],"wp:term":[{"taxonomy":"category","embeddable":true,"href":"https:\/\/cdnoticias.com\/index.php\/wp-json\/wp\/v2\/categories?post=82638"},{"taxonomy":"post_tag","embeddable":true,"href":"https:\/\/cdnoticias.com\/index.php\/wp-json\/wp\/v2\/tags?post=82638"}],"curies":[{"name":"wp","href":"https:\/\/api.w.org\/{rel}","templated":true}]}}