{"id":82632,"date":"2023-04-18T18:01:51","date_gmt":"2023-04-18T21:01:51","guid":{"rendered":"https:\/\/www.centraldenoticias.com.ar\/?p=82632"},"modified":"2023-04-18T19:31:59","modified_gmt":"2023-04-18T22:31:59","slug":"detuvieron-a-un-hombre-por-amenazas-y-lesiones-en-contexto-de-violencia-de-genero","status":"publish","type":"post","link":"https:\/\/cdnoticias.com\/index.php\/2023\/04\/18\/detuvieron-a-un-hombre-por-amenazas-y-lesiones-en-contexto-de-violencia-de-genero\/","title":{"rendered":"Detuvieron a un hombre por amenazas y lesiones en contexto de violencia de g\u00e9nero"},"content":{"rendered":"<p>Fue en el microcentro de la ciudad, en plena v\u00eda p\u00fablica. Fue tras una investigaci\u00f3n de la Comisar\u00eda Primera. <!--more--><\/p>\n<hr \/>\n<p>Este martes,<strong> un hombre de 33 a\u00f1os fue detenido por personal de Comisar\u00eda Primera que ten\u00eda una orden de detenci\u00f3n por una causa de amenazas y lesiones en contexto de violencia de g\u00e9nero.<\/strong><\/p>\n<p>&nbsp;<\/p>\n<p>Seg\u00fan se explic\u00f3, tras tareas de campo y encubiertas, <strong>personal policial intercept\u00f3 en Moreno entre Necochea y Sargento Cabral \u2013en plena v\u00eda p\u00fablica- al hombre identificado como Diego Roberto Martinesky, y fue inmediatamente detenido.<\/strong><\/p>\n<p>&nbsp;<\/p>\n<p>Cabe se\u00f1alar que la detenci\u00f3n se dio por una orden de detenci\u00f3n por una causa caratulada como<strong><em> \u201cAmenazas simples, lesiones agravadas en concurso ideal y real y en contexto de violencia familiar y de g\u00e9nero\u201d.<\/em><\/strong><\/p>\n<p>&nbsp;<\/p>\n<p>Por la causa, a cargo de la UFI N\u00b05, <strong>el detenido ahora fue alojado en la Comisar\u00eda Primera a la espera de un cupo en una unidad penitenciaria.<\/strong><\/p>\n","protected":false},"excerpt":{"rendered":"<p>Fue en el microcentro de la ciudad, en plena v\u00eda p\u00fablica. Fue tras una investigaci\u00f3n de la Comisar\u00eda Primera.<\/p>\n","protected":false},"author":2,"featured_media":82634,"comment_status":"closed","ping_status":"closed","sticky":false,"template":"","format":"standard","meta":{"_jetpack_memberships_contains_paid_content":false,"footnotes":""},"categories":[14,1],"tags":[],"class_list":["post-82632","post","type-post","status-publish","format-standard","has-post-thumbnail","hentry","category-policiales","category-portada"],"jetpack_featured_media_url":"https:\/\/i0.wp.com\/cdnoticias.com\/wp-content\/uploads\/2023\/04\/WhatsApp-Image-2023-04-18-at-15.16.49.jpeg?fit=1200%2C693&ssl=1","jetpack_sharing_enabled":true,"_links":{"self":[{"href":"https:\/\/cdnoticias.com\/index.php\/wp-json\/wp\/v2\/posts\/82632","targetHints":{"allow":["GET"]}}],"collection":[{"href":"https:\/\/cdnoticias.com\/index.php\/wp-json\/wp\/v2\/posts"}],"about":[{"href":"https:\/\/cdnoticias.com\/index.php\/wp-json\/wp\/v2\/types\/post"}],"author":[{"embeddable":true,"href":"https:\/\/cdnoticias.com\/index.php\/wp-json\/wp\/v2\/users\/2"}],"replies":[{"embeddable":true,"href":"https:\/\/cdnoticias.com\/index.php\/wp-json\/wp\/v2\/comments?post=82632"}],"version-history":[{"count":0,"href":"https:\/\/cdnoticias.com\/index.php\/wp-json\/wp\/v2\/posts\/82632\/revisions"}],"wp:featuredmedia":[{"embeddable":true,"href":"https:\/\/cdnoticias.com\/index.php\/wp-json\/wp\/v2\/media\/82634"}],"wp:attachment":[{"href":"https:\/\/cdnoticias.com\/index.php\/wp-json\/wp\/v2\/media?parent=82632"}],"wp:term":[{"taxonomy":"category","embeddable":true,"href":"https:\/\/cdnoticias.com\/index.php\/wp-json\/wp\/v2\/categories?post=82632"},{"taxonomy":"post_tag","embeddable":true,"href":"https:\/\/cdnoticias.com\/index.php\/wp-json\/wp\/v2\/tags?post=82632"}],"curies":[{"name":"wp","href":"https:\/\/api.w.org\/{rel}","templated":true}]}}