{"id":82591,"date":"2023-04-21T14:09:27","date_gmt":"2023-04-21T17:09:27","guid":{"rendered":"https:\/\/www.centraldenoticias.com.ar\/?p=82591"},"modified":"2023-04-22T09:30:38","modified_gmt":"2023-04-22T12:30:38","slug":"desde-tapalque-denuncian-amenazas-en-la-protesta-en-coopelectric-contra-contaminacion-del-arroyo","status":"publish","type":"post","link":"https:\/\/cdnoticias.com\/index.php\/2023\/04\/21\/desde-tapalque-denuncian-amenazas-en-la-protesta-en-coopelectric-contra-contaminacion-del-arroyo\/","title":{"rendered":"Desde Tapalqu\u00e9 denuncian amenazas en la protesta en Coopelectric contra contaminaci\u00f3n del arroyo"},"content":{"rendered":"<p>Mart\u00edn Acosta expuso que fue \u201cincrepado y amenazado\u201d el lunes en Olavarr\u00eda. Adem\u00e1s, acerc\u00f3 a la UFI 10 un an\u00e1lisis del agua del arroyo en la localidad de Tapalqu\u00e9 y videos con los que buscan demostrar el vertido de efluentes sin tratar desde la planta cloacal. Destac\u00f3 el apoyo de los vecinos de Olavarr\u00eda.<\/p>\n<p><!--more--><\/p>\n<hr \/>\n<p>El <strong>vecino tapalquense, Mart\u00edn Acosta<\/strong>, uno de los impulsores del <strong>reclamo contra Coopelectric por contaminaci\u00f3n en el arroyo<\/strong>, denunci\u00f3 que <strong>fue \u201cincrepado y amenazado\u201d<\/strong> el lunes en Olavarr\u00eda cuando participaba de una<strong> manifestaci\u00f3n en la v\u00eda p\u00fablica<\/strong>. Por otro lado, Acosta, acerc\u00f3 a la UFI 10 un an\u00e1lisis del agua del arroyo en la localidad de Tapalqu\u00e9 y videos con los que buscan demostrar el vertido de efluentes sin tratar desde la planta cloacal.<\/p>\n<p>&nbsp;<\/p>\n<p><a href=\"https:\/\/cdnoticias.com\/index.php\/2023\/04\/17\/denunciaron-en-coopelectric-contaminacion-de-las-aguas-del-arroyo-tapalque\/\" target=\"_blank\" rel=\"noopener\">Frente a la sede de Coopelectric en nuestra ciudad se reiter\u00f3 la denuncia por contaminaci\u00f3n<\/a> del arroyo asentada en octubre del a\u00f1o pasado desde la localidad de Tapalqu\u00e9. Tal como inform\u00f3 <strong>Central de Noticias<\/strong>, durante la ma\u00f1ana estuvieron los denunciantes, <strong>Mart\u00edn Acosta de esa localidad y Fabi\u00e1n Rodr\u00edguez, ex empleado de la planta depuradora de l\u00edquidos cloacales<\/strong> a cargo de Coopelectric. Junto al <strong>abogado C\u00e9sar Garc\u00eda<\/strong>, y colocaron carteler\u00eda frente a la cooperativa en Belgrano al 2600.<\/p>\n<p>&nbsp;<\/p>\n<p>A trav\u00e9s de un comunicado difundido en las \u00faltimas horas <strong>Acosta dio a conocer que el lunes al mediod\u00eda, mientras repart\u00eda folletos en la esquina de Rivadavia y Belgrano, fue abordado por un hombre.<\/strong><\/p>\n<p>&nbsp;<\/p>\n<figure id=\"attachment_82487\" aria-describedby=\"caption-attachment-82487\" style=\"width: 800px\" class=\"wp-caption aligncenter\"><img data-recalc-dims=\"1\" loading=\"lazy\" decoding=\"async\" class=\"wp-image-82487 size-full\" src=\"https:\/\/i0.wp.com\/cdnoticias.com\/wp-content\/uploads\/2023\/04\/protesta-coopelectric-tapalque-04-martin-acosta.jpg?resize=800%2C445&#038;ssl=1\" alt=\"\" width=\"800\" height=\"445\" srcset=\"https:\/\/i0.wp.com\/cdnoticias.com\/wp-content\/uploads\/2023\/04\/protesta-coopelectric-tapalque-04-martin-acosta.jpg?w=800&amp;ssl=1 800w, https:\/\/i0.wp.com\/cdnoticias.com\/wp-content\/uploads\/2023\/04\/protesta-coopelectric-tapalque-04-martin-acosta.jpg?resize=300%2C167&amp;ssl=1 300w, https:\/\/i0.wp.com\/cdnoticias.com\/wp-content\/uploads\/2023\/04\/protesta-coopelectric-tapalque-04-martin-acosta.jpg?resize=768%2C427&amp;ssl=1 768w\" sizes=\"auto, (max-width: 800px) 100vw, 800px\" \/><figcaption id=\"caption-attachment-82487\" class=\"wp-caption-text\">Mart\u00edn Acosta: \u201clo que perseguimos es el bien al ambiente y a la salud\u201d.<\/figcaption><\/figure>\n<p>&nbsp;<\/p>\n<p>&nbsp;<\/p>\n<blockquote><p>\u201cEn momentos que me encontraba dialogando con una vecina de ese medio explic\u00e1ndole nuestra problem\u00e1tica, se acerca por calle Belgrano un veh\u00edculo chico color marr\u00f3n claro, tipo 5 puertas, conducido por un masculino de 45 a\u00f1os aproximados, estaciona en dicha esquina y me pide un folleto, por lo que dejo de hablar con la se\u00f1ora y al momento de entreg\u00e1rselo me increpa y propicia una amenaza hacia mi persona para que desista del reclamo que estamos llevando adelante con un grupo de vecinos a favor del ambiente. Seguidamente intent\u00e9 mediar palabras con el agresor para saber de qui\u00e9n se trataba y este emprendi\u00f3 su marcha con su veh\u00edculo por calle Belgrano hacia calle Vicente L\u00f3pez\u201d relat\u00f3.<\/p><\/blockquote>\n<p>&nbsp;<\/p>\n<p>Indic\u00f3 a ra\u00edz de esta situaci\u00f3n <strong>\u201cme siento atemorizado por lo que me pueda suceder a futuro con mi integridad f\u00edsica<\/strong>, y tambi\u00e9n temo por la seguridad del resto de mis compa\u00f1eros\u201d.<\/p>\n<p>&nbsp;<\/p>\n<p>Adem\u00e1s, asegur\u00f3 que<strong> \u201ctenemos identificado al agresor\u201d<\/strong>. Con la representaci\u00f3n legal del abogado Garc\u00eda, se\u00f1al\u00f3 que pedir\u00e1 \u201cim\u00e1genes de las c\u00e1maras de seguridad\u201d y que <strong>asent\u00f3 la denuncia de lo que sucedi\u00f3 en la Comisar\u00eda de Tapalqu\u00e9.<\/strong><\/p>\n<p>&nbsp;<\/p>\n<p><strong>Aportes a la causa<\/strong><\/p>\n<p>&nbsp;<\/p>\n<p>Asimismo, el d\u00eda lunes <strong>Acosta se present\u00f3 en la UFI N\u00ba 10 de Olavarr\u00eda<\/strong>, a cargo del fiscal Miguel Pi\u00f1eiro, donde <strong>aport\u00f3 documentaci\u00f3n<\/strong> <a href=\"https:\/\/cdnoticias.com\/index.php\/2022\/10\/11\/desde-tapalque-denunciaron-a-coopelectric-por-contaminacion-del-arroyo\/\" target=\"_blank\" rel=\"noopener\">a la causa iniciada en octubre de 2022 tras la denuncia que \u00e9l present\u00f3<\/a>.<\/p>\n<p>&nbsp;<\/p>\n<p>El denunciante inform\u00f3 a este medio que<strong> sum\u00f3 el an\u00e1lisis de una muestra de agua del arroyo<\/strong> tomada en el \u201cinicio del balneario\u201d en la localidad de Tapalqu\u00e9 cuyo resultado arroj\u00f3 que <strong>\u201cno es apta para consumo humano\u201d.<\/strong><\/p>\n<p>&nbsp;<\/p>\n<blockquote><p>La prueba se hizo el 31 de marzo. Se desprende que contiene: colonias aer\u00f3bicas mes\u00f3filas \u2013 excedido de lo permitido; coliformes (materia fecal) altamente excedido de lo permitido; presencia de Bacteria Escherichia coli; presencia de Bacteria Klebsiella; presencia de Bacteria Citrobacter; presencia de Bacteria Enterobacter.<\/p><\/blockquote>\n<p>&nbsp;<\/p>\n<p><img data-recalc-dims=\"1\" loading=\"lazy\" decoding=\"async\" class=\"size-full wp-image-82592 aligncenter\" src=\"https:\/\/i0.wp.com\/cdnoticias.com\/wp-content\/uploads\/2023\/04\/tapalque-coopelectric-contaminacion-arroyo-prueba-de-agua-0.jpg?resize=600%2C733&#038;ssl=1\" alt=\"\" width=\"600\" height=\"733\" srcset=\"https:\/\/i0.wp.com\/cdnoticias.com\/wp-content\/uploads\/2023\/04\/tapalque-coopelectric-contaminacion-arroyo-prueba-de-agua-0.jpg?w=600&amp;ssl=1 600w, https:\/\/i0.wp.com\/cdnoticias.com\/wp-content\/uploads\/2023\/04\/tapalque-coopelectric-contaminacion-arroyo-prueba-de-agua-0.jpg?resize=246%2C300&amp;ssl=1 246w\" sizes=\"auto, (max-width: 600px) 100vw, 600px\" \/><\/p>\n<p>&nbsp;<\/p>\n<p>Adem\u00e1s, Acosta le llev\u00f3 a la Fiscal\u00eda un pendrive con <strong>videos realizados en el vuelco final de la planta depuradora con fecha 9 de enero y 23 de marzo de este a\u00f1o<\/strong> \u201cen donde se puede ver los desechos arrojados al arroyo\u201d explic\u00f3. Aclar\u00f3 que \u201cya hemos aportados muchos videos el a\u00f1o pasado con la misma situaci\u00f3n\u201d. Con ello buscan demostrar que continua el vertido de aguas servidas sin tratar.<\/p>\n<p>&nbsp;<\/p>\n<blockquote><p>Durante la manifestaci\u00f3n Acosta hizo hincapi\u00e9 en que \u201clo que perseguimos es el bien al ambiente y a la salud\u201d y reiter\u00f3 su pedido a las autoridades de Coopelectric \u201cque inviertan en la planta para que esto no suceda m\u00e1s\u201d. A su vez, se quej\u00f3 de que \u201cel poder pol\u00edtico tampoco act\u00faa\u201d y de que \u201cel poder judicial est\u00e1 muy lento, no avanza con la causa\u201d.<\/p><\/blockquote>\n<p>&nbsp;<\/p>\n<p>Respecto de las novedades en la investigaci\u00f3n penal, indic\u00f3 que<strong> fue citado a declarar Fabi\u00e1n Rodr\u00edguez<\/strong> para ratificar lo que hab\u00eda expuesto sobre el mal funcionamiento de la planta depuradora. <strong>No fueron citados integrantes de la cooperativa<\/strong>.<\/p>\n<p>&nbsp;<\/p>\n<p><img data-recalc-dims=\"1\" loading=\"lazy\" decoding=\"async\" class=\"size-large wp-image-82594 aligncenter\" src=\"https:\/\/i0.wp.com\/cdnoticias.com\/wp-content\/uploads\/2023\/04\/protesta-tapalque-coopelectric-contaminacion-arroyo-1.jpeg?resize=800%2C360&#038;ssl=1\" alt=\"\" width=\"800\" height=\"360\" srcset=\"https:\/\/i0.wp.com\/cdnoticias.com\/wp-content\/uploads\/2023\/04\/protesta-tapalque-coopelectric-contaminacion-arroyo-1.jpeg?resize=1024%2C461&amp;ssl=1 1024w, https:\/\/i0.wp.com\/cdnoticias.com\/wp-content\/uploads\/2023\/04\/protesta-tapalque-coopelectric-contaminacion-arroyo-1.jpeg?resize=300%2C135&amp;ssl=1 300w, https:\/\/i0.wp.com\/cdnoticias.com\/wp-content\/uploads\/2023\/04\/protesta-tapalque-coopelectric-contaminacion-arroyo-1.jpeg?resize=768%2C346&amp;ssl=1 768w, https:\/\/i0.wp.com\/cdnoticias.com\/wp-content\/uploads\/2023\/04\/protesta-tapalque-coopelectric-contaminacion-arroyo-1.jpeg?resize=1536%2C691&amp;ssl=1 1536w, https:\/\/i0.wp.com\/cdnoticias.com\/wp-content\/uploads\/2023\/04\/protesta-tapalque-coopelectric-contaminacion-arroyo-1.jpeg?w=1600&amp;ssl=1 1600w\" sizes=\"auto, (max-width: 800px) 100vw, 800px\" \/><\/p>\n<p>&nbsp;<\/p>\n<p>Tambi\u00e9n adelant\u00f3 que<strong> un perito bioqu\u00edmico vendr\u00e1 a Olavarr\u00eda a tomar un muestreo los d\u00edas 24, 25 y 26 de abril<\/strong> tras reprogramar la fecha de la pericia que debi\u00f3 realizarse el mes pasado. En ese punto, el denunciante se quej\u00f3 de que<em> \u201cya est\u00e1 sabiendo la gente de la planta, ese d\u00eda no va a haber nada. Eso nos indigna\u201d<\/em>.<\/p>\n<p>&nbsp;<\/p>\n<p><strong>\u201cLos abogados de Coopelectric pidieron que se archive la causa<\/strong>. Fueron muy r\u00e1pidos\u201d a\u00f1adi\u00f3 sobre la respuesta de la concesionaria ante las acusaciones.<\/p>\n<p>&nbsp;<\/p>\n<blockquote><p>A modo de balance de la manifestaci\u00f3n, Acosta destac\u00f3 este martes su intenci\u00f3n de \u201cagradecer a los vecinos de Olavarr\u00eda en general por el apoyo y solidaridad con nuestro reclamo. Lo consideraron muy justo y nos animaron a que sigamos por este camino\u201d.<\/p><\/blockquote>\n<p>&nbsp;<\/p>\n<p>Se\u00f1al\u00f3 que<strong> \u201cmucha gente se acerc\u00f3\u201d al punto de la manifestaci\u00f3n<\/strong> \u201cy nos preguntaba c\u00f3mo pod\u00eda ayudar. Le dec\u00edamos que compartan en sus redes para crear conciencia e informar sobre la situaci\u00f3n del arroyo Tapalqu\u00e9\u201d.<\/p>\n<p>&nbsp;<\/p>\n<p><img data-recalc-dims=\"1\" loading=\"lazy\" decoding=\"async\" class=\"size-full wp-image-82595 aligncenter\" src=\"https:\/\/i0.wp.com\/cdnoticias.com\/wp-content\/uploads\/2023\/04\/protesta-tapalque-coopelectric-contaminacion-arroyo-2.jpeg?resize=800%2C360&#038;ssl=1\" alt=\"\" width=\"800\" height=\"360\" srcset=\"https:\/\/i0.wp.com\/cdnoticias.com\/wp-content\/uploads\/2023\/04\/protesta-tapalque-coopelectric-contaminacion-arroyo-2.jpeg?w=1020&amp;ssl=1 1020w, https:\/\/i0.wp.com\/cdnoticias.com\/wp-content\/uploads\/2023\/04\/protesta-tapalque-coopelectric-contaminacion-arroyo-2.jpeg?resize=300%2C135&amp;ssl=1 300w, https:\/\/i0.wp.com\/cdnoticias.com\/wp-content\/uploads\/2023\/04\/protesta-tapalque-coopelectric-contaminacion-arroyo-2.jpeg?resize=768%2C346&amp;ssl=1 768w\" sizes=\"auto, (max-width: 800px) 100vw, 800px\" \/><\/p>\n<p>&nbsp;<\/p>\n","protected":false},"excerpt":{"rendered":"<p>Mart\u00edn Acosta expuso que fue \u201cincrepado y amenazado\u201d el lunes en Olavarr\u00eda. Adem\u00e1s, acerc\u00f3 a la UFI 10 un an\u00e1lisis<\/p>\n","protected":false},"author":4,"featured_media":82484,"comment_status":"closed","ping_status":"closed","sticky":false,"template":"","format":"standard","meta":{"_jetpack_memberships_contains_paid_content":false,"footnotes":""},"categories":[14,1],"tags":[],"class_list":["post-82591","post","type-post","status-publish","format-standard","has-post-thumbnail","hentry","category-policiales","category-portada"],"jetpack_featured_media_url":"https:\/\/i0.wp.com\/cdnoticias.com\/wp-content\/uploads\/2023\/04\/protesta-coopelectric-tapalque-01.jpg?fit=800%2C445&ssl=1","jetpack_sharing_enabled":true,"_links":{"self":[{"href":"https:\/\/cdnoticias.com\/index.php\/wp-json\/wp\/v2\/posts\/82591","targetHints":{"allow":["GET"]}}],"collection":[{"href":"https:\/\/cdnoticias.com\/index.php\/wp-json\/wp\/v2\/posts"}],"about":[{"href":"https:\/\/cdnoticias.com\/index.php\/wp-json\/wp\/v2\/types\/post"}],"author":[{"embeddable":true,"href":"https:\/\/cdnoticias.com\/index.php\/wp-json\/wp\/v2\/users\/4"}],"replies":[{"embeddable":true,"href":"https:\/\/cdnoticias.com\/index.php\/wp-json\/wp\/v2\/comments?post=82591"}],"version-history":[{"count":0,"href":"https:\/\/cdnoticias.com\/index.php\/wp-json\/wp\/v2\/posts\/82591\/revisions"}],"wp:featuredmedia":[{"embeddable":true,"href":"https:\/\/cdnoticias.com\/index.php\/wp-json\/wp\/v2\/media\/82484"}],"wp:attachment":[{"href":"https:\/\/cdnoticias.com\/index.php\/wp-json\/wp\/v2\/media?parent=82591"}],"wp:term":[{"taxonomy":"category","embeddable":true,"href":"https:\/\/cdnoticias.com\/index.php\/wp-json\/wp\/v2\/categories?post=82591"},{"taxonomy":"post_tag","embeddable":true,"href":"https:\/\/cdnoticias.com\/index.php\/wp-json\/wp\/v2\/tags?post=82591"}],"curies":[{"name":"wp","href":"https:\/\/api.w.org\/{rel}","templated":true}]}}