{"id":82581,"date":"2023-04-18T11:20:08","date_gmt":"2023-04-18T14:20:08","guid":{"rendered":"https:\/\/www.centraldenoticias.com.ar\/?p=82581"},"modified":"2023-04-18T11:20:08","modified_gmt":"2023-04-18T14:20:08","slug":"aguilera-abrio-la-cursada-de-la-tecnicatura-superior-en-mineria","status":"publish","type":"post","link":"https:\/\/cdnoticias.com\/index.php\/2023\/04\/18\/aguilera-abrio-la-cursada-de-la-tecnicatura-superior-en-mineria\/","title":{"rendered":"Aguilera abri\u00f3 la cursada de la Tecnicatura Superior en Miner\u00eda"},"content":{"rendered":"<p>Fue este lunes en el sal\u00f3n de actos del Instituto de Formaci\u00f3n T\u00e9cnica n\u00b0 130. Se trata de la primera Tecnicatura Superior en Miner\u00eda p\u00fablica y gratuita de Olavarr\u00eda.<\/p>\n<p><!--more--><\/p>\n<hr \/>\n<p>Se inici\u00f3 a la<strong> cursada de la Tecnicatura Superior en Miner\u00eda<\/strong> con un acto que se realiz\u00f3 este lunes en el sal\u00f3n de actos de la Escuela Secundaria N\u00b010, ex Normal, donde funciona el <strong>Instituto de Formaci\u00f3n T\u00e9cnica n\u00b0 130.<\/strong><\/p>\n<p>&nbsp;<\/p>\n<p>Se trata de la <strong>primera Tecnicatura Superior en Miner\u00eda p\u00fablica y gratuita<\/strong> de Olavarr\u00eda.<\/p>\n<p>&nbsp;<\/p>\n<p>En el acto estuvo el<strong> subsecretario de Miner\u00eda de la provincia de Buenos Aires, Federico Aguilera<\/strong>, junto a la Jefa Regional de Educaci\u00f3n, Marta Casanella, el inspector de Educaci\u00f3n T\u00e9cnico Profesional, Leonardo Rinaldi, el director del IFT N\u00b0130, Sebasti\u00e1n Ostertag, y dem\u00e1s autoridades educativas.<\/p>\n<p>&nbsp;<\/p>\n<blockquote><p>&#8220;Aunque parezca incre\u00edble, Olavarr\u00eda, la principal ciudad minera de la provincia y una de los m\u00e1s importantes del pa\u00eds, no contaba con una tecnicatura en miner\u00eda p\u00fablica y estatal. Al mismo tiempo, nos encontramos con la dificultad de muchas empresas para conseguir mano de obra calificada&#8221;, explic\u00f3 Aguilera.<\/p><\/blockquote>\n<p>&nbsp;<\/p>\n<p>Agreg\u00f3 que &#8220;a lo largo de toda la cursada<strong> tendr\u00e1n todo tipo de materias en el marco de un proyecto educativo muy amplio<\/strong> que les permitir\u00e1 salir a buscar trabajo con muchas m\u00e1s posibilidades de ser aceptados&#8221;.<\/p>\n<p>&nbsp;<\/p>\n<p><img data-recalc-dims=\"1\" loading=\"lazy\" decoding=\"async\" class=\"size-full wp-image-82583 aligncenter\" src=\"https:\/\/i0.wp.com\/cdnoticias.com\/wp-content\/uploads\/2023\/04\/tecnicatura-en-mineria-Aguilera-01.jpg?resize=800%2C445&#038;ssl=1\" alt=\"\" width=\"800\" height=\"445\" srcset=\"https:\/\/i0.wp.com\/cdnoticias.com\/wp-content\/uploads\/2023\/04\/tecnicatura-en-mineria-Aguilera-01.jpg?w=800&amp;ssl=1 800w, https:\/\/i0.wp.com\/cdnoticias.com\/wp-content\/uploads\/2023\/04\/tecnicatura-en-mineria-Aguilera-01.jpg?resize=300%2C167&amp;ssl=1 300w, https:\/\/i0.wp.com\/cdnoticias.com\/wp-content\/uploads\/2023\/04\/tecnicatura-en-mineria-Aguilera-01.jpg?resize=768%2C427&amp;ssl=1 768w\" sizes=\"auto, (max-width: 800px) 100vw, 800px\" \/><\/p>\n<p>&nbsp;<\/p>\n<p>La apertura de esta oferta educativa gener\u00f3 un gran inter\u00e9s y las cursadas se iniciaron con <strong>todos los cupos llenos<\/strong>. Un dato relevante es que el <strong>62% de la matr\u00edcula de esta primera camada de estudiantes son mujeres.<\/strong><\/p>\n<p>&nbsp;<\/p>\n<p>La Tecnicatura en Miner\u00eda tiene una duraci\u00f3n de 3 a\u00f1os. Sus egresados y egresadas estar\u00e1n capacitados para asistir y colaborar con los profesionales responsables del dise\u00f1o y planificaci\u00f3n de las tareas vinculadas con la actividad minera, teniendo conocimientos de los recursos que se explotan tanto en el \u00e1mbito local, regional y nacional y de las metodolog\u00edas de extracci\u00f3n m\u00e1s adecuadas para operar en cada caso.<\/p>\n<p>&nbsp;<\/p>\n<p>&#8220;Uno de los lineamientos que nos propuso el gobernador es trabajar fuertemente en la educaci\u00f3n p\u00fablica y <strong>unir las demandas del sector productivo con la oferta educativa<\/strong>. Sin dudas esta carrera les dar\u00e1 muchas herramientas y oportunidades&#8221;, concluy\u00f3 Aguilera.<\/p>\n<p>&nbsp;<\/p>\n","protected":false},"excerpt":{"rendered":"<p>Fue este lunes en el sal\u00f3n de actos del Instituto de Formaci\u00f3n T\u00e9cnica n\u00b0 130. Se trata de la primera<\/p>\n","protected":false},"author":4,"featured_media":82582,"comment_status":"closed","ping_status":"closed","sticky":false,"template":"","format":"standard","meta":{"_jetpack_memberships_contains_paid_content":false,"footnotes":""},"categories":[5,1],"tags":[],"class_list":["post-82581","post","type-post","status-publish","format-standard","has-post-thumbnail","hentry","category-informacion-general","category-portada"],"jetpack_featured_media_url":"https:\/\/i0.wp.com\/cdnoticias.com\/wp-content\/uploads\/2023\/04\/tecnicatura-en-mineria-Aguilera-00.jpg?fit=800%2C445&ssl=1","jetpack_sharing_enabled":true,"_links":{"self":[{"href":"https:\/\/cdnoticias.com\/index.php\/wp-json\/wp\/v2\/posts\/82581","targetHints":{"allow":["GET"]}}],"collection":[{"href":"https:\/\/cdnoticias.com\/index.php\/wp-json\/wp\/v2\/posts"}],"about":[{"href":"https:\/\/cdnoticias.com\/index.php\/wp-json\/wp\/v2\/types\/post"}],"author":[{"embeddable":true,"href":"https:\/\/cdnoticias.com\/index.php\/wp-json\/wp\/v2\/users\/4"}],"replies":[{"embeddable":true,"href":"https:\/\/cdnoticias.com\/index.php\/wp-json\/wp\/v2\/comments?post=82581"}],"version-history":[{"count":0,"href":"https:\/\/cdnoticias.com\/index.php\/wp-json\/wp\/v2\/posts\/82581\/revisions"}],"wp:featuredmedia":[{"embeddable":true,"href":"https:\/\/cdnoticias.com\/index.php\/wp-json\/wp\/v2\/media\/82582"}],"wp:attachment":[{"href":"https:\/\/cdnoticias.com\/index.php\/wp-json\/wp\/v2\/media?parent=82581"}],"wp:term":[{"taxonomy":"category","embeddable":true,"href":"https:\/\/cdnoticias.com\/index.php\/wp-json\/wp\/v2\/categories?post=82581"},{"taxonomy":"post_tag","embeddable":true,"href":"https:\/\/cdnoticias.com\/index.php\/wp-json\/wp\/v2\/tags?post=82581"}],"curies":[{"name":"wp","href":"https:\/\/api.w.org\/{rel}","templated":true}]}}