{"id":82574,"date":"2023-04-18T10:14:42","date_gmt":"2023-04-18T13:14:42","guid":{"rendered":"https:\/\/www.centraldenoticias.com.ar\/?p=82574"},"modified":"2023-04-18T12:16:37","modified_gmt":"2023-04-18T15:16:37","slug":"destrozos-en-el-patio-de-la-escuela-de-educacion-estetica","status":"publish","type":"post","link":"https:\/\/cdnoticias.com\/index.php\/2023\/04\/18\/destrozos-en-el-patio-de-la-escuela-de-educacion-estetica\/","title":{"rendered":"Destrozos en el patio de la Escuela de Educaci\u00f3n Est\u00e9tica"},"content":{"rendered":"<p>Desconocidos rompieron bancos, canteros y macetas, entre otros elementos. Desde la instituci\u00f3n que se encuentra ubicada en barrio Jard\u00edn pidieron ayuda a los vecinos para cuidar el espacio.<!--more--><\/p>\n<hr \/>\n<p>Autoridades de la <strong>Escuela de Educaci\u00f3n Est\u00e9tica N\u00b0 3<\/strong> expusieron p\u00fablicamente los <strong>destrozos que desconocidos realizaron en el patio del establecimiento.<\/strong><\/p>\n<p>&nbsp;<\/p>\n<p>La escuela se encuentra ubicada en <strong>barrio Jard\u00edn<\/strong>, en Laprida y Fassina, y el lunes por la ma\u00f1ana los integrantes de la instituci\u00f3n detectaron que <strong>durante el fin de semana hab\u00edan ingresado al patio y da\u00f1ado canteros, macetas y bancos entre otros elementos.<\/strong><\/p>\n<p>&nbsp;<\/p>\n<p><img data-recalc-dims=\"1\" loading=\"lazy\" decoding=\"async\" class=\"aligncenter size-full wp-image-82578\" src=\"https:\/\/i0.wp.com\/cdnoticias.com\/wp-content\/uploads\/2023\/04\/escuela-estetica-destrozos-01.jpg?resize=800%2C445&#038;ssl=1\" alt=\"\" width=\"800\" height=\"445\" srcset=\"https:\/\/i0.wp.com\/cdnoticias.com\/wp-content\/uploads\/2023\/04\/escuela-estetica-destrozos-01.jpg?w=1008&amp;ssl=1 1008w, https:\/\/i0.wp.com\/cdnoticias.com\/wp-content\/uploads\/2023\/04\/escuela-estetica-destrozos-01.jpg?resize=300%2C167&amp;ssl=1 300w, https:\/\/i0.wp.com\/cdnoticias.com\/wp-content\/uploads\/2023\/04\/escuela-estetica-destrozos-01.jpg?resize=768%2C427&amp;ssl=1 768w, https:\/\/i0.wp.com\/cdnoticias.com\/wp-content\/uploads\/2023\/04\/escuela-estetica-destrozos-01.jpg?resize=800%2C445&amp;ssl=1 800w\" sizes=\"auto, (max-width: 800px) 100vw, 800px\" \/><\/p>\n<p><img data-recalc-dims=\"1\" loading=\"lazy\" decoding=\"async\" class=\"aligncenter size-full wp-image-82577\" src=\"https:\/\/i0.wp.com\/cdnoticias.com\/wp-content\/uploads\/2023\/04\/escuela-estetica-destrozos-02.jpg?resize=800%2C444&#038;ssl=1\" alt=\"\" width=\"800\" height=\"444\" srcset=\"https:\/\/i0.wp.com\/cdnoticias.com\/wp-content\/uploads\/2023\/04\/escuela-estetica-destrozos-02.jpg?w=1080&amp;ssl=1 1080w, https:\/\/i0.wp.com\/cdnoticias.com\/wp-content\/uploads\/2023\/04\/escuela-estetica-destrozos-02.jpg?resize=300%2C167&amp;ssl=1 300w, https:\/\/i0.wp.com\/cdnoticias.com\/wp-content\/uploads\/2023\/04\/escuela-estetica-destrozos-02.jpg?resize=1024%2C569&amp;ssl=1 1024w, https:\/\/i0.wp.com\/cdnoticias.com\/wp-content\/uploads\/2023\/04\/escuela-estetica-destrozos-02.jpg?resize=768%2C427&amp;ssl=1 768w, https:\/\/i0.wp.com\/cdnoticias.com\/wp-content\/uploads\/2023\/04\/escuela-estetica-destrozos-02.jpg?resize=800%2C445&amp;ssl=1 800w\" sizes=\"auto, (max-width: 800px) 100vw, 800px\" \/><\/p>\n<p>&nbsp;<\/p>\n<p>\u201cFue muy triste ver las caritas de nuestrxs ni\u00f1xs al observar su patio destruido. <strong>Pedimos colaboraci\u00f3n a los vecinos del barrio Jard\u00edn para que nos ayuden a cuidar este espacio com\u00fan<\/strong>\u201d, se\u00f1alaron.<\/p>\n","protected":false},"excerpt":{"rendered":"<p>Desconocidos rompieron bancos, canteros y macetas, entre otros elementos. Desde la instituci\u00f3n que se encuentra ubicada en barrio Jard\u00edn pidieron<\/p>\n","protected":false},"author":5,"featured_media":82576,"comment_status":"closed","ping_status":"closed","sticky":false,"template":"","format":"standard","meta":{"_jetpack_memberships_contains_paid_content":false,"footnotes":""},"categories":[5,1],"tags":[],"class_list":["post-82574","post","type-post","status-publish","format-standard","has-post-thumbnail","hentry","category-informacion-general","category-portada"],"jetpack_featured_media_url":"https:\/\/i0.wp.com\/cdnoticias.com\/wp-content\/uploads\/2023\/04\/escuela-estetica-destrozos-03.jpg?fit=1008%2C561&ssl=1","jetpack_sharing_enabled":true,"_links":{"self":[{"href":"https:\/\/cdnoticias.com\/index.php\/wp-json\/wp\/v2\/posts\/82574","targetHints":{"allow":["GET"]}}],"collection":[{"href":"https:\/\/cdnoticias.com\/index.php\/wp-json\/wp\/v2\/posts"}],"about":[{"href":"https:\/\/cdnoticias.com\/index.php\/wp-json\/wp\/v2\/types\/post"}],"author":[{"embeddable":true,"href":"https:\/\/cdnoticias.com\/index.php\/wp-json\/wp\/v2\/users\/5"}],"replies":[{"embeddable":true,"href":"https:\/\/cdnoticias.com\/index.php\/wp-json\/wp\/v2\/comments?post=82574"}],"version-history":[{"count":0,"href":"https:\/\/cdnoticias.com\/index.php\/wp-json\/wp\/v2\/posts\/82574\/revisions"}],"wp:featuredmedia":[{"embeddable":true,"href":"https:\/\/cdnoticias.com\/index.php\/wp-json\/wp\/v2\/media\/82576"}],"wp:attachment":[{"href":"https:\/\/cdnoticias.com\/index.php\/wp-json\/wp\/v2\/media?parent=82574"}],"wp:term":[{"taxonomy":"category","embeddable":true,"href":"https:\/\/cdnoticias.com\/index.php\/wp-json\/wp\/v2\/categories?post=82574"},{"taxonomy":"post_tag","embeddable":true,"href":"https:\/\/cdnoticias.com\/index.php\/wp-json\/wp\/v2\/tags?post=82574"}],"curies":[{"name":"wp","href":"https:\/\/api.w.org\/{rel}","templated":true}]}}