{"id":82570,"date":"2023-04-18T09:07:02","date_gmt":"2023-04-18T12:07:02","guid":{"rendered":"https:\/\/www.centraldenoticias.com.ar\/?p=82570"},"modified":"2023-04-18T10:14:55","modified_gmt":"2023-04-18T13:14:55","slug":"accidente-entre-dos-autos-chocaron-en-colon-y-pourtale","status":"publish","type":"post","link":"https:\/\/cdnoticias.com\/index.php\/2023\/04\/18\/accidente-entre-dos-autos-chocaron-en-colon-y-pourtale\/","title":{"rendered":"Accidente entre dos autos: chocaron en Col\u00f3n y Pourtal\u00e9"},"content":{"rendered":"<p>Ambos conductores fueron trasladados al Hospital Municipal por precauci\u00f3n.<!--more--><\/p>\n<hr \/>\n<p>Durante la ma\u00f1ana de este martes se produjo un <strong>accidente entre dos veh\u00edculos en el cruce de avenida Col\u00f3n y Pourtal\u00e9.<\/strong><\/p>\n<p>&nbsp;<\/p>\n<p>En el lugar, <strong>chocaron dos autos marga Volkswagen Gol.<\/strong> Producto del impacto los conductores de ambos veh\u00edculos fueron trasladados al Hospital Municipal \u201cDr. H\u00e9ctor Cura\u201d por precauci\u00f3n y luego de la evaluaci\u00f3n m\u00e9dida, fueron dados de alta.<\/p>\n<p>&nbsp;<\/p>\n<p><img data-recalc-dims=\"1\" loading=\"lazy\" decoding=\"async\" class=\"aligncenter size-full wp-image-82572\" src=\"https:\/\/i0.wp.com\/cdnoticias.com\/wp-content\/uploads\/2023\/04\/accidente-colon-pourtale-02.jpg?resize=800%2C445&#038;ssl=1\" alt=\"\" width=\"800\" height=\"445\" srcset=\"https:\/\/i0.wp.com\/cdnoticias.com\/wp-content\/uploads\/2023\/04\/accidente-colon-pourtale-02.jpg?w=1550&amp;ssl=1 1550w, https:\/\/i0.wp.com\/cdnoticias.com\/wp-content\/uploads\/2023\/04\/accidente-colon-pourtale-02.jpg?resize=300%2C167&amp;ssl=1 300w, https:\/\/i0.wp.com\/cdnoticias.com\/wp-content\/uploads\/2023\/04\/accidente-colon-pourtale-02.jpg?resize=1024%2C569&amp;ssl=1 1024w, https:\/\/i0.wp.com\/cdnoticias.com\/wp-content\/uploads\/2023\/04\/accidente-colon-pourtale-02.jpg?resize=768%2C427&amp;ssl=1 768w, https:\/\/i0.wp.com\/cdnoticias.com\/wp-content\/uploads\/2023\/04\/accidente-colon-pourtale-02.jpg?resize=1536%2C854&amp;ssl=1 1536w, https:\/\/i0.wp.com\/cdnoticias.com\/wp-content\/uploads\/2023\/04\/accidente-colon-pourtale-02.jpg?resize=800%2C445&amp;ssl=1 800w\" sizes=\"auto, (max-width: 800px) 100vw, 800px\" \/><\/p>\n<p>&nbsp;<\/p>\n<p>Personal policial trabaj\u00f3 en el lugar para colaborar con la organizaci\u00f3n del tr\u00e1nsito en el sector.<\/p>\n","protected":false},"excerpt":{"rendered":"<p>Ambos conductores fueron trasladados al Hospital Municipal por precauci\u00f3n.<\/p>\n","protected":false},"author":5,"featured_media":82571,"comment_status":"closed","ping_status":"closed","sticky":false,"template":"","format":"standard","meta":{"_jetpack_memberships_contains_paid_content":false,"footnotes":""},"categories":[14,1],"tags":[],"class_list":["post-82570","post","type-post","status-publish","format-standard","has-post-thumbnail","hentry","category-policiales","category-portada"],"jetpack_featured_media_url":"https:\/\/i0.wp.com\/cdnoticias.com\/wp-content\/uploads\/2023\/04\/accidente-colon-pourtale-01.jpg?fit=1506%2C837&ssl=1","jetpack_sharing_enabled":true,"_links":{"self":[{"href":"https:\/\/cdnoticias.com\/index.php\/wp-json\/wp\/v2\/posts\/82570","targetHints":{"allow":["GET"]}}],"collection":[{"href":"https:\/\/cdnoticias.com\/index.php\/wp-json\/wp\/v2\/posts"}],"about":[{"href":"https:\/\/cdnoticias.com\/index.php\/wp-json\/wp\/v2\/types\/post"}],"author":[{"embeddable":true,"href":"https:\/\/cdnoticias.com\/index.php\/wp-json\/wp\/v2\/users\/5"}],"replies":[{"embeddable":true,"href":"https:\/\/cdnoticias.com\/index.php\/wp-json\/wp\/v2\/comments?post=82570"}],"version-history":[{"count":0,"href":"https:\/\/cdnoticias.com\/index.php\/wp-json\/wp\/v2\/posts\/82570\/revisions"}],"wp:featuredmedia":[{"embeddable":true,"href":"https:\/\/cdnoticias.com\/index.php\/wp-json\/wp\/v2\/media\/82571"}],"wp:attachment":[{"href":"https:\/\/cdnoticias.com\/index.php\/wp-json\/wp\/v2\/media?parent=82570"}],"wp:term":[{"taxonomy":"category","embeddable":true,"href":"https:\/\/cdnoticias.com\/index.php\/wp-json\/wp\/v2\/categories?post=82570"},{"taxonomy":"post_tag","embeddable":true,"href":"https:\/\/cdnoticias.com\/index.php\/wp-json\/wp\/v2\/tags?post=82570"}],"curies":[{"name":"wp","href":"https:\/\/api.w.org\/{rel}","templated":true}]}}