{"id":82559,"date":"2023-04-17T19:57:12","date_gmt":"2023-04-17T22:57:12","guid":{"rendered":"https:\/\/www.centraldenoticias.com.ar\/?p=82559"},"modified":"2023-04-17T19:57:12","modified_gmt":"2023-04-17T22:57:12","slug":"municipios-a-la-obra-esperamos-que-el-municipio-muestre-el-mismo-compromiso-que-la-provincia","status":"publish","type":"post","link":"https:\/\/cdnoticias.com\/index.php\/2023\/04\/17\/municipios-a-la-obra-esperamos-que-el-municipio-muestre-el-mismo-compromiso-que-la-provincia\/","title":{"rendered":"&#8220;Municipios a la Obra&#8221;: &#8220;Esperamos que el Municipio muestre el mismo compromiso que la Provincia&#8221;"},"content":{"rendered":"<p>Lo se\u00f1al\u00f3 el presidente del bloque de Diputados del Frente de Todos, C\u00e9sar Valicenti. Adem\u00e1s agreg\u00f3 que &#8220;este programa es parte de nuestra labor como legisladores&#8221;. <!--more--><\/p>\n<hr \/>\n<p>En la jornada de este lunes en el Sal\u00f3n Dorado de la Casa de la Gobernaci\u00f3n se realiz\u00f3 la adhesi\u00f3n al programa con municipios del interior bonaerense, entre ellos los distritos de la S\u00e9ptima secci\u00f3n, para completar el convenio de \u201c<em><strong>Municipios a la Obra\u201d<\/strong><\/em> por el cual se destina <strong>m\u00e1s de 45 mil millones de pesos para distribuir entre los 135 distritos y realizar 223 obras en todo el territorio de la provincia de Buenos Aires.<\/strong><\/p>\n<p>&nbsp;<\/p>\n<p>En ese sentido, el <strong>Partido de Olavarr\u00eda recibir\u00e1 una partida presupuestaria de $470.567.825 pesos para la realizaci\u00f3n de obras viales.<\/strong><\/p>\n<p>&nbsp;<\/p>\n<p><em>\u201cCon estos fondos para obras, el Municipio podr\u00e1 dar respuesta a las diferentes demandas en infraestructura que los vecinos y vecinas de Olavarr\u00eda vienen manifestando hace tiempo&#8221;<\/em>, expres\u00f3 el presidente del bloque de Diputados del Frente de Todos<strong>, C\u00e9sar Valicenti.<\/strong><\/p>\n<p>&nbsp;<\/p>\n<p><img data-recalc-dims=\"1\" loading=\"lazy\" decoding=\"async\" class=\"aligncenter wp-image-82562 size-full\" src=\"https:\/\/i0.wp.com\/cdnoticias.com\/wp-content\/uploads\/2023\/04\/WhatsApp-Image-2023-04-17-at-19.30.46-1.jpeg?resize=800%2C533&#038;ssl=1\" alt=\"\" width=\"800\" height=\"533\" srcset=\"https:\/\/i0.wp.com\/cdnoticias.com\/wp-content\/uploads\/2023\/04\/WhatsApp-Image-2023-04-17-at-19.30.46-1.jpeg?w=1073&amp;ssl=1 1073w, https:\/\/i0.wp.com\/cdnoticias.com\/wp-content\/uploads\/2023\/04\/WhatsApp-Image-2023-04-17-at-19.30.46-1.jpeg?resize=300%2C200&amp;ssl=1 300w, https:\/\/i0.wp.com\/cdnoticias.com\/wp-content\/uploads\/2023\/04\/WhatsApp-Image-2023-04-17-at-19.30.46-1.jpeg?resize=1024%2C682&amp;ssl=1 1024w, https:\/\/i0.wp.com\/cdnoticias.com\/wp-content\/uploads\/2023\/04\/WhatsApp-Image-2023-04-17-at-19.30.46-1.jpeg?resize=768%2C512&amp;ssl=1 768w, https:\/\/i0.wp.com\/cdnoticias.com\/wp-content\/uploads\/2023\/04\/WhatsApp-Image-2023-04-17-at-19.30.46-1.jpeg?resize=272%2C182&amp;ssl=1 272w\" sizes=\"auto, (max-width: 800px) 100vw, 800px\" \/><\/p>\n<p>&nbsp;<\/p>\n<p>&#8220;Este programa<strong> es parte de nuestra labor como legisladores<\/strong> que en conjunto con la Provincia incluimos una partida espec\u00edfica para obra p\u00fablica municipal en el tratamiento del Presupuesto 2023. <strong>Es una demostraci\u00f3n de la gran inversi\u00f3n en infraestructura que lleva adelante el Gobernador Axel Kicillof en todos los rincones de la provincia\u201d<\/strong>, asegur\u00f3 Valicenti<\/p>\n<p>&nbsp;<\/p>\n<p>Al mismo tiempo, el diputado Valicenti remarc\u00f3 que &#8220;la Provincia da respuesta a lo que muchas veces se reclaman desde algunos municipios, particularmente Olavarr\u00eda, de poder licitar y ejecutar parte de la obra p\u00fablica que financia el Gobierno provincial y es lo que viene realizando desde el inicio del gobierno de Axel Kicillof con todas las obras que vemos en la regi\u00f3n\u201d.<\/p>\n<p>&nbsp;<\/p>\n<p><em><strong>\u201cEsperamos que el Municipio muestre el mismo compromiso que la Provincia en dar respuesta a las necesidades de los olavarrienses y que estos recursos vayan destinados a las zonas de la ciudad que tienen urgencias de infraestructura y pavimentaci\u00f3n en sus barrios<\/strong><\/em>\u201d remarc\u00f3 Valicenti.<\/p>\n<p>&nbsp;<\/p>\n<p><img data-recalc-dims=\"1\" loading=\"lazy\" decoding=\"async\" class=\"aligncenter wp-image-82563 size-full\" src=\"https:\/\/i0.wp.com\/cdnoticias.com\/wp-content\/uploads\/2023\/04\/WhatsApp-Image-2023-04-17-at-19.30.46.jpeg?resize=800%2C533&#038;ssl=1\" alt=\"\" width=\"800\" height=\"533\" srcset=\"https:\/\/i0.wp.com\/cdnoticias.com\/wp-content\/uploads\/2023\/04\/WhatsApp-Image-2023-04-17-at-19.30.46.jpeg?w=1073&amp;ssl=1 1073w, https:\/\/i0.wp.com\/cdnoticias.com\/wp-content\/uploads\/2023\/04\/WhatsApp-Image-2023-04-17-at-19.30.46.jpeg?resize=300%2C200&amp;ssl=1 300w, https:\/\/i0.wp.com\/cdnoticias.com\/wp-content\/uploads\/2023\/04\/WhatsApp-Image-2023-04-17-at-19.30.46.jpeg?resize=1024%2C682&amp;ssl=1 1024w, https:\/\/i0.wp.com\/cdnoticias.com\/wp-content\/uploads\/2023\/04\/WhatsApp-Image-2023-04-17-at-19.30.46.jpeg?resize=768%2C512&amp;ssl=1 768w, https:\/\/i0.wp.com\/cdnoticias.com\/wp-content\/uploads\/2023\/04\/WhatsApp-Image-2023-04-17-at-19.30.46.jpeg?resize=272%2C182&amp;ssl=1 272w\" sizes=\"auto, (max-width: 800px) 100vw, 800px\" \/><\/p>\n<p>&nbsp;<\/p>\n<p>Desde el gobierno provincial acordaron un pliego de obras presentados por el Municipio para<strong> invertir los 471 millones de pesos<\/strong> girados por la provincia y que deber\u00e1n ser destinados para la <strong>repavimentaci\u00f3n<\/strong> de <strong>m\u00e1s de 100 cuadras en todo el partido de Olavarr\u00eda.<\/strong><\/p>\n<p>&nbsp;<\/p>\n<p><img data-recalc-dims=\"1\" loading=\"lazy\" decoding=\"async\" class=\"aligncenter wp-image-82561 size-full\" src=\"https:\/\/i0.wp.com\/cdnoticias.com\/wp-content\/uploads\/2023\/04\/WhatsApp-Image-2023-04-17-at-19.30.47.jpeg?resize=800%2C800&#038;ssl=1\" alt=\"\" width=\"800\" height=\"800\" srcset=\"https:\/\/i0.wp.com\/cdnoticias.com\/wp-content\/uploads\/2023\/04\/WhatsApp-Image-2023-04-17-at-19.30.47.jpeg?w=1080&amp;ssl=1 1080w, https:\/\/i0.wp.com\/cdnoticias.com\/wp-content\/uploads\/2023\/04\/WhatsApp-Image-2023-04-17-at-19.30.47.jpeg?resize=300%2C300&amp;ssl=1 300w, https:\/\/i0.wp.com\/cdnoticias.com\/wp-content\/uploads\/2023\/04\/WhatsApp-Image-2023-04-17-at-19.30.47.jpeg?resize=1024%2C1024&amp;ssl=1 1024w, https:\/\/i0.wp.com\/cdnoticias.com\/wp-content\/uploads\/2023\/04\/WhatsApp-Image-2023-04-17-at-19.30.47.jpeg?resize=150%2C150&amp;ssl=1 150w, https:\/\/i0.wp.com\/cdnoticias.com\/wp-content\/uploads\/2023\/04\/WhatsApp-Image-2023-04-17-at-19.30.47.jpeg?resize=768%2C768&amp;ssl=1 768w\" sizes=\"auto, (max-width: 800px) 100vw, 800px\" \/><\/p>\n","protected":false},"excerpt":{"rendered":"<p>Lo se\u00f1al\u00f3 el presidente del bloque de Diputados del Frente de Todos, C\u00e9sar Valicenti. Adem\u00e1s agreg\u00f3 que &#8220;este programa es<\/p>\n","protected":false},"author":6,"featured_media":82560,"comment_status":"closed","ping_status":"closed","sticky":false,"template":"","format":"standard","meta":{"_jetpack_memberships_contains_paid_content":false,"footnotes":""},"categories":[4,1],"tags":[],"class_list":["post-82559","post","type-post","status-publish","format-standard","has-post-thumbnail","hentry","category-politica","category-portada"],"jetpack_featured_media_url":"https:\/\/i0.wp.com\/cdnoticias.com\/wp-content\/uploads\/2023\/04\/WhatsApp-Image-2023-04-17-at-19.30.48.jpeg?fit=1280%2C846&ssl=1","jetpack_sharing_enabled":true,"_links":{"self":[{"href":"https:\/\/cdnoticias.com\/index.php\/wp-json\/wp\/v2\/posts\/82559","targetHints":{"allow":["GET"]}}],"collection":[{"href":"https:\/\/cdnoticias.com\/index.php\/wp-json\/wp\/v2\/posts"}],"about":[{"href":"https:\/\/cdnoticias.com\/index.php\/wp-json\/wp\/v2\/types\/post"}],"author":[{"embeddable":true,"href":"https:\/\/cdnoticias.com\/index.php\/wp-json\/wp\/v2\/users\/6"}],"replies":[{"embeddable":true,"href":"https:\/\/cdnoticias.com\/index.php\/wp-json\/wp\/v2\/comments?post=82559"}],"version-history":[{"count":0,"href":"https:\/\/cdnoticias.com\/index.php\/wp-json\/wp\/v2\/posts\/82559\/revisions"}],"wp:featuredmedia":[{"embeddable":true,"href":"https:\/\/cdnoticias.com\/index.php\/wp-json\/wp\/v2\/media\/82560"}],"wp:attachment":[{"href":"https:\/\/cdnoticias.com\/index.php\/wp-json\/wp\/v2\/media?parent=82559"}],"wp:term":[{"taxonomy":"category","embeddable":true,"href":"https:\/\/cdnoticias.com\/index.php\/wp-json\/wp\/v2\/categories?post=82559"},{"taxonomy":"post_tag","embeddable":true,"href":"https:\/\/cdnoticias.com\/index.php\/wp-json\/wp\/v2\/tags?post=82559"}],"curies":[{"name":"wp","href":"https:\/\/api.w.org\/{rel}","templated":true}]}}