{"id":8253,"date":"2020-12-05T13:29:57","date_gmt":"2020-12-05T16:29:57","guid":{"rendered":"http:\/\/www.centraldenoticias.com.ar\/?p=8253"},"modified":"2020-12-05T13:29:57","modified_gmt":"2020-12-05T16:29:57","slug":"paula-espanol-sobre-el-descongelamiento-vamos-a-negociar-subas-moderadas-y-paulatinas","status":"publish","type":"post","link":"https:\/\/cdnoticias.com\/index.php\/2020\/12\/05\/paula-espanol-sobre-el-descongelamiento-vamos-a-negociar-subas-moderadas-y-paulatinas\/","title":{"rendered":"Paula Espa\u00f1ol sobre el descongelamiento: \u201cVamos a negociar subas moderadas y paulatinas\u201d"},"content":{"rendered":"<p>La secretaria de Comercio Interior nacional habl\u00f3 sobre el desaf\u00edo de desactivar Precios M\u00e1ximos. Se ampliar\u00e1 la canasta de Precios Cuidados. Implementaci\u00f3n de cortes de carne populares. La aplicaci\u00f3n de la Ley de Abastecimiento al mercado de la construcci\u00f3n.<!--more--><\/p>\n<hr \/>\n<p><strong>Paula Espa\u00f1ol debi\u00f3 afrontar su primer a\u00f1o de gesti\u00f3n en la Secretar\u00eda de Comercio Interior de la Naci\u00f3n en medio de la pandemia de coronavirus<\/strong>, una situaci\u00f3n extraordinaria que demand\u00f3 decisiones at\u00edpicas para evitar desabastecimientos y disparadas de precios.<\/p>\n<p>El pasado 20 de marzo, en el inicio de la cuarentena en el pa\u00eds, la cartera de Comercio puso en funcionamiento el <strong>programa Precios M\u00e1ximos<\/strong> y congel\u00f3 el valor de unos 2 mil productos (para los que luego se fueron autorizando aumentos). El programa estar\u00e1 vigente hasta el 31 de enero, pero el Gobierno ya comenz\u00f3 a achicar el listado.<\/p>\n<p>En di\u00e1logo con DIB, la funcionaria sostuvo que <strong>\u201cel congelamiento fue una medida excepcional\u201d<\/strong> que busc\u00f3 evitar el desabastecimiento que se dio en algunos pa\u00edses desarrollados, confi\u00f3 en una salida paulatina y en ampliar \u201cde manera importante\u201d la canasta de Precios Cuidados, mientras que adelant\u00f3 que negocian la implementaci\u00f3n de cortes de carne populares.<\/p>\n<p>Adem\u00e1s, explic\u00f3 por qu\u00e9 el presidente Alberto Fern\u00e1ndez decidi\u00f3 aplicar la Ley de Abastecimiento en el sector de la construcci\u00f3n y advirti\u00f3 sobre la mayor vulnerabilidad laboral de las mujeres en el marco de la pandemia.<\/p>\n<p>Espa\u00f1ol, <strong>cercana al gobernador Axel Kicillof<\/strong>, es economista y docente de la Universidad de Buenos Aires (UBA). Se doctor\u00f3 en Econom\u00eda en la Escuela de Altos Estudios en Ciencias Sociales (Ehess) de Par\u00eds. Durante la segunda presidencia de Cristina Fern\u00e1ndez de Kirchner se desempe\u00f1\u00f3 como secretaria de Comercio Exterior en el Ministerio de Econom\u00eda y Finanzas P\u00fablicas. Tambi\u00e9n es parte de la organizaci\u00f3n Mujeres Gobernando y referente en econom\u00eda feminista.<\/p>\n<p><em>-\u00bfQu\u00e9 balance hacen del funcionamiento de Precios M\u00e1ximos?<\/em><\/p>\n<p>-Para nosotros <strong>la pol\u00edtica de Precios M\u00e1ximos fue muy importante y muy efectiva<\/strong> para dar respuesta a una situaci\u00f3n excepcional como fue la pandemia, que requiri\u00f3 medidas excepcionales tanto sanitarias como econ\u00f3micas.<\/p>\n<p>En este contexto, la respuesta que dimos para poder <strong>contener tensiones de precios<\/strong> (que se pod\u00edan dar tanto por un exceso de demanda como por cuestiones que suceden a lo largo del a\u00f1o) fue aplicar este congelamiento que <strong>no s\u00f3lo<\/strong> <strong>monitore\u00f3 los precios sino tambi\u00e9n el abastecimiento<\/strong>.<\/p>\n<p><em>-O sea que cumpli\u00f3 dos funciones.<\/em><\/p>\n<p>-Nuestro objetivo fue garantizar ambas cosas. Y lo destaco porque no es algo que sucede autom\u00e1ticamente. Fue un tema de conversaci\u00f3n y de gesti\u00f3n, sabiendo que <strong>pod\u00eda ser angustiante la situaci\u00f3n de llegar a las g\u00f3ndolas y que estuvieran vac\u00edas<\/strong> como vimos en algunas fotos que llegaron en marzo de pa\u00edses desarrollados. Realmente no quer\u00edamos eso.<\/p>\n<p><em>-En n\u00fameros: \u00bfc\u00f3mo fue el cumplimiento de Precios M\u00e1ximos en supermercados?<\/em><\/p>\n<p>-Llevamos adelante y coordinamos<strong> m\u00e1s de 27 mil fiscalizaciones<\/strong> en conjunto con las provincias y los municipios, e incluso en una etapa inicial con AFIP y el Ministerio de Medio Ambiente. Hubo cerca de <strong>7 mil multas y de 600 clausuras<\/strong>. El objetivo de las fiscalizaciones es el cumplimiento de los precios y del abastecimiento, no la penalizaci\u00f3n en s\u00ed misma. Esto es importante porque muchas veces si eran infracciones menores prioriz\u00e1bamos que el comercio siguiera abierto a que hubiera una clausura. Sobre todo en un inicio porque adem\u00e1s fiscaliz\u00e1bamos farmacias.<\/p>\n<p><em>-\u00bfEl descongelamiento va a incidir necesariamente en la inflaci\u00f3n?<\/em><\/p>\n<p>-Por ahora no porque el peque\u00f1o listado que se sac\u00f3 del congelamiento en el mes de noviembre cuenta con productos marginales para la canasta de consumo de los hogares argentinos. Se quit\u00f3, por ejemplo, el caf\u00e9 en saquitos o el whisky.<\/p>\n<blockquote><p>El congelamiento fue una medida excepcional. Ahora, nos planteamos un proceso de descongelamiento paulatino, ordenado, administrado y consensuado. Vamos a proceder a deslistar, coordinar y negociar con las empresas subas moderadas y paulatinas de los precios. Lo vamos a hacer diferenciando cu\u00e1les son aquellos consumos de mayor alta gama y ampliando la canasta de Precios Cuidados que es la pol\u00edtica estructural de precios de la secretaria.<\/p><\/blockquote>\n<p><em>-Vos ven\u00eds hablando justamente de robustecer a Precios Cuidados.<\/em><\/p>\n<p>-Es lo que estamos trabajando ahora: <strong>que la referencia en la g\u00f3ndola no sea s\u00f3lo una variedad de productos<\/strong>, sino que haya m\u00e1s marcas que incluyan m\u00e1s gamas y m\u00e1s variedad.<\/p>\n<p>Hoy Precios Cuidados tiene 401 productos. Fortalecer esta canasta va a depender tambi\u00e9n de la oferta que acordemos con las empresas. Si logramos dos o tres marcas representativas alcanza, pero si no est\u00e1n esas dos se necesitan cinco o seis para poder tener una gu\u00eda en la g\u00f3ndola. Es muy dif\u00edcil saber hoy si van a ser 1.200, 1.500 o 2.000 los productos en Precios Cuidados. Lo que est\u00e1 claro es que <strong>tiene que crecer de manera importante<\/strong> el n\u00famero.<\/p>\n<p><em>-El Presidente plante\u00f3 hace poco la posibilidad de implementar cortes de carne populares. \u00bfHay algo concreto de eso?<\/em><\/p>\n<p>-Estamos trabajando en eso tambi\u00e9n. <strong>Lo primero que va a estar en las g\u00f3ndolas tiene que ver con cortes navide\u00f1os.<\/strong> Estamos negociando tres cortes parrilleros. Y tambi\u00e9n veremos con el sector c\u00f3mo ampliar una canasta de cortes populares no solo para las Fiestas, sino de manera m\u00e1s estable.<\/p>\n<p><strong>Especulaci\u00f3n en la construcci\u00f3n<\/strong><\/p>\n<p>El pasado 24 de noviembre, en el marco del acto por el D\u00eda de la Construcci\u00f3n, el Presidente advirti\u00f3 que va \u201ccaer con todo el peso de la Ley de Abastecimiento\u201d <strong>contra quienes acopien materiales para la construcci\u00f3n<\/strong> de manera especulativa. Comercio ya empez\u00f3 con las inspecciones.<\/p>\n<p><em>-\u00bfQu\u00e9 motiv\u00f3 este anuncio?<\/em><\/p>\n<p>&#8211;<strong>Lo que sucedi\u00f3 en octubre fue una combinaci\u00f3n de factores con ciertas presiones<\/strong> tanto del lado de la oferta como del lado de la demanda. Por el lado de las empresas, por casos de Covid-19 o por protocolos, tuvieron una menor producci\u00f3n en pandemia. Adem\u00e1s hubo un crecimiento muy fuerte de la demanda. En el mes de octubre los \u00edndices de reactivaci\u00f3n de la tierra en construcci\u00f3n fueron los m\u00e1s altos de los \u00faltimos a\u00f1os. Entonces hay mucha presi\u00f3n de la demanda con una oferta que no est\u00e1 dando abasto. Entre la realidad de la oferta y la demanda y determinados comportamientos especulativos se gener\u00f3 una tensi\u00f3n en el mercado. Entonces, decidimos aplicar la Ley de Abastecimiento e <strong>instamos a las empresas que producen y comercializan a que lo hagan en su m\u00e1xima capacidad<\/strong>.<\/p>\n<p><em>-\u00bfY cu\u00e1les son las sanciones?<\/em><\/p>\n<p>-Si hay un comportamiento especulativo, las sanciones van desde <strong>multas muy elevadas a cierres transitorios<\/strong>, y a <strong>p\u00e9rdida de acceso a l\u00edneas de promoci\u00f3n estatales<\/strong>. Hay una gran diversidad de medias que sancionan si se pueden comprobar esos comportamientos.<\/p>\n<p><strong>Pandemia, m\u00e1s desigualdad<\/strong><\/p>\n<p>Espa\u00f1ol es referente en el \u00e1mbito de la econom\u00eda feminista. Consultada por DIB sobre<strong> las condiciones laborales de las mujeres en pandemia<\/strong>, explic\u00f3 que \u201cen cada situaci\u00f3n de crisis, siempre, la poblaci\u00f3n m\u00e1s vulnerable es la que m\u00e1s perjudicada se ve\u201d. \u201cLas mujeres en nuestra sociedad tenemos una situaci\u00f3n de mayor vulnerabilidad por la mayor participaci\u00f3n en el trabajo no registrado, porque muchas son cabeza de familia y por la gran carga de labor dom\u00e9stica\u201d, indic\u00f3.<\/p>\n<p>Y agreg\u00f3: \u201cToda esa situaci\u00f3n no hizo m\u00e1s que profundizarse en pandemia. Est\u00e1 claro que las pol\u00edticas que se est\u00e1n planteando desde el Poder Ejecutivo nacional, de manera transversal en todos los ministerios y tambi\u00e9n incluso de la secretar\u00eda, apuntan a poder equilibrar y romper este desequilibrio que existe. Pero convengamos que es una situaci\u00f3n estructural de la Argentina y que claramente hay que modificarla\u201d.<\/p>\n<p>Fuente: DIB \/ Manuel Tejo<\/p>\n","protected":false},"excerpt":{"rendered":"<p>La secretaria de Comercio Interior nacional habl\u00f3 sobre el desaf\u00edo de desactivar Precios M\u00e1ximos. Se ampliar\u00e1 la canasta de Precios<\/p>\n","protected":false},"author":4,"featured_media":8254,"comment_status":"closed","ping_status":"closed","sticky":false,"template":"","format":"standard","meta":{"_jetpack_memberships_contains_paid_content":false,"footnotes":""},"categories":[6],"tags":[],"class_list":["post-8253","post","type-post","status-publish","format-standard","has-post-thumbnail","hentry","category-nacionales"],"jetpack_featured_media_url":"https:\/\/i0.wp.com\/cdnoticias.com\/wp-content\/uploads\/2020\/12\/paula-espanol-2-3-696x417.jpg?fit=696%2C417&ssl=1","jetpack_sharing_enabled":true,"_links":{"self":[{"href":"https:\/\/cdnoticias.com\/index.php\/wp-json\/wp\/v2\/posts\/8253","targetHints":{"allow":["GET"]}}],"collection":[{"href":"https:\/\/cdnoticias.com\/index.php\/wp-json\/wp\/v2\/posts"}],"about":[{"href":"https:\/\/cdnoticias.com\/index.php\/wp-json\/wp\/v2\/types\/post"}],"author":[{"embeddable":true,"href":"https:\/\/cdnoticias.com\/index.php\/wp-json\/wp\/v2\/users\/4"}],"replies":[{"embeddable":true,"href":"https:\/\/cdnoticias.com\/index.php\/wp-json\/wp\/v2\/comments?post=8253"}],"version-history":[{"count":0,"href":"https:\/\/cdnoticias.com\/index.php\/wp-json\/wp\/v2\/posts\/8253\/revisions"}],"wp:featuredmedia":[{"embeddable":true,"href":"https:\/\/cdnoticias.com\/index.php\/wp-json\/wp\/v2\/media\/8254"}],"wp:attachment":[{"href":"https:\/\/cdnoticias.com\/index.php\/wp-json\/wp\/v2\/media?parent=8253"}],"wp:term":[{"taxonomy":"category","embeddable":true,"href":"https:\/\/cdnoticias.com\/index.php\/wp-json\/wp\/v2\/categories?post=8253"},{"taxonomy":"post_tag","embeddable":true,"href":"https:\/\/cdnoticias.com\/index.php\/wp-json\/wp\/v2\/tags?post=8253"}],"curies":[{"name":"wp","href":"https:\/\/api.w.org\/{rel}","templated":true}]}}