{"id":82515,"date":"2023-04-17T17:21:03","date_gmt":"2023-04-17T20:21:03","guid":{"rendered":"https:\/\/www.centraldenoticias.com.ar\/?p=82515"},"modified":"2023-04-17T17:21:03","modified_gmt":"2023-04-17T20:21:03","slug":"se-descompenso-y-choco-con-una-camioneta-resulto-herido","status":"publish","type":"post","link":"https:\/\/cdnoticias.com\/index.php\/2023\/04\/17\/se-descompenso-y-choco-con-una-camioneta-resulto-herido\/","title":{"rendered":"Se descompens\u00f3 y choc\u00f3 con una camioneta: result\u00f3 herido"},"content":{"rendered":"<p>El siniestro vial se produjo en la tarde de este lunes en Col\u00f3n y Brown. Debi\u00f3 ser trasladado al Hospital Municipal. <!--more--><\/p>\n<hr \/>\n<p>Este lunes por la tarde, <strong>un hombre debi\u00f3 ser trasladado al Hospital Municipal luego de resultar herido en un siniestro vial<\/strong> tras descompensarse mientras circulaba con su auto.<\/p>\n<p>&nbsp;<\/p>\n<blockquote><p>El hecho se produjo en el cruce de Col\u00f3n y Brown, cuando el hombre impact\u00f3, con su Renault Clio, a una Volkswagen Amarok que estaba en el lugar.<\/p><\/blockquote>\n<p>&nbsp;<\/p>\n<p><img data-recalc-dims=\"1\" loading=\"lazy\" decoding=\"async\" class=\"alignnone size-full wp-image-82517\" src=\"https:\/\/i0.wp.com\/cdnoticias.com\/wp-content\/uploads\/2023\/04\/WhatsApp-Image-2023-04-17-at-15.53.46.jpeg?resize=800%2C446&#038;ssl=1\" alt=\"\" width=\"800\" height=\"446\" srcset=\"https:\/\/i0.wp.com\/cdnoticias.com\/wp-content\/uploads\/2023\/04\/WhatsApp-Image-2023-04-17-at-15.53.46.jpeg?w=899&amp;ssl=1 899w, https:\/\/i0.wp.com\/cdnoticias.com\/wp-content\/uploads\/2023\/04\/WhatsApp-Image-2023-04-17-at-15.53.46.jpeg?resize=300%2C167&amp;ssl=1 300w, https:\/\/i0.wp.com\/cdnoticias.com\/wp-content\/uploads\/2023\/04\/WhatsApp-Image-2023-04-17-at-15.53.46.jpeg?resize=768%2C428&amp;ssl=1 768w, https:\/\/i0.wp.com\/cdnoticias.com\/wp-content\/uploads\/2023\/04\/WhatsApp-Image-2023-04-17-at-15.53.46.jpeg?resize=800%2C445&amp;ssl=1 800w\" sizes=\"auto, (max-width: 800px) 100vw, 800px\" \/><\/p>\n<p>&nbsp;<\/p>\n<p>El impacto, muy violento,<strong> termin\u00f3 con la persona del veh\u00edculo de menor porte siendo asistida por personal de salud que traslad\u00f3 al hombre al Hospital Municipal.<\/strong> El conductor del otro veh\u00edculo, afortunadamente, no result\u00f3 con heridas.<\/p>\n<p>&nbsp;<\/p>\n<p><strong>El tr\u00e1nsito se vio reducido varios minutos<\/strong> hasta tanto se realicen las tareas de peritaje correspondientes y se confirme la situaci\u00f3n de salud del conductor de auto.<\/p>\n","protected":false},"excerpt":{"rendered":"<p>El siniestro vial se produjo en la tarde de este lunes en Col\u00f3n y Brown. Debi\u00f3 ser trasladado al Hospital<\/p>\n","protected":false},"author":2,"featured_media":82516,"comment_status":"closed","ping_status":"closed","sticky":false,"template":"","format":"standard","meta":{"_jetpack_memberships_contains_paid_content":false,"footnotes":""},"categories":[14,1],"tags":[],"class_list":["post-82515","post","type-post","status-publish","format-standard","has-post-thumbnail","hentry","category-policiales","category-portada"],"jetpack_featured_media_url":"https:\/\/i0.wp.com\/cdnoticias.com\/wp-content\/uploads\/2023\/04\/WhatsApp-Image-2023-04-17-at-16.07.46.jpeg?fit=1599%2C899&ssl=1","jetpack_sharing_enabled":true,"_links":{"self":[{"href":"https:\/\/cdnoticias.com\/index.php\/wp-json\/wp\/v2\/posts\/82515","targetHints":{"allow":["GET"]}}],"collection":[{"href":"https:\/\/cdnoticias.com\/index.php\/wp-json\/wp\/v2\/posts"}],"about":[{"href":"https:\/\/cdnoticias.com\/index.php\/wp-json\/wp\/v2\/types\/post"}],"author":[{"embeddable":true,"href":"https:\/\/cdnoticias.com\/index.php\/wp-json\/wp\/v2\/users\/2"}],"replies":[{"embeddable":true,"href":"https:\/\/cdnoticias.com\/index.php\/wp-json\/wp\/v2\/comments?post=82515"}],"version-history":[{"count":0,"href":"https:\/\/cdnoticias.com\/index.php\/wp-json\/wp\/v2\/posts\/82515\/revisions"}],"wp:featuredmedia":[{"embeddable":true,"href":"https:\/\/cdnoticias.com\/index.php\/wp-json\/wp\/v2\/media\/82516"}],"wp:attachment":[{"href":"https:\/\/cdnoticias.com\/index.php\/wp-json\/wp\/v2\/media?parent=82515"}],"wp:term":[{"taxonomy":"category","embeddable":true,"href":"https:\/\/cdnoticias.com\/index.php\/wp-json\/wp\/v2\/categories?post=82515"},{"taxonomy":"post_tag","embeddable":true,"href":"https:\/\/cdnoticias.com\/index.php\/wp-json\/wp\/v2\/tags?post=82515"}],"curies":[{"name":"wp","href":"https:\/\/api.w.org\/{rel}","templated":true}]}}