{"id":82511,"date":"2023-04-17T16:16:52","date_gmt":"2023-04-17T21:00:10","guid":{"rendered":"https:\/\/www.centraldenoticias.com.ar\/?p=82511"},"modified":"2025-02-11T16:14:57","modified_gmt":"2025-02-11T19:14:57","slug":"lanus-confirmo-que-de-la-vega-dio-positivo-en-dengue","status":"publish","type":"post","link":"https:\/\/cdnoticias.com\/index.php\/2023\/04\/17\/lanus-confirmo-que-de-la-vega-dio-positivo-en-dengue\/","title":{"rendered":"Lan\u00fas confirm\u00f3 que De la Vega dio positivo en dengue"},"content":{"rendered":"<p>La contraprueba realizada este lunes arroj\u00f3 que el futbolista olavarriense padece de la enfermedad viral y continuar\u00e1 bajo controles sanitarios.<!--more--><\/p>\n<hr \/>\n<p>Finalmente, ante las sospechas dadas a conocer el s\u00e1bado pasado, <strong>la cuenta oficial del Club Atl\u00e9tico Lan\u00fas inform\u00f3 en la tarde de este lunes que Pedro De la Vega contrajo el virus del dengue<\/strong>.<\/p>\n<p>&nbsp;<\/p>\n<p>El delantero del \u201cGranate\u201d se someti\u00f3 durante la jornada a una contraprueba para corroborar con datos fehacientes, los cuales posteriormente arrojaron un resultado positivo.<strong> Seg\u00fan comunic\u00f3 la entidad, el surgido de Ferro Carril Sud continuar\u00e1 el tratamiento bajo controles y seguimiento del Departamento M\u00e9dico del club<\/strong>.<\/p>\n<p>&nbsp;<\/p>\n<p>En paralelo, <strong>Central de Deportes consult\u00f3 con el doctor Germ\u00e1n Caputo<\/strong>, Secretario de Salud de la Municipalidad, respecto al tiempo que requiere el tratamiento de la enfermedad: <em>\u201c<strong>El dengue es una infecci\u00f3n viral que no tiene una cura espec\u00edfica, lo que si se mantiene es un tratamiento de acuerdo a la sintomatolog\u00eda de la enfermedad y c\u00f3mo reacciona el paciente a eso<\/strong>\u201d, <\/em>asegur\u00f3.<\/p>\n<p>&nbsp;<\/p>\n<p>Por tal situaci\u00f3n, \u201cPepo\u201d no estar\u00e1 presente en el duelo de este lunes donde el conjunto de Kudelka visitar\u00e1 a Godoy Cruz en el estadio Malvinas Argentinas.<\/p>\n","protected":false},"excerpt":{"rendered":"<p>La contraprueba realizada este lunes arroj\u00f3 que el futbolista olavarriense padece de la enfermedad viral y continuar\u00e1 bajo controles sanitarios.<\/p>\n","protected":false},"author":96739694,"featured_media":152673,"comment_status":"closed","ping_status":"closed","sticky":false,"template":"","format":"standard","meta":{"_jetpack_memberships_contains_paid_content":false,"footnotes":""},"categories":[35,37,1],"tags":[],"class_list":["post-82511","post","type-post","status-publish","format-standard","has-post-thumbnail","hentry","category-futbol","category-futbol-profesional","category-portada"],"jetpack_featured_media_url":"https:\/\/i0.wp.com\/cdnoticias.com\/wp-content\/uploads\/2023\/01\/Pedro-De-la-Vega-1%C2%B0-fecha-vs-Col%C3%B3n-2023-2-e1675042744388.jpeg?fit=1112%2C728&ssl=1","jetpack_sharing_enabled":true,"_links":{"self":[{"href":"https:\/\/cdnoticias.com\/index.php\/wp-json\/wp\/v2\/posts\/82511","targetHints":{"allow":["GET"]}}],"collection":[{"href":"https:\/\/cdnoticias.com\/index.php\/wp-json\/wp\/v2\/posts"}],"about":[{"href":"https:\/\/cdnoticias.com\/index.php\/wp-json\/wp\/v2\/types\/post"}],"author":[{"embeddable":true,"href":"https:\/\/cdnoticias.com\/index.php\/wp-json\/wp\/v2\/users\/96739694"}],"replies":[{"embeddable":true,"href":"https:\/\/cdnoticias.com\/index.php\/wp-json\/wp\/v2\/comments?post=82511"}],"version-history":[{"count":0,"href":"https:\/\/cdnoticias.com\/index.php\/wp-json\/wp\/v2\/posts\/82511\/revisions"}],"wp:featuredmedia":[{"embeddable":true,"href":"https:\/\/cdnoticias.com\/index.php\/wp-json\/wp\/v2\/media\/152673"}],"wp:attachment":[{"href":"https:\/\/cdnoticias.com\/index.php\/wp-json\/wp\/v2\/media?parent=82511"}],"wp:term":[{"taxonomy":"category","embeddable":true,"href":"https:\/\/cdnoticias.com\/index.php\/wp-json\/wp\/v2\/categories?post=82511"},{"taxonomy":"post_tag","embeddable":true,"href":"https:\/\/cdnoticias.com\/index.php\/wp-json\/wp\/v2\/tags?post=82511"}],"curies":[{"name":"wp","href":"https:\/\/api.w.org\/{rel}","templated":true}]}}