{"id":82496,"date":"2023-04-17T17:06:47","date_gmt":"2023-04-17T20:06:47","guid":{"rendered":"https:\/\/www.centraldenoticias.com.ar\/?p=82496"},"modified":"2023-04-17T18:44:36","modified_gmt":"2023-04-17T21:44:36","slug":"hcd-sin-fecha-para-la-citacion-a-robbiani-y-paso-a-legislacion-la-suba-del-agua","status":"publish","type":"post","link":"https:\/\/cdnoticias.com\/index.php\/2023\/04\/17\/hcd-sin-fecha-para-la-citacion-a-robbiani-y-paso-a-legislacion-la-suba-del-agua\/","title":{"rendered":"HCD: sin fecha para la citaci\u00f3n a Robbiani y pas\u00f3 a Legislaci\u00f3n la suba del agua"},"content":{"rendered":"<p>Dos comisiones abrieron la agenda legislativa de la semana: Infraestructura y Hacienda tuvieron 24 expedientes en debate. Novedades de los principales temas de la sesi\u00f3n pasada.<\/p>\n<p><!--more--><\/p>\n<hr \/>\n<p>Este lunes en el <strong>Concejo Deliberante de Olavarr\u00eda<\/strong> se llevaron a cabo las <strong>reuniones de las dos comisiones<\/strong> cuyos encuentros est\u00e1n previstos.\u00a0La <strong>Comisi\u00f3n de Infraestructura, presidida por el concejal Mart\u00edn Endere (Juntos),<\/strong> y la <strong>Comisi\u00f3n de Hacienda, presidida por el concejal Juan Mujica (Juntos)<\/strong>.<\/p>\n<p>&nbsp;<\/p>\n<blockquote><p><strong>Central de Noticias<\/strong> habl\u00f3 con Ubaldo Garc\u00eda, del Frente de Todos, integrante de la comisi\u00f3n de Hacienda quien inform\u00f3 que finalmente no se fij\u00f3 fecha para la citaci\u00f3n al secretario Diego Robbiani por las denuncias de mala gesti\u00f3n en Desarrollo Social y que pas\u00f3 a Legislaci\u00f3n la suba del agua.<\/p><\/blockquote>\n<p>&nbsp;<\/p>\n<p>Se destac\u00f3 que en total,<strong> trataron un total de 24 expedientes<\/strong>: 11 en Infraestructura y 13 en Hacienda.<\/p>\n<p>&nbsp;<\/p>\n<figure id=\"attachment_82497\" aria-describedby=\"caption-attachment-82497\" style=\"width: 800px\" class=\"wp-caption aligncenter\"><img data-recalc-dims=\"1\" loading=\"lazy\" decoding=\"async\" class=\"wp-image-82497 size-full\" src=\"https:\/\/i0.wp.com\/cdnoticias.com\/wp-content\/uploads\/2023\/04\/HCD-comision-de-Infraestructura.jpg?resize=800%2C445&#038;ssl=1\" alt=\"\" width=\"800\" height=\"445\" srcset=\"https:\/\/i0.wp.com\/cdnoticias.com\/wp-content\/uploads\/2023\/04\/HCD-comision-de-Infraestructura.jpg?w=800&amp;ssl=1 800w, https:\/\/i0.wp.com\/cdnoticias.com\/wp-content\/uploads\/2023\/04\/HCD-comision-de-Infraestructura.jpg?resize=300%2C167&amp;ssl=1 300w, https:\/\/i0.wp.com\/cdnoticias.com\/wp-content\/uploads\/2023\/04\/HCD-comision-de-Infraestructura.jpg?resize=768%2C427&amp;ssl=1 768w\" sizes=\"auto, (max-width: 800px) 100vw, 800px\" \/><figcaption id=\"caption-attachment-82497\" class=\"wp-caption-text\">Reuni\u00f3n de la comisi\u00f3n de Infraestructura.<\/figcaption><\/figure>\n<p>&nbsp;<\/p>\n<p>En esta \u00faltima comisi\u00f3n <strong>reingresaron dos expedientes enviados por votaci\u00f3n de los concejales el jueves pasado<\/strong>. Por un lado, <a href=\"https:\/\/cdnoticias.com\/index.php\/2023\/04\/13\/sesion-especial-sobre-las-irregularidades-en-desarrollo-social-que-se-voto\/\" target=\"_blank\" rel=\"noopener\">por mayor\u00eda del oficialismo y la UCR se vot\u00f3 en la sesi\u00f3n especial<\/a> enviar el pedido de<strong> citaci\u00f3n al secretario de Desarrollo Humano y Calidad de Vida, Diego Robbiani<\/strong>, en el marco de las denuncias por irregularidades en el \u00e1rea de Desarrollo Social.<\/p>\n<p>&nbsp;<\/p>\n<p>Por otro,<strong> se vot\u00f3 por unanimidad en la sesi\u00f3n ordinaria devolver a la comisi\u00f3n de Hacienda el expediente del pedido de suba tarifaria de Coopelectric para el servicio de obras sanitarias<\/strong>. <a href=\"https:\/\/cdnoticias.com\/index.php\/2023\/04\/13\/no-se-voto-la-suba-del-agua-la-ucr-cambio-su-postura-y-habilito-la-vuelta-a-comision\/\" target=\"_blank\" rel=\"noopener\">Tras los cambios de \u00faltimo momento en la iniciativa y la falta de claridad en la presentaci\u00f3n que hizo el concejal Nicol\u00e1s Marinangeli<\/a>, el oficialismo retir\u00f3 el expediente del orden del d\u00eda y apoy\u00f3 la propuesta de Ahora Olavarr\u00eda de que permanezca en comisi\u00f3n para seguir su estudio.<\/p>\n<p>&nbsp;<\/p>\n<p>Finalmente, desde el HCD se inform\u00f3 que<strong> ma\u00f1ana, martes 18 de abril, se realizar\u00e1n reuniones de las comisiones de Legislaci\u00f3n, G\u00e9nero y Diversidad, y de Salud.<\/strong><\/p>\n<p>&nbsp;<\/p>\n<p><strong>Las novedades en los principales temas<\/strong><\/p>\n<p>&nbsp;<\/p>\n<p>El <strong>concejal Ubaldo Garc\u00eda (Frente de Todos)<\/strong> cont\u00f3 que <strong>su bancada pidi\u00f3 que se ponga fecha \u201cde inmediato\u201d para citar al secretario Robbiani<\/strong> y que <strong>se habilite la cobertura de los medios<\/strong> en la comisi\u00f3n en esa oportunidad.<\/p>\n<p>&nbsp;<\/p>\n<p>Cabe aclarar que<strong> las reuniones de comisi\u00f3n son cerradas<\/strong> y que no se permite el ingreso de la prensa, salvo expresa habilitaci\u00f3n del presidente de cada comisi\u00f3n para reuniones puntuales.<\/p>\n<p>&nbsp;<\/p>\n<figure id=\"attachment_73423\" aria-describedby=\"caption-attachment-73423\" style=\"width: 800px\" class=\"wp-caption aligncenter\"><img data-recalc-dims=\"1\" loading=\"lazy\" decoding=\"async\" class=\"wp-image-73423 size-full\" src=\"https:\/\/i0.wp.com\/cdnoticias.com\/wp-content\/uploads\/2022\/12\/HCD-ubaldo-garcia.jpg?resize=800%2C445&#038;ssl=1\" alt=\"\" width=\"800\" height=\"445\" srcset=\"https:\/\/i0.wp.com\/cdnoticias.com\/wp-content\/uploads\/2022\/12\/HCD-ubaldo-garcia.jpg?w=800&amp;ssl=1 800w, https:\/\/i0.wp.com\/cdnoticias.com\/wp-content\/uploads\/2022\/12\/HCD-ubaldo-garcia.jpg?resize=300%2C167&amp;ssl=1 300w, https:\/\/i0.wp.com\/cdnoticias.com\/wp-content\/uploads\/2022\/12\/HCD-ubaldo-garcia.jpg?resize=768%2C427&amp;ssl=1 768w\" sizes=\"auto, (max-width: 800px) 100vw, 800px\" \/><figcaption id=\"caption-attachment-73423\" class=\"wp-caption-text\">El concejal Ubaldo Garc\u00eda del interbloque Frente de Todos.<\/figcaption><\/figure>\n<p>&nbsp;<\/p>\n<p>Garc\u00eda record\u00f3 que <strong>la intenci\u00f3n inicial del interbloque que integra -sector autor de la propuesta- era que el secretario asista a una sesi\u00f3n del Concejo<\/strong> de manera tal que su participaci\u00f3n pueda ser escuchada por toda la comunidad. Esto no fue posible ya que <strong>se modific\u00f3 la iniciativa<\/strong> y por mayor\u00eda se deriv\u00f3 el expediente y la citaci\u00f3n a la comisi\u00f3n de Hacienda.<\/p>\n<p>&nbsp;<\/p>\n<p>En la reuni\u00f3n de este lunes, <strong>el oficialismo intent\u00f3 adem\u00e1s que las preguntas al secretario se hagan previamente a la citaci\u00f3n y por escrito<\/strong>, lo cual <strong>no fue aceptado<\/strong> ya que no estaba contemplado en el expediente que se envi\u00f3 a la comisi\u00f3n. Asimismo, debe tomarse en cuenta que las citaciones a funcionarios del Ejecutivo se realizan habitualmente por las comisiones en el marco de distintos expedientes en debate y no est\u00e1 previsto tal requisito.<\/p>\n<p>&nbsp;<\/p>\n<p>Otra propuesta del oficialismo, que s\u00ed prosper\u00f3, fue <strong>requerir un decreto de la Presidencia del HCD<\/strong>, a cargo de Cecilia Krivochen, para avanzar con la citaci\u00f3n.<\/p>\n<p>&nbsp;<\/p>\n<blockquote><p>Ubaldo Garc\u00eda plante\u00f3 que se trata de \u201cun tecnicismo\u201d y agreg\u00f3 \u201cespero que para ma\u00f1ana y se de curso a la citaci\u00f3n\u201d al tiempo que hizo hincapi\u00e9 en que el presidente de Hacienda, Juan Mujica, no plante\u00f3 ninguna fecha. \u201cEstimo que lo hacen para dilatar los tiempos\u201d consider\u00f3 el concejal del Frente de Todos.<\/p><\/blockquote>\n<p>&nbsp;<\/p>\n<p><strong>Suba del agua<\/strong><\/p>\n<p>&nbsp;<\/p>\n<p>Respecto del proyecto impulsado por Coopelectric para <strong>aumentar las tarifas de obras sanitarias<\/strong>, Garc\u00eda inform\u00f3 que <strong>por mayor\u00eda oficialista se defini\u00f3 el pase a la comisi\u00f3n de Legislaci\u00f3n<\/strong> donde seguir\u00e1 su an\u00e1lisis. Esta comisi\u00f3n se reunir\u00e1 el martes.<\/p>\n<p>&nbsp;<\/p>\n<p>Durante el encuentro de este lunes,<strong> los representantes del Frente de Todos y de Ahora Olavarr\u00eda presentaron pedidos de informe<\/strong> tanto a la cooperativa como al Municipio.<\/p>\n<p>&nbsp;<\/p>\n<figure id=\"attachment_82498\" aria-describedby=\"caption-attachment-82498\" style=\"width: 800px\" class=\"wp-caption aligncenter\"><img data-recalc-dims=\"1\" loading=\"lazy\" decoding=\"async\" class=\"wp-image-82498 size-full\" src=\"https:\/\/i0.wp.com\/cdnoticias.com\/wp-content\/uploads\/2023\/04\/HCD-comision-de-Hacienda.jpg?resize=800%2C445&#038;ssl=1\" alt=\"\" width=\"800\" height=\"445\" srcset=\"https:\/\/i0.wp.com\/cdnoticias.com\/wp-content\/uploads\/2023\/04\/HCD-comision-de-Hacienda.jpg?w=800&amp;ssl=1 800w, https:\/\/i0.wp.com\/cdnoticias.com\/wp-content\/uploads\/2023\/04\/HCD-comision-de-Hacienda.jpg?resize=300%2C167&amp;ssl=1 300w, https:\/\/i0.wp.com\/cdnoticias.com\/wp-content\/uploads\/2023\/04\/HCD-comision-de-Hacienda.jpg?resize=768%2C427&amp;ssl=1 768w\" sizes=\"auto, (max-width: 800px) 100vw, 800px\" \/><figcaption id=\"caption-attachment-82498\" class=\"wp-caption-text\">Este martes se reuni\u00f3 la comisi\u00f3n de Hacienda del HCD.<\/figcaption><\/figure>\n<p>&nbsp;<\/p>\n<blockquote><p>En este sentido, Garc\u00eda subray\u00f3 que <a href=\"https:\/\/cdnoticias.com\/index.php\/2023\/04\/06\/obras-sanitarias-coopelectric-pidio-un-nuevo-ajuste-de-tarifa-y-espera-la-aprobacion-del-hcd\/\" target=\"_blank\" rel=\"noopener\">en vista de la presentaci\u00f3n que hizo la concesionaria en los primeros d\u00edas de abril<\/a> con un nuevo pedido de aumento, \u201chay que hacer un an\u00e1lisis nuevo porque son n\u00fameros completamente distintos\u201d a los que se analizaban desde el a\u00f1o pasado en base al pedido presentado en septiembre.<\/p><\/blockquote>\n<p>&nbsp;<\/p>\n<p>Asimismo, el concejal hizo saber su rechazo a que el expediente avance de comisi\u00f3n, <strong>\u201cquer\u00edamos que quedara en Hacienda\u201d<\/strong> dijo lo cual argument\u00f3 en el contenido del tema en estudio.<\/p>\n<p>&nbsp;<\/p>\n<p>Finalmente, indic\u00f3 que los restantes expedientes que se trataron en la comisi\u00f3n se corresponden en su mayor\u00eda a donaciones de inmuebles.<\/p>\n<p>&nbsp;<\/p>\n","protected":false},"excerpt":{"rendered":"<p>Dos comisiones abrieron la agenda legislativa de la semana: Infraestructura y Hacienda tuvieron 24 expedientes en debate. Novedades de los<\/p>\n","protected":false},"author":4,"featured_media":82498,"comment_status":"closed","ping_status":"closed","sticky":false,"template":"","format":"standard","meta":{"_jetpack_memberships_contains_paid_content":false,"footnotes":""},"categories":[4,1],"tags":[],"class_list":["post-82496","post","type-post","status-publish","format-standard","has-post-thumbnail","hentry","category-politica","category-portada"],"jetpack_featured_media_url":"https:\/\/i0.wp.com\/cdnoticias.com\/wp-content\/uploads\/2023\/04\/HCD-comision-de-Hacienda.jpg?fit=800%2C445&ssl=1","jetpack_sharing_enabled":true,"_links":{"self":[{"href":"https:\/\/cdnoticias.com\/index.php\/wp-json\/wp\/v2\/posts\/82496","targetHints":{"allow":["GET"]}}],"collection":[{"href":"https:\/\/cdnoticias.com\/index.php\/wp-json\/wp\/v2\/posts"}],"about":[{"href":"https:\/\/cdnoticias.com\/index.php\/wp-json\/wp\/v2\/types\/post"}],"author":[{"embeddable":true,"href":"https:\/\/cdnoticias.com\/index.php\/wp-json\/wp\/v2\/users\/4"}],"replies":[{"embeddable":true,"href":"https:\/\/cdnoticias.com\/index.php\/wp-json\/wp\/v2\/comments?post=82496"}],"version-history":[{"count":0,"href":"https:\/\/cdnoticias.com\/index.php\/wp-json\/wp\/v2\/posts\/82496\/revisions"}],"wp:featuredmedia":[{"embeddable":true,"href":"https:\/\/cdnoticias.com\/index.php\/wp-json\/wp\/v2\/media\/82498"}],"wp:attachment":[{"href":"https:\/\/cdnoticias.com\/index.php\/wp-json\/wp\/v2\/media?parent=82496"}],"wp:term":[{"taxonomy":"category","embeddable":true,"href":"https:\/\/cdnoticias.com\/index.php\/wp-json\/wp\/v2\/categories?post=82496"},{"taxonomy":"post_tag","embeddable":true,"href":"https:\/\/cdnoticias.com\/index.php\/wp-json\/wp\/v2\/tags?post=82496"}],"curies":[{"name":"wp","href":"https:\/\/api.w.org\/{rel}","templated":true}]}}