{"id":82493,"date":"2023-04-18T10:48:38","date_gmt":"2023-04-18T13:48:38","guid":{"rendered":"https:\/\/www.centraldenoticias.com.ar\/?p=82493"},"modified":"2023-04-18T10:48:38","modified_gmt":"2023-04-18T13:48:38","slug":"ojos-en-alerta-llega-con-charlas-a-sierras-bayas-y-loma-negra","status":"publish","type":"post","link":"https:\/\/cdnoticias.com\/index.php\/2023\/04\/18\/ojos-en-alerta-llega-con-charlas-a-sierras-bayas-y-loma-negra\/","title":{"rendered":"Ojos en Alerta llega con charlas a Sierras Bayas y Loma Negra"},"content":{"rendered":"<p>Se realizar\u00e1n el mi\u00e9rcoles y el jueves, respectivamente. Se invit\u00f3 a los vecinos para informarse e inscribirse en la iniciativa de seguridad municipal.<\/p>\n<p><!--more--><\/p>\n<hr \/>\n<p>La <strong>Subsecretar\u00eda de Seguridad Municipal<\/strong> inform\u00f3 que <strong>dictar\u00e1 una serie de charlas informativas<\/strong> en las <strong>localidades<\/strong> en el marco del programa <strong>Ojos en Alerta.<\/strong><\/p>\n<p>&nbsp;<\/p>\n<p>Esta semana se har\u00e1n en <strong>Sierras Bayas y Loma Negra<\/strong> y la semana pr\u00f3xima ser\u00e1 el turno de <strong>Sierra Chica e Hinojo<\/strong>.<\/p>\n<p>&nbsp;<\/p>\n<p>Seg\u00fan se detall\u00f3<strong>, este mi\u00e9rcoles a las 17 en el Centro de Jubilados Los Amigos de Sierras Bayas<\/strong> se realizar\u00e1 el encuentro abierto a todos los vecinos interesados en sumarse al programa local.<\/p>\n<p>&nbsp;<\/p>\n<p>En tanto,<strong> el jueves a las 19 la reuni\u00f3n tendr\u00e1 lugar en Inmigrantes y Sarmiento de Loma Negra<\/strong>.<\/p>\n<p>&nbsp;<\/p>\n<p><img data-recalc-dims=\"1\" loading=\"lazy\" decoding=\"async\" class=\"size-full wp-image-82501 aligncenter\" src=\"https:\/\/i0.wp.com\/cdnoticias.com\/wp-content\/uploads\/2023\/04\/ojos-en-alerta1.jpg?resize=800%2C445&#038;ssl=1\" alt=\"\" width=\"800\" height=\"445\" srcset=\"https:\/\/i0.wp.com\/cdnoticias.com\/wp-content\/uploads\/2023\/04\/ojos-en-alerta1.jpg?w=800&amp;ssl=1 800w, https:\/\/i0.wp.com\/cdnoticias.com\/wp-content\/uploads\/2023\/04\/ojos-en-alerta1.jpg?resize=300%2C167&amp;ssl=1 300w, https:\/\/i0.wp.com\/cdnoticias.com\/wp-content\/uploads\/2023\/04\/ojos-en-alerta1.jpg?resize=768%2C427&amp;ssl=1 768w\" sizes=\"auto, (max-width: 800px) 100vw, 800px\" \/><\/p>\n<p>&nbsp;<\/p>\n<p>El objetivo de las charlas es que <strong>los vecinos puedan conocer los beneficios y particularidades de esta herramienta<\/strong> y se sumen a la <strong>red de prevenci\u00f3n ciudadana que ya integran m\u00e1s de 5 mil olavarrienses<\/strong> que permite denunciar de manera inmediata todo tipo de emergencias.<\/p>\n<p>&nbsp;<\/p>\n<blockquote><p>\u201cLa herramienta implementada en 2019 no para de crecer y cada son m\u00e1s los olavarrienses que la eligen. Ejemplo de ello es que durante el primer trimestre del a\u00f1o ya se recibieron cerca de 2100 comunicaciones, lo que deja en evidencia un crecimiento superior al 70% si se lo compara con el inicio del 2022\u201d se destac\u00f3 desde la Municipalidad.<\/p><\/blockquote>\n<p>&nbsp;<\/p>\n","protected":false},"excerpt":{"rendered":"<p>Se realizar\u00e1n el mi\u00e9rcoles y el jueves, respectivamente. Se invit\u00f3 a los vecinos para informarse e inscribirse en la iniciativa<\/p>\n","protected":false},"author":4,"featured_media":82494,"comment_status":"closed","ping_status":"closed","sticky":false,"template":"","format":"standard","meta":{"_jetpack_memberships_contains_paid_content":false,"footnotes":""},"categories":[5,1],"tags":[],"class_list":["post-82493","post","type-post","status-publish","format-standard","has-post-thumbnail","hentry","category-informacion-general","category-portada"],"jetpack_featured_media_url":"https:\/\/i0.wp.com\/cdnoticias.com\/wp-content\/uploads\/2023\/04\/ojos-en-alerta.jpg?fit=800%2C444&ssl=1","jetpack_sharing_enabled":true,"_links":{"self":[{"href":"https:\/\/cdnoticias.com\/index.php\/wp-json\/wp\/v2\/posts\/82493","targetHints":{"allow":["GET"]}}],"collection":[{"href":"https:\/\/cdnoticias.com\/index.php\/wp-json\/wp\/v2\/posts"}],"about":[{"href":"https:\/\/cdnoticias.com\/index.php\/wp-json\/wp\/v2\/types\/post"}],"author":[{"embeddable":true,"href":"https:\/\/cdnoticias.com\/index.php\/wp-json\/wp\/v2\/users\/4"}],"replies":[{"embeddable":true,"href":"https:\/\/cdnoticias.com\/index.php\/wp-json\/wp\/v2\/comments?post=82493"}],"version-history":[{"count":0,"href":"https:\/\/cdnoticias.com\/index.php\/wp-json\/wp\/v2\/posts\/82493\/revisions"}],"wp:featuredmedia":[{"embeddable":true,"href":"https:\/\/cdnoticias.com\/index.php\/wp-json\/wp\/v2\/media\/82494"}],"wp:attachment":[{"href":"https:\/\/cdnoticias.com\/index.php\/wp-json\/wp\/v2\/media?parent=82493"}],"wp:term":[{"taxonomy":"category","embeddable":true,"href":"https:\/\/cdnoticias.com\/index.php\/wp-json\/wp\/v2\/categories?post=82493"},{"taxonomy":"post_tag","embeddable":true,"href":"https:\/\/cdnoticias.com\/index.php\/wp-json\/wp\/v2\/tags?post=82493"}],"curies":[{"name":"wp","href":"https:\/\/api.w.org\/{rel}","templated":true}]}}