{"id":82453,"date":"2023-04-16T18:57:12","date_gmt":"2023-04-16T21:57:12","guid":{"rendered":"https:\/\/www.centraldenoticias.com.ar\/?p=82453"},"modified":"2023-04-16T20:16:17","modified_gmt":"2023-04-16T23:16:17","slug":"una-semana-de-acusaciones-visitas-orden-y-caminatas-de-campana","status":"publish","type":"post","link":"https:\/\/cdnoticias.com\/index.php\/2023\/04\/16\/una-semana-de-acusaciones-visitas-orden-y-caminatas-de-campana\/","title":{"rendered":"Una semana de acusaciones, visitas, orden y caminatas de campa\u00f1a"},"content":{"rendered":"<p>Todo lo que dej\u00f3 la doble sesi\u00f3n del HCD: acusaciones, gritos, tensi\u00f3n y finales impredecibles. Larreta y Santilli vinieron a &#8220;poner orden&#8221; a las internas Pro en los distritos propios. El s\u00e1bado de caminatas y recepci\u00f3n pol\u00edtica. <!--more--><\/p>\n<hr \/>\n<p>(Este es un extracto del newsletter Volver a las Fuentes*, realizado por Josefina Bargas y Alexis Grierson)<\/p>\n<p>&nbsp;<\/p>\n<p><strong><u>Primero, denuncia<\/u><\/strong><\/p>\n<p>&nbsp;<\/p>\n<p><img data-recalc-dims=\"1\" loading=\"lazy\" decoding=\"async\" class=\"alignnone size-large wp-image-31971\" src=\"https:\/\/i0.wp.com\/cdnoticias.com\/wp-content\/uploads\/2021\/09\/Robbiani08.jpg?resize=800%2C534&#038;ssl=1\" alt=\"\" width=\"800\" height=\"534\" srcset=\"https:\/\/i0.wp.com\/cdnoticias.com\/wp-content\/uploads\/2021\/09\/Robbiani08.jpg?resize=1024%2C683&amp;ssl=1 1024w, https:\/\/i0.wp.com\/cdnoticias.com\/wp-content\/uploads\/2021\/09\/Robbiani08.jpg?resize=300%2C200&amp;ssl=1 300w, https:\/\/i0.wp.com\/cdnoticias.com\/wp-content\/uploads\/2021\/09\/Robbiani08.jpg?resize=768%2C512&amp;ssl=1 768w, https:\/\/i0.wp.com\/cdnoticias.com\/wp-content\/uploads\/2021\/09\/Robbiani08.jpg?resize=272%2C182&amp;ssl=1 272w, https:\/\/i0.wp.com\/cdnoticias.com\/wp-content\/uploads\/2021\/09\/Robbiani08.jpg?w=1600&amp;ssl=1 1600w, https:\/\/i0.wp.com\/cdnoticias.com\/wp-content\/uploads\/2021\/09\/Robbiani08.jpg?w=2400&amp;ssl=1 2400w\" sizes=\"auto, (max-width: 800px) 100vw, 800px\" \/><\/p>\n<p>&nbsp;<\/p>\n<p>Las irregularidades en Desarrollo Social quedaron confirmadas:\u00a0<strong>el secretario de Desarrollo Humano, Diego Robbiani, fue el martes a la Fiscal\u00eda de Delitos Especiales de Azul (en la ciudad de Azul) donde present\u00f3 una denuncia formal.<\/strong>\u00a0Era el compromiso que hab\u00eda asumido en caso de que la auditor\u00eda interna que empez\u00f3 hacia el 22 de marzo as\u00ed lo mostrara.\u00a0<strong>De m\u00ednima, existieron hechos irregulares fehacientes en el \u00e1rea.<\/strong>\u00a0La Justicia determinar\u00e1 su gravedad y responsabilidades.<\/p>\n<p>&nbsp;<\/p>\n<p>El Municipio dio a conocer la noticia a trav\u00e9s de un comunicado donde se explic\u00f3 que la denuncia se realiz\u00f3 despu\u00e9s de\u00a0<strong>\u201clas primeras declaraciones de los trabajadores municipales en el marco del sumario administrativo que realiz\u00f3 la Subsecretar\u00eda de Legal y T\u00e9cnica\u201d.<\/strong>\u00a0Robbiani le llev\u00f3 a la Fiscal\u00eda documentaci\u00f3n y habl\u00f3 por \u201cuna hora y media\u201d.<\/p>\n<p>&nbsp;<\/p>\n<p>Eso fue todo lo que se inform\u00f3. El comunicado se complet\u00f3 con las declaraciones habituales para estos casos de \u201centera disposici\u00f3n\u201d y \u201cconfiamos plenamente en la Justicia\u201d.<\/p>\n<p>&nbsp;<\/p>\n<p>El jueves, antes de la sesi\u00f3n,\u00a0<strong>los concejales del Frente de Todos tambi\u00e9n fueron a la fiscal\u00eda.<\/strong>\u00a0En su caso volvieron a la UFI N\u00ba 10 (en Olavarr\u00eda), donde hab\u00edan denunciado el 30 de marzo. Esta vez, para hacer una \u201campliaci\u00f3n de la denuncia\u201d. Lo cont\u00f3 la presidenta del interbloque, Mercedes Land\u00edvar, en la sesi\u00f3n. All\u00ed expuso lo que cont\u00f3 en el recinto un rato despu\u00e9s.<\/p>\n<p>&nbsp;<\/p>\n<p>Por ahora, oficialmente,\u00a0<strong>hay dos causas que siguen su curso: restar\u00e1 saber si el fiscal Pi\u00f1eiro (de la UFI N\u00b010) solicita la otra causa a Calonje para unificar\u00a0<\/strong>aunque se estima que la potestad la tiene el titular de la UFI ubicada en Azul dado que tiene en su \u00e1mbito de incumbencia sobre este tipo de hechos.<\/p>\n<p>&nbsp;<\/p>\n<p><strong><u>\u201cVarios delitos penales\u201d<\/u><\/strong><\/p>\n<p>&nbsp;<\/p>\n<p><img data-recalc-dims=\"1\" loading=\"lazy\" decoding=\"async\" class=\"alignnone size-large wp-image-82235\" src=\"https:\/\/i0.wp.com\/cdnoticias.com\/wp-content\/uploads\/2023\/04\/landivar-mercedes-HCD-13-4-23.jpg?resize=800%2C445&#038;ssl=1\" alt=\"\" width=\"800\" height=\"445\" srcset=\"https:\/\/i0.wp.com\/cdnoticias.com\/wp-content\/uploads\/2023\/04\/landivar-mercedes-HCD-13-4-23.jpg?resize=1024%2C570&amp;ssl=1 1024w, https:\/\/i0.wp.com\/cdnoticias.com\/wp-content\/uploads\/2023\/04\/landivar-mercedes-HCD-13-4-23.jpg?resize=300%2C167&amp;ssl=1 300w, https:\/\/i0.wp.com\/cdnoticias.com\/wp-content\/uploads\/2023\/04\/landivar-mercedes-HCD-13-4-23.jpg?resize=768%2C427&amp;ssl=1 768w, https:\/\/i0.wp.com\/cdnoticias.com\/wp-content\/uploads\/2023\/04\/landivar-mercedes-HCD-13-4-23.jpg?resize=1536%2C854&amp;ssl=1 1536w, https:\/\/i0.wp.com\/cdnoticias.com\/wp-content\/uploads\/2023\/04\/landivar-mercedes-HCD-13-4-23.jpg?resize=800%2C445&amp;ssl=1 800w, https:\/\/i0.wp.com\/cdnoticias.com\/wp-content\/uploads\/2023\/04\/landivar-mercedes-HCD-13-4-23.jpg?w=1600&amp;ssl=1 1600w\" sizes=\"auto, (max-width: 800px) 100vw, 800px\" \/><\/p>\n<p>&nbsp;<\/p>\n<p>El Frente de Todos hab\u00eda pedido la sesi\u00f3n especial el 23 de marzo. Pasaron tres semanas desde aquella solicitud hasta que se concret\u00f3 el jueves, antes de la sesi\u00f3n ordinaria.<strong>\u00a0\u00bfQu\u00e9 pas\u00f3 en esas tres semanas? En base a lo que dijo Land\u00edvar, los concejales opositores aprovecharon para hablar con los trabajadores de Desarrollo Social y con beneficiarios y usuarios de distintos programas del \u00e1rea municipal.<\/strong><\/p>\n<p>&nbsp;<\/p>\n<p>Una hora completa dur\u00f3 la exposici\u00f3n y dej\u00f3 muchos datos novedosos y, sobre todo,<strong>\u00a0dej\u00f3 en tela de juicio muchos aspectos de la gesti\u00f3n de la Secretar\u00eda de Desarrollo Humano que abrieron la puerta a cuestionamientos directos a Diego Robbiani<\/strong>\u00a0para pedir su presencia en el recinto.<\/p>\n<p>&nbsp;<\/p>\n<p>En la previa a la sesi\u00f3n esta bancada hab\u00eda hecho un llamado a los vecinos para que asistieran al HCD.\u00a0<strong>Se presentaron muchos de los agrupados en organizaciones sociales y pol\u00edticas: el MTE (en su gran mayor\u00eda) y el Polo Obrero\u00a0<\/strong>son los que m\u00e1s se hicieron notar con sus banderas y carteles. Pero hab\u00eda de m\u00e1s organizaciones y tambi\u00e9n importantes referentes del Frente de Todos, como el subsecretario de Miner\u00eda y presidente del PJ, Federico Aguilera. En concreto, eran muchas personas que no solo ocuparon todo el espacio trasero de la sala sino que hubo tambi\u00e9n bastantes afuera.<\/p>\n<p>&nbsp;<\/p>\n<p>Una de las agrupaciones llev\u00f3 carteles y folletos que ya dejaban en la mira al funcionario de Desarrollo Humano: era una imitaci\u00f3n de tarjeta alimentaria a nombre de \u201cDiego Robani\u201d. Para esos sectores ya estaba todo dicho.<\/p>\n<p>&nbsp;<\/p>\n<p><img data-recalc-dims=\"1\" loading=\"lazy\" decoding=\"async\" class=\"alignnone size-full wp-image-82244\" src=\"https:\/\/i0.wp.com\/cdnoticias.com\/wp-content\/uploads\/2023\/04\/hcd-sesion-desarrollo-social-1.jpg?resize=800%2C445&#038;ssl=1\" alt=\"\" width=\"800\" height=\"445\" srcset=\"https:\/\/i0.wp.com\/cdnoticias.com\/wp-content\/uploads\/2023\/04\/hcd-sesion-desarrollo-social-1.jpg?w=800&amp;ssl=1 800w, https:\/\/i0.wp.com\/cdnoticias.com\/wp-content\/uploads\/2023\/04\/hcd-sesion-desarrollo-social-1.jpg?resize=300%2C167&amp;ssl=1 300w, https:\/\/i0.wp.com\/cdnoticias.com\/wp-content\/uploads\/2023\/04\/hcd-sesion-desarrollo-social-1.jpg?resize=768%2C427&amp;ssl=1 768w\" sizes=\"auto, (max-width: 800px) 100vw, 800px\" \/><\/p>\n<p>&nbsp;<\/p>\n<p><strong>\u201cEstamos advirtiendo que estamos frente a la posible comisi\u00f3n de varios delitos penales\u201d<\/strong>\u00a0sostuvo Land\u00edvar despu\u00e9s de contar que ya hab\u00eda hecho la ampliaci\u00f3n de la denuncia.<\/p>\n<p>&nbsp;<\/p>\n<p>A lo largo de su exposici\u00f3n<strong>\u00a0present\u00f3 una reconstrucci\u00f3n sin muchos detalles de c\u00f3mo se dieron a conocer internamente las irregularidades\u00a0<\/strong>y tambi\u00e9n ahond\u00f3 sobre c\u00f3mo funciona el sistema de asignaci\u00f3n y cobro de las tarjetas alimentarias, de los vales de alimentos frescos y de la entrega de pasajes para personas en situaci\u00f3n de vulnerabilidad.<\/p>\n<p>&nbsp;<\/p>\n<p><strong>\u201cVayan a los proveedores y preg\u00fantenle qu\u00e9 retiraban. Ojal\u00e1 los vecinos y las vecinas puedan retirar palta, r\u00facula, espinaca, peceto, lomo\u201d<\/strong>\u00a0describi\u00f3 sobre el destino de los fondos. Adem\u00e1s dej\u00f3 saber que los vales de alimentos que se asignaban a una entidad en particular se canjeaban irregularmente.\u00a0<strong>No la nombr\u00f3 a esa instituci\u00f3n ya que dijo que manten\u00eda la duda sobre el conocimiento que ten\u00edan respecto del uso de su nombre.<\/strong><\/p>\n<p>&nbsp;<\/p>\n<p>Los cuestionamientos no fueron s\u00f3lo para lo que puntualmente se hab\u00eda presentado como &#8220;irregularidad&#8221;, es decir\u00a0<strong>el uso de los montos por parte de personas a las que no le hab\u00eda sido asignado, sino que avanz\u00f3 hasta cuestionar tambi\u00e9n el funcionamiento del sistema y su falta de control<\/strong>. En ese relato dej\u00f3 en un rol central a la ahora subsecretaria Silvana Rosales y asegur\u00f3 que esos delitos se comet\u00edan desde hac\u00eda casi dos a\u00f1os, al menos.<\/p>\n<p>&nbsp;<\/p>\n<p>Y sum\u00f3 otro hecho igual de grave:\u00a0<strong>una vez expuestas las irregularidades y presuntamente para hacer la investigaci\u00f3n interna en el Municipio, todas las tarjetas fueron dejadas en cero.<\/strong>\u00a0Es decir, le quitaron el subsidio ya otorgado a los beneficiarios que a\u00fan ten\u00edan saldo en sus tarjetas.<\/p>\n<p>&nbsp;<\/p>\n<p>Mercedes Land\u00edvar a\u00f1adi\u00f3 una novedad: asegur\u00f3 que\u00a0<strong>parte de las becas del programa Callejeadas no se entregaron a beneficiarios.\u00a0<\/strong>Y all\u00ed tambi\u00e9n dej\u00f3 flechas apuntando a la modalidad del sistema ya que asegur\u00f3 que se pagan en efectivo. No est\u00e1 bancarizado el pago.<\/p>\n<p>&nbsp;<\/p>\n<p><strong><u>Robbiani: pedidos de explicaciones y de renuncia<\/u><\/strong><\/p>\n<p>&nbsp;<\/p>\n<p><img data-recalc-dims=\"1\" loading=\"lazy\" decoding=\"async\" class=\"alignnone size-large wp-image-82230\" src=\"https:\/\/i0.wp.com\/cdnoticias.com\/wp-content\/uploads\/2023\/04\/HCD-13-4-23-03.jpg?resize=800%2C450&#038;ssl=1\" alt=\"\" width=\"800\" height=\"450\" srcset=\"https:\/\/i0.wp.com\/cdnoticias.com\/wp-content\/uploads\/2023\/04\/HCD-13-4-23-03.jpg?resize=1024%2C576&amp;ssl=1 1024w, https:\/\/i0.wp.com\/cdnoticias.com\/wp-content\/uploads\/2023\/04\/HCD-13-4-23-03.jpg?resize=300%2C169&amp;ssl=1 300w, https:\/\/i0.wp.com\/cdnoticias.com\/wp-content\/uploads\/2023\/04\/HCD-13-4-23-03.jpg?resize=768%2C432&amp;ssl=1 768w, https:\/\/i0.wp.com\/cdnoticias.com\/wp-content\/uploads\/2023\/04\/HCD-13-4-23-03.jpg?resize=1536%2C864&amp;ssl=1 1536w, https:\/\/i0.wp.com\/cdnoticias.com\/wp-content\/uploads\/2023\/04\/HCD-13-4-23-03.jpg?w=1600&amp;ssl=1 1600w\" sizes=\"auto, (max-width: 800px) 100vw, 800px\" \/><\/p>\n<p>&nbsp;<\/p>\n<p>\u201c\u00bfPor qu\u00e9 el empleado o la empleada no quiso contarle esto a Diego Robbiani, sino que decide cont\u00e1rselo a una funcionaria por fuera del \u00e1rea?&#8221;. La concejal del Frente de Todos se hizo esa pregunta despu\u00e9s de exponer\u00a0<strong>c\u00f3mo se conoci\u00f3 internamente en el Municipio lo sucedido.<\/strong><\/p>\n<p>&nbsp;<\/p>\n<p>Con ello dedic\u00f3 parte de su discurso a destacar a los trabajadores municipales. El punto, como tambi\u00e9n nosotros en VAF lo se\u00f1alamos en ediciones anteriores es m\u00e1s que llamativo e importante. Por supuesto que habla del compromiso de quienes dieron un paso adelante y expusieron lo que ve\u00edan en su \u00e1rea, pero\u00a0<strong>m\u00e1s que nada deja en evidencia un contexto laboral con muchos condimentos negativos.<\/strong>\u00a0Adem\u00e1s de Land\u00edvar, tambi\u00e9n se refiri\u00f3 a eso la concejal Natalia \u00c1lvarez.<\/p>\n<p>&nbsp;<\/p>\n<p>In\u00e9s Creimer sum\u00f3 cr\u00edticas a Robbiani a quien reiter\u00f3 el pedido de que d\u00e9 explicaciones en una sesi\u00f3n.\u00a0<strong>\u201cEsto muestra la falta de empat\u00eda y sensibilidad de quien estaba a cargo del \u00e1rea, pero tambi\u00e9n muestra la falta de articulaci\u00f3n y conocimiento por parte de sus superiores\u201d<\/strong>\u00a0interpret\u00f3.<\/p>\n<p>&nbsp;<\/p>\n<p>Celeste Arouxet tambi\u00e9n intervino en el debate para apuntar al mismo funcionario al acusarlo de &#8220;falta de control&#8221; en el \u00e1rea, y con ello, busc\u00f3 poner en duda el contenido de la auditor\u00eda que se lleva adelante.<strong>\u00a0\u201cLe pido al se\u00f1or Intendente que ya le pida al se\u00f1or Diego Daniel Robbiani la renuncia al cargo de Secretario\u201d\u00a0<\/strong>cerr\u00f3 su intervenci\u00f3n con el aplauso del p\u00fablico.<\/p>\n<p>&nbsp;<\/p>\n<p><strong><u>El oficialismo respondi\u00f3<\/u><\/strong><\/p>\n<p>&nbsp;<\/p>\n<p><img data-recalc-dims=\"1\" loading=\"lazy\" decoding=\"async\" class=\"alignnone size-full wp-image-82251\" src=\"https:\/\/i0.wp.com\/cdnoticias.com\/wp-content\/uploads\/2023\/04\/HCD-guillermina-amespil.jpg?resize=800%2C445&#038;ssl=1\" alt=\"\" width=\"800\" height=\"445\" srcset=\"https:\/\/i0.wp.com\/cdnoticias.com\/wp-content\/uploads\/2023\/04\/HCD-guillermina-amespil.jpg?w=800&amp;ssl=1 800w, https:\/\/i0.wp.com\/cdnoticias.com\/wp-content\/uploads\/2023\/04\/HCD-guillermina-amespil.jpg?resize=300%2C167&amp;ssl=1 300w, https:\/\/i0.wp.com\/cdnoticias.com\/wp-content\/uploads\/2023\/04\/HCD-guillermina-amespil.jpg?resize=768%2C427&amp;ssl=1 768w\" sizes=\"auto, (max-width: 800px) 100vw, 800px\" \/><\/p>\n<p>&nbsp;<\/p>\n<p>El bloque Juntos se expres\u00f3 en el recinto, pero antes lo hizo por un comunicado. Fue un error que aprovech\u00f3 la oposici\u00f3n para cuestionarlos, m\u00e1s que nada porque esa comunicaci\u00f3n lleg\u00f3 a los medios mientras a\u00fan hablaba Landivar y segu\u00eda sumando informaci\u00f3n a la \u201cdenuncia\u201d.<\/p>\n<p>&nbsp;<\/p>\n<p>El contenido de ese comunicado fue un poco lo que expuso la concejal Guillermina Amespil, pero mucho antes de su intervenci\u00f3n lo ley\u00f3 para los presentes en la sala Juan S\u00e1nchez y, obviamente, para cuestionarlo.<\/p>\n<p>&nbsp;<\/p>\n<p>Pero eso oblig\u00f3 al presidente del bloque oficialista a iniciar su intervenci\u00f3n diciendo\u00a0<strong>\u201cno hay silencio del bloque\u201d.\u00a0<\/strong>Se mostr\u00f3 dolido por los hechos y por la afectaci\u00f3n a los m\u00e1s vulnerables.\u00a0<strong>\u201cAc\u00e1 nadie niega la existencia de posibles irregularidades\u201d<\/strong>\u00a0dijo.<\/p>\n<p>&nbsp;<\/p>\n<p><img data-recalc-dims=\"1\" loading=\"lazy\" decoding=\"async\" class=\"alignnone size-full wp-image-82252\" src=\"https:\/\/i0.wp.com\/cdnoticias.com\/wp-content\/uploads\/2023\/04\/HCD-martin-endere.jpg?resize=800%2C445&#038;ssl=1\" alt=\"\" width=\"800\" height=\"445\" srcset=\"https:\/\/i0.wp.com\/cdnoticias.com\/wp-content\/uploads\/2023\/04\/HCD-martin-endere.jpg?w=800&amp;ssl=1 800w, https:\/\/i0.wp.com\/cdnoticias.com\/wp-content\/uploads\/2023\/04\/HCD-martin-endere.jpg?resize=300%2C167&amp;ssl=1 300w, https:\/\/i0.wp.com\/cdnoticias.com\/wp-content\/uploads\/2023\/04\/HCD-martin-endere.jpg?resize=768%2C427&amp;ssl=1 768w\" sizes=\"auto, (max-width: 800px) 100vw, 800px\" \/><\/p>\n<p>&nbsp;<\/p>\n<p>Amespil busc\u00f3\u00a0<strong>poner de relevancia el accionar del Ejecutivo en cumplimiento de los plazos previstos en la normativa e hizo hincapie en que el Tribunal de Cuentas de la Provincia pidi\u00f3 informes espec\u00edficos sobre el \u00e1rea de Desarrollo Social.\u00a0<\/strong>O sea, la auditor\u00eda externa que la oposici\u00f3n ped\u00eda ya comenz\u00f3. Incluso, se hizo especial \u00e9nfasis en que es, b\u00e1sicamente, trabajo del Tribunal de Cuentas realizar un control sobre las cuentas municipales y no hab\u00eda nada extraordinario.<\/p>\n<p>&nbsp;<\/p>\n<p><strong>Ambas intervenciones fueron directo al punto<\/strong>, pero los concejales tuvieron frases desafortunadas que les costaron las cr\u00edticas inmediatas del p\u00fablico en el recinto y unos minutos despu\u00e9s tambi\u00e9n las cr\u00edticas de los concejales del Frente de Todos y de Ahora Olavarr\u00eda. No fue una jornada apasible para Juntos, cargada de tensiones y con el p\u00fablico en contra. Armado o no (como acusaron algunos dirigentes oficialistas) la tensi\u00f3n crec\u00eda y hac\u00eda que el aire se corte con una tijera.<\/p>\n<p>&nbsp;<\/p>\n<p>\u00bfY el bloque UCR-Juntos? Fijate vos.<\/p>\n<p>&nbsp;<\/p>\n<p><strong><u>Del recinto \u2026 a la comisi\u00f3n<\/u><\/strong><\/p>\n<p>&nbsp;<\/p>\n<p><img data-recalc-dims=\"1\" loading=\"lazy\" decoding=\"async\" class=\"alignnone size-large wp-image-82230\" src=\"https:\/\/i0.wp.com\/cdnoticias.com\/wp-content\/uploads\/2023\/04\/HCD-13-4-23-03.jpg?resize=800%2C450&#038;ssl=1\" alt=\"\" width=\"800\" height=\"450\" srcset=\"https:\/\/i0.wp.com\/cdnoticias.com\/wp-content\/uploads\/2023\/04\/HCD-13-4-23-03.jpg?resize=1024%2C576&amp;ssl=1 1024w, https:\/\/i0.wp.com\/cdnoticias.com\/wp-content\/uploads\/2023\/04\/HCD-13-4-23-03.jpg?resize=300%2C169&amp;ssl=1 300w, https:\/\/i0.wp.com\/cdnoticias.com\/wp-content\/uploads\/2023\/04\/HCD-13-4-23-03.jpg?resize=768%2C432&amp;ssl=1 768w, https:\/\/i0.wp.com\/cdnoticias.com\/wp-content\/uploads\/2023\/04\/HCD-13-4-23-03.jpg?resize=1536%2C864&amp;ssl=1 1536w, https:\/\/i0.wp.com\/cdnoticias.com\/wp-content\/uploads\/2023\/04\/HCD-13-4-23-03.jpg?w=1600&amp;ssl=1 1600w\" sizes=\"auto, (max-width: 800px) 100vw, 800px\" \/><\/p>\n<p>&nbsp;<\/p>\n<p>Lleg\u00f3 la hora de la votaci\u00f3n. Cinco proyectos estaban en tratamiento. dos resoluciones, dos pedidos de informe y un decreto para citarlo a Robbiani al Concejo en base al art\u00edculo 108 inciso 7 de la Ley Org\u00e1nica.<\/p>\n<p>&nbsp;<\/p>\n<p><strong>Ah\u00ed jug\u00f3 la concejal Bel\u00e9n Vergel.<\/strong>\u00a0Hab\u00eda estado en silencio toda la sesi\u00f3n. Pero cuando se puso a votaci\u00f3n ese proyecto levant\u00f3 la mano: propuso una moci\u00f3n para que\u00a0<strong>el expediente pasara a la comisi\u00f3n de Hacienda y que all\u00ed se citara al secretario Robbiani. Sorpresa.\u00a0<\/strong><\/p>\n<p>&nbsp;<\/p>\n<p><img data-recalc-dims=\"1\" loading=\"lazy\" decoding=\"async\" class=\"alignnone size-full wp-image-82248\" src=\"https:\/\/i0.wp.com\/cdnoticias.com\/wp-content\/uploads\/2023\/04\/HCD-belen-vergel.jpg?resize=800%2C445&#038;ssl=1\" alt=\"\" width=\"800\" height=\"445\" srcset=\"https:\/\/i0.wp.com\/cdnoticias.com\/wp-content\/uploads\/2023\/04\/HCD-belen-vergel.jpg?w=800&amp;ssl=1 800w, https:\/\/i0.wp.com\/cdnoticias.com\/wp-content\/uploads\/2023\/04\/HCD-belen-vergel.jpg?resize=300%2C167&amp;ssl=1 300w, https:\/\/i0.wp.com\/cdnoticias.com\/wp-content\/uploads\/2023\/04\/HCD-belen-vergel.jpg?resize=768%2C427&amp;ssl=1 768w\" sizes=\"auto, (max-width: 800px) 100vw, 800px\" \/><\/p>\n<p>&nbsp;<\/p>\n<p>Los votos de Juntos y UCR-Juntos impusieron la mayor\u00eda y se aprob\u00f3 la modificaci\u00f3n. El p\u00fablico hizo saber su rechazo con gritos.\u00a0<strong>El lunes cuando se re\u00fana la comisi\u00f3n de Hacienda se definir\u00e1 la citaci\u00f3n.\u00a0<\/strong><\/p>\n<p>&nbsp;<\/p>\n<p>Los concejales de Juntos ten\u00edan objeciones t\u00e9cnicas para la propuesta del Frente de Todos, pero no las expresaron en la sesi\u00f3n. De cualquier manera, qued\u00f3 en claro que la concejal radical jug\u00f3 el rol de \u201cdesactivadora de bomba\u201d y la cumpli\u00f3.<\/p>\n<p>&nbsp;<\/p>\n<p><strong>\u00bfYa nos quejamos ac\u00e1 de que las reuniones de comisi\u00f3n son cerradas y no dejan entrar a la prensa?<\/strong>\u00a0Aunque sea se podr\u00edan transmitir por internet\u2026<\/p>\n<p>&nbsp;<\/p>\n<p><strong><u>Le cerraron la canilla<\/u><\/strong><\/p>\n<p>&nbsp;<\/p>\n<p><img data-recalc-dims=\"1\" loading=\"lazy\" decoding=\"async\" class=\"alignnone size-large wp-image-82263\" src=\"https:\/\/i0.wp.com\/cdnoticias.com\/wp-content\/uploads\/2023\/04\/marinangeli-nicolas-HCD-13-4-2023.jpg?resize=800%2C445&#038;ssl=1\" alt=\"\" width=\"800\" height=\"445\" srcset=\"https:\/\/i0.wp.com\/cdnoticias.com\/wp-content\/uploads\/2023\/04\/marinangeli-nicolas-HCD-13-4-2023.jpg?resize=1024%2C570&amp;ssl=1 1024w, https:\/\/i0.wp.com\/cdnoticias.com\/wp-content\/uploads\/2023\/04\/marinangeli-nicolas-HCD-13-4-2023.jpg?resize=300%2C167&amp;ssl=1 300w, https:\/\/i0.wp.com\/cdnoticias.com\/wp-content\/uploads\/2023\/04\/marinangeli-nicolas-HCD-13-4-2023.jpg?resize=768%2C427&amp;ssl=1 768w, https:\/\/i0.wp.com\/cdnoticias.com\/wp-content\/uploads\/2023\/04\/marinangeli-nicolas-HCD-13-4-2023.jpg?resize=1536%2C854&amp;ssl=1 1536w, https:\/\/i0.wp.com\/cdnoticias.com\/wp-content\/uploads\/2023\/04\/marinangeli-nicolas-HCD-13-4-2023.jpg?resize=800%2C445&amp;ssl=1 800w, https:\/\/i0.wp.com\/cdnoticias.com\/wp-content\/uploads\/2023\/04\/marinangeli-nicolas-HCD-13-4-2023.jpg?w=1600&amp;ssl=1 1600w\" sizes=\"auto, (max-width: 800px) 100vw, 800px\" \/><\/p>\n<p>&nbsp;<\/p>\n<p>Y eso no fue todo: lo que sigui\u00f3 despu\u00e9s tuvo\u00a0<strong>m\u00e1s idas y vueltas, vaivenes y un resultado que estuvo muy lejos del esperado.<\/strong>\u00a0El pedido de aumento del agua avanz\u00f3 con un error, confusi\u00f3n, algunas avivadas y el regreso a comisi\u00f3n para \u201cordenar\u201d un l\u00edo que tuvo un broche de oro en plena sesi\u00f3n y en voz del concejal Marinangeli.<\/p>\n<p>&nbsp;<\/p>\n<p>Pero esto viene de antes. Recordemos que d\u00edas atr\u00e1s\u00a0<strong>Coopelectric present\u00f3 una \u201cactualizaci\u00f3n\u201d del informe presentado en septiembre que justificaba el aumento en el agua.<\/strong>\u00a0Lo que a\u00fan no se sab\u00eda -y se supo el mi\u00e9rcoles- es que<strong>\u00a0el pedido de suba pas\u00f3 del 186% -incluso acordado por mayor\u00eda en comisi\u00f3n- a un 314,56%<\/strong>\u00a0solicitado por la cooperativa.<\/p>\n<p>&nbsp;<\/p>\n<p>Y dejemos en claro algo antes de ser catalogados como \u201cm\u00e1s papistas que el Papa\u201d:\u00a0<strong>est\u00e1 claro que el servicio necesita un ajuste de tarifa sobre todo porque la inflaci\u00f3n ha hecho estragos en los n\u00fameros que no sufrieron aumento<\/strong>. Pero lo sucedido en las \u00faltimas horas dej\u00f3 en el ojo de la tormenta a Coopelectric pero espec\u00edficamente al trabajo mancomunado con el Municipio. Ahora explicaremos por qu\u00e9.<\/p>\n<p>&nbsp;<\/p>\n<p>En tiempo r\u00e9cord,\u00a0<strong>el Municipio tambi\u00e9n actualiz\u00f3 la auditor\u00eda, a 48 horas de la sesi\u00f3n: aval\u00f3 un 246% de la tarifa y hasta ah\u00ed, parec\u00eda estar todo ordenado<\/strong>. VAF logr\u00f3 saber que 24 horas antes, una actualizaci\u00f3n de los anexos fue enviada a los concejales por Whatsapp, algo que finalmente se termin\u00f3 filtrando en los medios. Pero faltaba una sorpresa m\u00e1s\u2026<\/p>\n<p>&nbsp;<\/p>\n<p><strong>Momento de tratar el proyecto.<\/strong>\u00a0La tensi\u00f3n post sesi\u00f3n especial permanec\u00eda dado que se ven\u00eda otra dura discusi\u00f3n. Al momento de presentar el proyecto, varios errores de Nicol\u00e1s Marinangeli y el bloque Juntos -orientados hacia los dos concejales del curismo, vinculados con Coopelectric-\u00a0<strong>generaron una confusi\u00f3n y enojo entre sus colegas que deriv\u00f3 en cuartos intermedios, minutos donde hasta los propios concejales no entend\u00edan nada y una decisi\u00f3n para \u201csalvar\u201d la situaci\u00f3n.<\/strong><\/p>\n<p>&nbsp;<\/p>\n<p>\u00bfQu\u00e9 hab\u00eda que salvar?\u00a0<strong>Marinangeli explic\u00f3 la nueva propuesta sin tener en cuenta que no era el proyecto que se hab\u00eda discutido en comisi\u00f3n.<\/strong>\u00a0Y al no pedir moci\u00f3n, explic\u00f3 algo que en los papeles no exist\u00eda.\u00a0<strong>Si no existe, \u00bfqu\u00e9 se est\u00e1 discutiendo?<\/strong>\u00a0Visiblemente desorientada, la presidenta del cuerpo Cecilia Krivochen intent\u00f3 explicarle que necesitaba hacer una moci\u00f3n de modificaci\u00f3n del articulado y los anexos \u2026 pero no sucedi\u00f3.<\/p>\n<p>&nbsp;<\/p>\n<p>Ubaldo Garc\u00eda (Frente de Todos) quiso mostrar su postura sobre el proyecto pero se mostr\u00f3 sorprendido\u00a0<strong>\u201cporque no s\u00e9 qu\u00e9 estamos discutiendo\u201d<\/strong>. Lo mismo dijeron otros dos concejales. Cuarto intermedio, cruces entre ediles, pedidos de explicaci\u00f3n\u2026y pedido de modificaci\u00f3n de los anexos y un art\u00edculo.<strong>\u00a0Pero ya era tarde.\u00a0<\/strong><\/p>\n<p>&nbsp;<\/p>\n<p>Celeste Arouxet (Ahora Olavarr\u00eda) y Gast\u00f3n Sarachu (Foro Olavarr\u00eda) criticaron con dureza el proyecto y la \u201cimprovisaci\u00f3n\u201d. No solo eso, fueron contra la segunda auditor\u00eda del Municipio catalogada como \u201cexpr\u00e9s\u201d dado que se conoci\u00f3 en apenas 24 horas. \u201cParece que fue una actualizaci\u00f3n con copie y pegue, pero lo copiaron y arrastraron errores\u201d dijo Arouxet, para se\u00f1alar que de la presentaci\u00f3n del proyecto a ese momento, hab\u00eda documentos con tres n\u00fameros distintos:<strong>\u00a0\u201cno sabemos ni qu\u00e9 estamos votando, propongo que vuelva a Hacienda para analizarlo seriamente\u201d.<\/strong><\/p>\n<p>&nbsp;<\/p>\n<p><img data-recalc-dims=\"1\" loading=\"lazy\" decoding=\"async\" class=\"alignnone size-full wp-image-82250\" src=\"https:\/\/i0.wp.com\/cdnoticias.com\/wp-content\/uploads\/2023\/04\/HCD-celeste-arouxet.jpg?resize=800%2C445&#038;ssl=1\" alt=\"\" width=\"800\" height=\"445\" srcset=\"https:\/\/i0.wp.com\/cdnoticias.com\/wp-content\/uploads\/2023\/04\/HCD-celeste-arouxet.jpg?w=800&amp;ssl=1 800w, https:\/\/i0.wp.com\/cdnoticias.com\/wp-content\/uploads\/2023\/04\/HCD-celeste-arouxet.jpg?resize=300%2C167&amp;ssl=1 300w, https:\/\/i0.wp.com\/cdnoticias.com\/wp-content\/uploads\/2023\/04\/HCD-celeste-arouxet.jpg?resize=768%2C427&amp;ssl=1 768w\" sizes=\"auto, (max-width: 800px) 100vw, 800px\" \/><\/p>\n<p>&nbsp;<\/p>\n<p>Mercedes Land\u00edvar, quien empez\u00f3 a ver las caras y hasta el enojo de algunos ediles, fue quien abiertamente pidi\u00f3 que Matrella acompa\u00f1e el pedido.\u00a0<strong>\u201cApelo a (Sebasti\u00e1n) Matrella, apelo a que se respete el trabajo de quienes hacen evaluaciones\u201d\u00a0<\/strong>en referencia a los concejales que analizaron las cifras que present\u00f3 la cooperativa, Garc\u00eda y Arouxet. \u201cEntiendo que el concejal Marinangeli es vocero oficial de Coopelectric, que tiene que cumplir \u00f3rdenes de su jefe pol\u00edtico\u201d se\u00f1al\u00f3 para a\u00f1adir\u00a0<strong>\u201cles pido al bloque de UCR no hagan cualquier cosa con tal de sostener una banca\u201d.<\/strong><\/p>\n<p>&nbsp;<\/p>\n<p>Sebasti\u00e1n Matrella (UCR-Juntos), muy afectado por la sorpresiva situaci\u00f3n, no s\u00f3lo se negaba a votar el nuevo pedido de aumento,\u00a0<strong>hasta amag\u00f3 con renunciar<\/strong>. \u201cNo me gusta todo esto tan sucio\u201d se lo escuch\u00f3 decir. Algunos, incluso, se animaron a admitir que hizo un Lorenzino: \u201cMe quiero ir\u201d.<\/p>\n<p>&nbsp;<\/p>\n<p>Esto pon\u00eda en aprietos al radicalismo, dado que Vergel, al menos en ese momento, estaba dispuesta a acompa\u00f1ar, pero Matrella no. \u00bfC\u00f3mo quedaban las cuentas? 10-10 y desempataba la presidenta Krivochen.\u00a0<strong>En di\u00e1logo con VAF, dijeron que las dudas y la falta de di\u00e1logo con el oficialismo hac\u00eda que Vergel se acople a Matrella y no haya confusi\u00f3n. \u201cIgual la diferencia existi\u00f3\u201d ratificaron.\u00a0<\/strong><\/p>\n<p>&nbsp;<\/p>\n<p>Pero vale insistir: el proyecto ya estaba muy embarrado y los n\u00fameros eran muy confusos.<strong>\u00a0\u201cPr\u00e1cticamente hab\u00eda que hacer la ordenanza de nuevo despu\u00e9s de la macana de Marinangeli\u201d<\/strong>\u00a0admitieron a este newsletter.<\/p>\n<p>&nbsp;<\/p>\n<p>En plena sesi\u00f3n,\u00a0<strong>Matrella expuso al oficialismo al adelantar que acompa\u00f1ar\u00eda el pedido de regreso a sesi\u00f3n<\/strong>: si lograban sostenerlo en el recinto, el radicalismo hasta se pod\u00eda romper. \u201cPero si vuelve a comisi\u00f3n por unanimidad\u2026\u201d pens\u00f3 Mart\u00edn Endere, quien\u00a0<strong>en un cuarto intermedio tom\u00f3 la decisi\u00f3n de parar con tantos errores acumulados y llevar cordura a una situaci\u00f3n que rozaba lo ins\u00f3lita.\u00a0<\/strong><\/p>\n<p>&nbsp;<\/p>\n<p>Marinangeli, autor del error, fue quien pidi\u00f3 retirar -tras otro cuarto intermedio- las mociones de modificaci\u00f3n y enviar todo como estaba a Hacienda para nuevamente hacer un estudio.<\/p>\n<p>&nbsp;<\/p>\n<p>Analizado fr\u00edamente,<strong>\u00a0no necesariamente es una derrota del Ejecutivo: llev\u00f3 el proyecto a sesi\u00f3n con sus votos, intent\u00f3 darle un aumento pero el error surgi\u00f3 del seno mismo del curismo, uno de los mayores interesados<\/strong>. Ahora restar\u00e1 saber qu\u00e9 pasar\u00e1 en Hacienda, volver\u00eda a Legislaci\u00f3n y otra vez a sesi\u00f3n. \u00bfLlegar\u00e1 a la pr\u00f3xima del 27 de abril?<\/p>\n<p>&nbsp;<\/p>\n<p>Algunos concejales, ofuscados por el error de Marinangeli, admitieron que\u00a0<strong>\u201cahora la sesi\u00f3n de aumento de obras sanitarias tomar\u00e1 m\u00e1s independencia y se le prestar\u00e1 m\u00e1s atenci\u00f3n, eso puede terminar con el recinto otra vez copado por gente enojada y en contra de la suba\u201d\u00a0<\/strong>mucho m\u00e1s teniendo en cuenta la conducta de \u201cno acompa\u00f1ar\u201d subas del Frente de Todos a\u00fan cuando el d\u00e9ficit en el servicio est\u00e9 en varios millones de pesos.<\/p>\n<p>&nbsp;<\/p>\n<p><strong>\u201cEsperamos que haya un debate serio y que se presenten propuestas, las que quieran, pero que se piense en dar un aumento, despu\u00e9s cada uno pensar\u00e1 en qu\u00e9 porcentaje, de qu\u00e9 forma, si gradual o dem\u00e1s\u2026pero hay que dar respuestas y para eso tambi\u00e9n sirve el Concejo Deliberante\u201d<\/strong>\u00a0cerr\u00f3 uno de los consultados.<\/p>\n<p>&nbsp;<\/p>\n<p><strong><u>Las organizaciones<\/u><\/strong><\/p>\n<p>&nbsp;<\/p>\n<p><img data-recalc-dims=\"1\" loading=\"lazy\" decoding=\"async\" class=\"alignnone size-full wp-image-82245\" src=\"https:\/\/i0.wp.com\/cdnoticias.com\/wp-content\/uploads\/2023\/04\/hcd-sesion-desarrollo-social-2.jpg?resize=800%2C445&#038;ssl=1\" alt=\"\" width=\"800\" height=\"445\" srcset=\"https:\/\/i0.wp.com\/cdnoticias.com\/wp-content\/uploads\/2023\/04\/hcd-sesion-desarrollo-social-2.jpg?w=800&amp;ssl=1 800w, https:\/\/i0.wp.com\/cdnoticias.com\/wp-content\/uploads\/2023\/04\/hcd-sesion-desarrollo-social-2.jpg?resize=300%2C167&amp;ssl=1 300w, https:\/\/i0.wp.com\/cdnoticias.com\/wp-content\/uploads\/2023\/04\/hcd-sesion-desarrollo-social-2.jpg?resize=768%2C427&amp;ssl=1 768w\" sizes=\"auto, (max-width: 800px) 100vw, 800px\" \/><\/p>\n<p>&nbsp;<\/p>\n<p>Como dijimos, el MTE se hizo notar en la sesi\u00f3n: fueron muchos de sus integrantes y se mostraron muy activos en el desarrollo del debate. Con los resultados puestos, la agrupaci\u00f3n asegur\u00f3 que\u00a0<strong>&#8220;una vez m\u00e1s qued\u00f3 demostrado que el sujeto de cambio, de transformaci\u00f3n m\u00e1s importante es el pueblo organizado, y para nosotros los humildes, los trabajadores y trabajadoras de la econom\u00eda popular, no la dirigencia pol\u00edtica&#8221;.<\/strong><\/p>\n<p>&nbsp;<\/p>\n<p>Le atribuyeron a\u00a0<strong>&#8220;la presi\u00f3n de las organizaciones sociales&#8221;<\/strong>\u00a0lo que se expuso sobre la gesti\u00f3n de la Secretar\u00eda de Desarrollo Humano y la negativa a votar la suba de la tarifa de obras sanitarias. &#8220;Desde el MTE luchamos y vamos a seguir luchando contra esta impunidad del poder. De estos tipos que detestan a los pobres. Que solo est\u00e1n en la pol\u00edtica para hacer negocios y que est\u00e1n enterrando a la ciudad hace tiempo&#8221; declararon.<\/p>\n<p>&nbsp;<\/p>\n<p>Por otro lado, Agust\u00edn Mestralet, precandidato a intendente por el Frente de Izquierda, se expres\u00f3 antes de la sesi\u00f3n legislativa.<strong>\u00a0\u201cEn el momento que supimos de la denuncia y expulsi\u00f3n de Silvana Rosales por el desfalco con las tarjetas \u2018Cabal\u2019 del Plan Alimentario Municipal dijimos que Diego Robbiani no pod\u00eda auto-auditarse y que era necesaria una comisi\u00f3n investigadora independiente integrada por referentes vecinales y de las organizaciones sociales que intervenimos en la cuesti\u00f3n en los barrios\u201d\u00a0<\/strong>consider\u00f3.<\/p>\n<p>&nbsp;<\/p>\n<p><strong><u>Cayeron de sorpresa<\/u><\/strong><\/p>\n<p>&nbsp;<\/p>\n<p><img data-recalc-dims=\"1\" loading=\"lazy\" decoding=\"async\" class=\"alignnone size-large wp-image-82401\" src=\"https:\/\/i0.wp.com\/cdnoticias.com\/wp-content\/uploads\/2023\/04\/larreta-olava4.jpg?resize=800%2C445&#038;ssl=1\" alt=\"\" width=\"800\" height=\"445\" srcset=\"https:\/\/i0.wp.com\/cdnoticias.com\/wp-content\/uploads\/2023\/04\/larreta-olava4-scaled.jpg?resize=1024%2C570&amp;ssl=1 1024w, https:\/\/i0.wp.com\/cdnoticias.com\/wp-content\/uploads\/2023\/04\/larreta-olava4-scaled.jpg?resize=300%2C167&amp;ssl=1 300w, https:\/\/i0.wp.com\/cdnoticias.com\/wp-content\/uploads\/2023\/04\/larreta-olava4-scaled.jpg?resize=768%2C427&amp;ssl=1 768w, https:\/\/i0.wp.com\/cdnoticias.com\/wp-content\/uploads\/2023\/04\/larreta-olava4-scaled.jpg?resize=1536%2C855&amp;ssl=1 1536w, https:\/\/i0.wp.com\/cdnoticias.com\/wp-content\/uploads\/2023\/04\/larreta-olava4-scaled.jpg?resize=2048%2C1140&amp;ssl=1 2048w, https:\/\/i0.wp.com\/cdnoticias.com\/wp-content\/uploads\/2023\/04\/larreta-olava4-scaled.jpg?resize=800%2C445&amp;ssl=1 800w, https:\/\/i0.wp.com\/cdnoticias.com\/wp-content\/uploads\/2023\/04\/larreta-olava4-scaled.jpg?w=1600&amp;ssl=1 1600w, https:\/\/i0.wp.com\/cdnoticias.com\/wp-content\/uploads\/2023\/04\/larreta-olava4-scaled.jpg?w=2400&amp;ssl=1 2400w\" sizes=\"auto, (max-width: 800px) 100vw, 800px\" \/><\/p>\n<p>&nbsp;<\/p>\n<p>De repente,\u00a0<strong>tocan el timbre y son Horacio Rodr\u00edguez Larreta y Diego Santilli que est\u00e1n en tu casa<\/strong>. Bueno, m\u00e1s o menos as\u00ed fue el inicio del s\u00e1bado. Sin aviso llegaron los precandidatos a presidente y gobernador del Pro.<\/p>\n<p>&nbsp;<\/p>\n<p>Estuvieron con Ezequiel Galli en el Instituto Rep\u00fablica con los integrantes locales del Pro (que no sab\u00edan y se sorprendieron por la movida) y de ah\u00ed partieron a San Vicente y Los Robles porque\u00a0<strong>\u00a1volvieron \u201clos timbreos\u201d!.<\/strong>\u00a0Aprovecharon a hacer caminata por el centro y tomarse un caf\u00e9 en una esquina.<\/p>\n<p>&nbsp;<\/p>\n<p>El cierre de actividades fue con referentes de la toda la S\u00e9ptima Secci\u00f3n Electoral encabezados por el intendente Galli. Con ello,\u00a0<strong>el olavarriense ratific\u00f3 su rol de referente seccional del sector.<\/strong><\/p>\n<p>&nbsp;<\/p>\n<p><strong>Larreta lleg\u00f3 en un contexto agitado del Pro<\/strong>. Despu\u00e9s de conocerse su convocatoria a elecciones concurrentes en CABA, Mauricio Macri -y varios m\u00e1s con \u00e9l- se quejaron ya que advierten en ello un potencial perjuicio para Juntos.\u00a0<strong>Aunque es claro que de fondo lo que se disputa es liderazgo.<\/strong><\/p>\n<p>&nbsp;<\/p>\n<p>Y en la Provincia sigue la discusi\u00f3n interna del Pro sobre qu\u00e9 va a suceder en las PASO: \u00bfhabr\u00e1 m\u00e1s de un candidato? Larreta fue muy claro ayer:\u00a0<strong>\u201cvamos a defender a nuestros intendentes del Pro. Todos ellos est\u00e1n haciendo muy buenas gestiones. No descarto que la mayor\u00eda de ellos tengan en sus distritos candidato \u00fanico\u201d.<\/strong><\/p>\n<p>&nbsp;<\/p>\n<p><img data-recalc-dims=\"1\" loading=\"lazy\" decoding=\"async\" class=\"alignnone size-large wp-image-82454\" src=\"https:\/\/i0.wp.com\/cdnoticias.com\/wp-content\/uploads\/2023\/04\/Ftx6YppXwAIzNO5.jpeg?resize=800%2C533&#038;ssl=1\" alt=\"\" width=\"800\" height=\"533\" srcset=\"https:\/\/i0.wp.com\/cdnoticias.com\/wp-content\/uploads\/2023\/04\/Ftx6YppXwAIzNO5.jpeg?resize=1024%2C682&amp;ssl=1 1024w, https:\/\/i0.wp.com\/cdnoticias.com\/wp-content\/uploads\/2023\/04\/Ftx6YppXwAIzNO5.jpeg?resize=300%2C200&amp;ssl=1 300w, https:\/\/i0.wp.com\/cdnoticias.com\/wp-content\/uploads\/2023\/04\/Ftx6YppXwAIzNO5.jpeg?resize=768%2C512&amp;ssl=1 768w, https:\/\/i0.wp.com\/cdnoticias.com\/wp-content\/uploads\/2023\/04\/Ftx6YppXwAIzNO5.jpeg?resize=1536%2C1023&amp;ssl=1 1536w, https:\/\/i0.wp.com\/cdnoticias.com\/wp-content\/uploads\/2023\/04\/Ftx6YppXwAIzNO5.jpeg?resize=272%2C182&amp;ssl=1 272w, https:\/\/i0.wp.com\/cdnoticias.com\/wp-content\/uploads\/2023\/04\/Ftx6YppXwAIzNO5.jpeg?w=1600&amp;ssl=1 1600w\" sizes=\"auto, (max-width: 800px) 100vw, 800px\" \/><\/p>\n<p>&nbsp;<\/p>\n<p>Alivio para Ezequiel Galli. Y para los intendentes Pro que quieren ir a reelecci\u00f3n. \u201cVamos a defender que haya candidatos \u00fanicos si esa es la manera de garantizar la continuidad de los intendentes del Pro\u201d subray\u00f3 Larreta, en\u00a0<strong>su primera manifestaci\u00f3n expl\u00edcita en materia de estrategia local en el territorio bonaerense.<\/strong><\/p>\n<p>&nbsp;<\/p>\n<p>Adem\u00e1s, Galli present\u00f3 su armado en los distritos de la S\u00e9ptima Secci\u00f3n\u2026y \u00a1oh! caras nuevas:\u00a0<strong>Natalia Colom\u00e9 y su equipo de la agrupaci\u00f3n vecinal Podemos Azul, estaba presente contenta y dispuesta a sumarse al equipo de Horacio Rodr\u00edguez Larreta y Diego Santilli.\u00a0<\/strong><\/p>\n<p>&nbsp;<\/p>\n<p>Una de las listas que sorprendi\u00f3 en el resultado de las Legislativas 2021 y adem\u00e1s una de las serias candidatas a arrebatarle el poder a Hern\u00e1n Bertellys jugar\u00e1 dentro de Juntos y eso es toda una novedad.\u00a0<strong>\u201cDe los armados que tuvo Ezequiel, hasta ahora fue la gran incorporaci\u00f3n\u201d<\/strong>\u00a0admitieron en di\u00e1logo con este newsletter.<\/p>\n<p>&nbsp;<\/p>\n<p>El rompecabezas en Azul, en tanto, qued\u00f3 cada vez m\u00e1s complejo:\u00a0<strong>dentro de Juntos Bertellys ir\u00eda con Cristian Ritondo como referencia contra Colom\u00e9, que har\u00e1 lo propio con Larreta y Santilli<\/strong>. En el medio, Ramiro Ortiz quien no pudo asistir al encuentro por un viaje programado pero \u201cse lament\u00f3 no poder estar y ver a Horacio y Diego en esta recorrida\u201d por lo que se presume estar\u00eda m\u00e1s cerca de Colom\u00e9 que Bertellys. Y, nobleza obliga, con Galli sumando una interesante incorporaci\u00f3n seccional.<\/p>\n<p>&nbsp;<\/p>\n<p><strong><u>Los Vecinalistas, con Pato<\/u><\/strong><\/p>\n<p>&nbsp;<\/p>\n<p><img data-recalc-dims=\"1\" loading=\"lazy\" decoding=\"async\" class=\"alignnone size-full wp-image-82036\" src=\"https:\/\/i0.wp.com\/cdnoticias.com\/wp-content\/uploads\/2023\/04\/andrea-coronel-patricia-bullrich.jpg?resize=800%2C446&#038;ssl=1\" alt=\"\" width=\"800\" height=\"446\" srcset=\"https:\/\/i0.wp.com\/cdnoticias.com\/wp-content\/uploads\/2023\/04\/andrea-coronel-patricia-bullrich.jpg?w=1000&amp;ssl=1 1000w, https:\/\/i0.wp.com\/cdnoticias.com\/wp-content\/uploads\/2023\/04\/andrea-coronel-patricia-bullrich.jpg?resize=300%2C167&amp;ssl=1 300w, https:\/\/i0.wp.com\/cdnoticias.com\/wp-content\/uploads\/2023\/04\/andrea-coronel-patricia-bullrich.jpg?resize=768%2C428&amp;ssl=1 768w, https:\/\/i0.wp.com\/cdnoticias.com\/wp-content\/uploads\/2023\/04\/andrea-coronel-patricia-bullrich.jpg?resize=800%2C445&amp;ssl=1 800w\" sizes=\"auto, (max-width: 800px) 100vw, 800px\" \/><\/p>\n<p>&nbsp;<\/p>\n<p><strong>Patricia Bullrich dej\u00f3 esta semana una noticia m\u00e1s que importante para sus aspiraciones a una precandidatura a la presidencia en el Pro<\/strong>: ya se hizo de un armado bonaerense.<\/p>\n<p>&nbsp;<\/p>\n<p>Tras una reuni\u00f3n en Ca\u00f1uelas que dur\u00f3 unas dos horas, present\u00f3 el\u00a0<strong>\u201cacuerdo pol\u00edtico electoral\u201d con Vecinalistas.<\/strong>\u00a0Son casi 30 agrupaciones municipales que van a \u201csumarle su estructura territorial y apoyarla en las pr\u00f3ximas elecciones presidenciales\u201d. En concreto, se trata de \u201ctrabajo articulado con representantes en la mesa pol\u00edtica, participaci\u00f3n efectiva electoral en el \u00e1mbito local, provincial, nacional y la integraci\u00f3n en sus equipos t\u00e9cnicos\u201d.<\/p>\n<p>&nbsp;<\/p>\n<p>Y como siempre hay un o una olavarriense en la historia, ac\u00e1 no pod\u00eda faltar.\u00a0<strong>\u201cPor Olavarr\u00eda Todos\u201d es una de las agrupaciones que compone Vecinalistas y se sum\u00f3 al \u201cbullrichismo\u201d.<\/strong><\/p>\n<p>&nbsp;<\/p>\n<p>La referente, Andrea Coronel, ya hab\u00eda dado las se\u00f1ales. De hecho, lo contamos ac\u00e1 mismo cuando estuvo en el acto de \u201cmujeres bullrichistas\u201d de La Matanza. Pero en esta ocasi\u00f3n, te agregamos tambi\u00e9n que<strong>\u00a0la dirigente del POT fue una de las gestoras de esta alianza entre los sectores.<\/strong><\/p>\n<p>&nbsp;<\/p>\n<p>Los definidos como \u201cpioneros\u201d del acuerdo son tres miembros de Vecinalistas:<strong>\u00a0Juan Carlos Juarez, Gerardo Jazm\u00edn y Andrea Coronel<\/strong>. Ella tuvo un lugar destacado en las fotos con las que Patricia Bullrich dio a conocer este acuerdo electoral.<\/p>\n<p>&nbsp;<\/p>\n<p>Adem\u00e1s, hay que se\u00f1alar que<strong>\u00a0de los ocho municipios de la S\u00e9ptima, siete tienen agrupaciones en Vecinalistas<\/strong>. Patricia Bullrich llega con estructura en casi toda la secci\u00f3n.<\/p>\n<p>&nbsp;<\/p>\n<p>En este escenario, \u00bfc\u00f3mo se conjuga lo que dijo Larreta de \u201ccandidatos \u00fanicos\u201d del Pro en los municipios con este acuerdo que hizo Bullrich?<strong>\u00a0Andrea Coronel, y los Vecinalistas, apuestan a las PASO. Es una inc\u00f3gnita para la que no tenemos respuesta por ahora.\u00a0<\/strong><\/p>\n<p>&nbsp;<\/p>\n<p><strong><u>A caminar por la ciudad<\/u><\/strong><\/p>\n<p>&nbsp;<\/p>\n<p><img data-recalc-dims=\"1\" loading=\"lazy\" decoding=\"async\" class=\"alignnone size-large wp-image-82411\" src=\"https:\/\/i0.wp.com\/cdnoticias.com\/wp-content\/uploads\/2023\/04\/FtxfSmBXwAIsNcX.jpeg?resize=800%2C364&#038;ssl=1\" alt=\"\" width=\"800\" height=\"364\" srcset=\"https:\/\/i0.wp.com\/cdnoticias.com\/wp-content\/uploads\/2023\/04\/FtxfSmBXwAIsNcX.jpeg?resize=1024%2C466&amp;ssl=1 1024w, https:\/\/i0.wp.com\/cdnoticias.com\/wp-content\/uploads\/2023\/04\/FtxfSmBXwAIsNcX.jpeg?resize=300%2C136&amp;ssl=1 300w, https:\/\/i0.wp.com\/cdnoticias.com\/wp-content\/uploads\/2023\/04\/FtxfSmBXwAIsNcX.jpeg?resize=768%2C349&amp;ssl=1 768w, https:\/\/i0.wp.com\/cdnoticias.com\/wp-content\/uploads\/2023\/04\/FtxfSmBXwAIsNcX.jpeg?resize=1536%2C698&amp;ssl=1 1536w, https:\/\/i0.wp.com\/cdnoticias.com\/wp-content\/uploads\/2023\/04\/FtxfSmBXwAIsNcX.jpeg?w=2048&amp;ssl=1 2048w, https:\/\/i0.wp.com\/cdnoticias.com\/wp-content\/uploads\/2023\/04\/FtxfSmBXwAIsNcX.jpeg?w=1600&amp;ssl=1 1600w\" sizes=\"auto, (max-width: 800px) 100vw, 800px\" \/><\/p>\n<p>&nbsp;<\/p>\n<p>S\u00e1bado a la ma\u00f1ana, ideal para caminar. Si bien el Pro regres\u00f3 con los timbreos,<strong>\u00a0el sector del Frente de Todos encabezado por Maxi Wesner sali\u00f3 con un centenar de dirigentes, militantes, legisladores y funcionarios a presentar la propuesta del concejal y titular de Anses.<\/strong><\/p>\n<p>&nbsp;<\/p>\n<p>Ya en las mismas publicaciones nadie esconde que est\u00e1n presentando a\u00a0<strong>\u201cMaxi Intendente\u201d<\/strong>\u00a0y en plena campa\u00f1a, la \u201cTota\u201d dialoga con vecinos y se muestra dispuesto a plantear una alternativa de gobierno en la ciudad, quiz\u00e1s la que pueda discutirle mano a mano al Intendente Galli.<\/p>\n<p>&nbsp;<\/p>\n<p>Todo esto, en medio de reuniones, actividades vinculadas a Anses y otras gestiones que\u00a0<strong>lo potencian y lo ubican en el centro del espacio opositor local\u00a0<\/strong>y en la b\u00fasqueda de triunfo en estas elecciones.<\/p>\n<p>&nbsp;<\/p>\n<p>Pero no fue el \u00fanico que camin\u00f3:\u00a0<strong>\u201cAmor por Olavarr\u00eda\u201d reza el slogan, ya impreso, de los panfletos que el Foro Olavarr\u00eda reparti\u00f3 durante el fin de semana<\/strong>\u00a0con el \u201cEduardo Intendente\u201d que lanza al referente de la agrupaci\u00f3n como alternativa para pelear con Wesner en la interna.<\/p>\n<p>&nbsp;<\/p>\n<p>Se\u00f1alaron, en di\u00e1logo con VAF, que hubo\u00a0<strong>\u201cmuch\u00edsimas adhesiones en los \u00faltimos d\u00edas de vecinos que quiz\u00e1s no tienen identificaci\u00f3n pol\u00edtica pero quieren participar y colaborar con Eduardo\u201d.\u00a0<\/strong><\/p>\n<p>&nbsp;<\/p>\n<p>A eso y algunas actividades de gesti\u00f3n en la semana se le debe sumar que mostraron como incorporaci\u00f3n de acompa\u00f1amiento a la dirigenta de la Econom\u00eda Social y ex concejala\u00a0<strong>Patricia Bahl<\/strong>, quien<strong>\u00a0se deshizo en elogios en una gacetilla de prensa emitida el s\u00e1bado donde se mostr\u00f3 dispuesta a acompa\u00f1ar a Eduardo Rodr\u00edguez.<\/strong>\u00a0Tom\u00e1 mate.<\/p>\n<p>&nbsp;<\/p>\n<p>Ojo,\u00a0<strong>fue por lejos una mala semana para Sergio Massa<\/strong>. Por si no lo notaste en las g\u00f3ndolas (cuac) la inflaci\u00f3n de marzo arroj\u00f3 un 7,7% de suba de precios, por lejos de las peores cifras de los \u00faltimos a\u00f1os. \u201cPas\u00f3 lo peor\u201d dijo Gabriela Cerruti, que no pareciera ayudar con el humor social sobre este tema\u2026<\/p>\n<p>&nbsp;<\/p>\n<p>Si Massa le ganaba a la inflaci\u00f3n, se pod\u00eda posicionar para ser precandidato a Presidente.\u00a0<strong>Por ahora pierde por goleada. \u00bfSe cae la candidatura?<\/strong>\u00a0\u201cSea o no Sergio Massa, en Olavarr\u00eda una muy interesante alternativa a otras candidaturas es la de Eduardo Rodr\u00edguez, quiz\u00e1s es con otro referente, por qu\u00e9 no, pero Eduardo deber\u00eda estar\u201d dijeron ante la consulta de este bello newsletter.<\/p>\n<p>&nbsp;<\/p>\n<p><strong>Hern\u00e1n Parra, por su parte, ya dijo abiertamente que tambi\u00e9n es precandidato a Intendente<\/strong>\u00a0y realiz\u00f3 su lanzamiento por Instagram, por citar una de las redes sociales en la que lo hizo: \u00bfquieren divertirse y ver c\u00f3mo viene la mano? Hubo likes variopinto, de dirigentes ex eseverristas, del ex concejal Julio Fr\u00edas, por ejemplo, y de otros dirigentes y militantes reconocidos con pasado local.\u00a0<strong>Pero es amplio el espectro de acompa\u00f1antes.<\/strong><\/p>\n<p>&nbsp;<\/p>\n<p>\u00bfUn dato m\u00e1s? Tanto en el timbreo como en las distintas caminatas hubo una sensaci\u00f3n en com\u00fan:<strong>\u00a0si hay enojo con la pol\u00edtica, muy poca gente lo est\u00e1 haciendo notar<\/strong>. Salvo excepciones en todos los espacios, \u201cla gente agarra el folleto, quiere escuchar y quiere que la escuchen, coincidiendo o no en las ideas te reciben con una sonrisa y un mate, no hay ese enojo con la dirigencia como han querido instalar\u201d indicaron a este newsletter.\u00a0<strong>Quiz\u00e1s la salida a todo este l\u00edo\u2026 es pol\u00edtica.<\/strong><\/p>\n<p>&nbsp;<\/p>\n<p><strong><u>Celeste tiene el sello de La Libertad Avanza<\/u><\/strong><\/p>\n<p>&nbsp;<\/p>\n<p><img data-recalc-dims=\"1\" loading=\"lazy\" decoding=\"async\" class=\"alignnone size-full wp-image-75918\" src=\"https:\/\/i0.wp.com\/cdnoticias.com\/wp-content\/uploads\/2023\/02\/celeste-arouxet-javier-milei-0.jpg?resize=800%2C445&#038;ssl=1\" alt=\"\" width=\"800\" height=\"445\" srcset=\"https:\/\/i0.wp.com\/cdnoticias.com\/wp-content\/uploads\/2023\/02\/celeste-arouxet-javier-milei-0.jpg?w=800&amp;ssl=1 800w, https:\/\/i0.wp.com\/cdnoticias.com\/wp-content\/uploads\/2023\/02\/celeste-arouxet-javier-milei-0.jpg?resize=300%2C167&amp;ssl=1 300w, https:\/\/i0.wp.com\/cdnoticias.com\/wp-content\/uploads\/2023\/02\/celeste-arouxet-javier-milei-0.jpg?resize=768%2C427&amp;ssl=1 768w\" sizes=\"auto, (max-width: 800px) 100vw, 800px\" \/><\/p>\n<p>&nbsp;<\/p>\n<p><strong>Arouxet fue de las primeras en lanzar su precandidatura a la intendencia de Olavarr\u00eda y va por el sector de Javier Milei.<\/strong>\u00a0Las \u00faltimas actividades que conocimos (su participaci\u00f3n en el acto de lanzamiento de la estructura nacional) la dejaron como la principal referente del Le\u00f3n y\u00a0<strong>en la boleta de agosto tendr\u00e1 el sello \u201cLa Libertad Avanza\u201d.<\/strong><\/p>\n<p>&nbsp;<\/p>\n<p>Por estos d\u00edas, el sector trabaja internamente en el desarrollo de un programa de gesti\u00f3n municipal para Celeste Arouxet con dos propuestas centrales, complementarias entre s\u00ed.\u00a0<strong>La primera: una reestructuraci\u00f3n econ\u00f3mico-financiera. La segunda: un plan de inversi\u00f3n \u201ccomo nunca se vio en Olavarr\u00eda\u201d, contaron.\u00a0<\/strong>Para cada uno de estos dos puntos plantear\u00e1n metas e indicadores.<\/p>\n<p>&nbsp;<\/p>\n<p>Una vez que est\u00e9 listo este programa, lo van a presentar en instituciones empresariales locales y despu\u00e9s saldr\u00e1n a la calle para contarlo cara a cara a los vecinos.<\/p>\n<p>&nbsp;<\/p>\n<p>Respecto del armado local,\u00a0<strong>la derecha tuvo varios movimientos y la premisa es \u201clograr un espacio local fuerte con unidad\u201d<\/strong>. El sector con m\u00e1s fuerza es justamente el de la actual concejal: Ahora Olavarr\u00eda. Y han tenido contactos con otras ramas que se sumaron a trabajar con ellos, como\u00a0<strong>el Partido Dem\u00f3crata o quienes en los comicios anteriores estuvieron con \u201cNos\u201dde G\u00f3mez Centuri\u00f3n.<\/strong><\/p>\n<p>&nbsp;<\/p>\n<p><strong>No sucedi\u00f3 as\u00ed con el Partido Libertario.<\/strong>\u00a0Seg\u00fan se inform\u00f3, hubo varios contactos a lo largo del a\u00f1o pasado con la referencia local, incluso una reuni\u00f3n presencial, pero no hubo m\u00e1s respuestas y hasta el momento nadie se acerc\u00f3 para sumarse al armado en Olavarr\u00eda de La Libertad Avanza.<\/p>\n<p>&nbsp;<\/p>\n<p><strong><u>\u00a1Mir\u00e1 qui\u00e9n habla!<\/u><\/strong><\/p>\n<p>&nbsp;<\/p>\n<p><img data-recalc-dims=\"1\" loading=\"lazy\" decoding=\"async\" class=\"alignnone size-full wp-image-50707\" src=\"https:\/\/i0.wp.com\/cdnoticias.com\/wp-content\/uploads\/2022\/04\/mariano-ciancio.jpg?resize=800%2C458&#038;ssl=1\" alt=\"\" width=\"800\" height=\"458\" srcset=\"https:\/\/i0.wp.com\/cdnoticias.com\/wp-content\/uploads\/2022\/04\/mariano-ciancio.jpg?w=800&amp;ssl=1 800w, https:\/\/i0.wp.com\/cdnoticias.com\/wp-content\/uploads\/2022\/04\/mariano-ciancio.jpg?resize=300%2C172&amp;ssl=1 300w, https:\/\/i0.wp.com\/cdnoticias.com\/wp-content\/uploads\/2022\/04\/mariano-ciancio.jpg?resize=768%2C440&amp;ssl=1 768w\" sizes=\"auto, (max-width: 800px) 100vw, 800px\" \/><\/p>\n<p>&nbsp;<\/p>\n<p>En los \u00faltimos d\u00edas de marzo, Mariano Ciancio renunci\u00f3 al cargo del que estaba suspendido en el Municipio desde hac\u00eda casi un a\u00f1o. Esta semana volvi\u00f3 a hablar:<strong>\u00a0dio una entrevista al periodista Mario Delgado en la que busc\u00f3 desligarse de las acusaciones en su contra por las estafas con los terrenos.<\/strong><\/p>\n<p>&nbsp;<\/p>\n<p>Dijo estar al tanto del avance de la causa penal:<strong>\u00a0\u201cno hay nadie que diga Mariano Ciancio me vendi\u00f3, me cobr\u00f3, me llev\u00f3 a la Escriban\u00eda. Yo sigo yendo a los barrios con la Uni\u00f3n Vecinal, yo no tengo nada que ocultar, no tengo nada que esconder\u201d.\u00a0<\/strong><\/p>\n<p>&nbsp;<\/p>\n<p>Adem\u00e1s, afirm\u00f3 que \u201csiempre se trata de ensuciar para llegar al Intendente, para incomodar al Intendente e incomodar a Robbiani.\u00a0<strong>Cuando uno est\u00e1 en pol\u00edtica sabe que tiene que estar acostumbrado para la cachetada, no tanto para el aplauso\u201d.<\/strong><\/p>\n<p>&nbsp;<\/p>\n<p>Y hablando de eso justamente \u2026 ayer se hizo p\u00fablica una nueva acusaci\u00f3n contra Ciancio.\u00a0<strong>Esta vez lo expuso la titular de la Sociedad de Fomento Amparo Castro, Lucas Funes, quien asegur\u00f3 que vio a Ciancio al mando de un m\u00f3vil municipal cuando ya no era funcionario.<\/strong><\/p>\n<p>&nbsp;<\/p>\n<p>Coment\u00f3 que fue a la entidad a \u201cproponerme que el Municipio manejaba el sal\u00f3n de lunes a viernes y nosotros los s\u00e1bados y domingos, sabiendo la maniobra sucia le ped\u00ed una copia por Whatsapp y jam\u00e1s me lleg\u00f3 nada\u201d.<\/p>\n<p>&nbsp;<\/p>\n<p>* Un extracto<\/p>\n<p>&nbsp;<\/p>\n<p>Esta publicaci\u00f3n es parte de la edici\u00f3n de este domingo del newsletter Volver a las Fuentes que escriben Alexis Grierson y Josefina Bargas. <a href=\"https:\/\/linktr.ee\/nhdp_valf\" target=\"_blank\" rel=\"noopener\">La edici\u00f3n completa est\u00e1 disponible aqu\u00ed y se pueden realizar suscripciones gratuitas y aportes \u00fanicos aqu\u00ed.\u00a0<\/a><\/p>\n<p>&nbsp;<\/p>\n","protected":false},"excerpt":{"rendered":"<p>Todo lo que dej\u00f3 la doble sesi\u00f3n del HCD: acusaciones, gritos, tensi\u00f3n y finales impredecibles. Larreta y Santilli vinieron a<\/p>\n","protected":false},"author":2,"featured_media":82455,"comment_status":"closed","ping_status":"closed","sticky":false,"template":"","format":"standard","meta":{"_jetpack_memberships_contains_paid_content":false,"footnotes":""},"categories":[4,1],"tags":[],"class_list":["post-82453","post","type-post","status-publish","format-standard","has-post-thumbnail","hentry","category-politica","category-portada"],"jetpack_featured_media_url":"https:\/\/i0.wp.com\/cdnoticias.com\/wp-content\/uploads\/2023\/04\/WhatsApp-Image-2023-04-16-at-10.20.05.jpeg?fit=1600%2C900&ssl=1","jetpack_sharing_enabled":true,"_links":{"self":[{"href":"https:\/\/cdnoticias.com\/index.php\/wp-json\/wp\/v2\/posts\/82453","targetHints":{"allow":["GET"]}}],"collection":[{"href":"https:\/\/cdnoticias.com\/index.php\/wp-json\/wp\/v2\/posts"}],"about":[{"href":"https:\/\/cdnoticias.com\/index.php\/wp-json\/wp\/v2\/types\/post"}],"author":[{"embeddable":true,"href":"https:\/\/cdnoticias.com\/index.php\/wp-json\/wp\/v2\/users\/2"}],"replies":[{"embeddable":true,"href":"https:\/\/cdnoticias.com\/index.php\/wp-json\/wp\/v2\/comments?post=82453"}],"version-history":[{"count":0,"href":"https:\/\/cdnoticias.com\/index.php\/wp-json\/wp\/v2\/posts\/82453\/revisions"}],"wp:featuredmedia":[{"embeddable":true,"href":"https:\/\/cdnoticias.com\/index.php\/wp-json\/wp\/v2\/media\/82455"}],"wp:attachment":[{"href":"https:\/\/cdnoticias.com\/index.php\/wp-json\/wp\/v2\/media?parent=82453"}],"wp:term":[{"taxonomy":"category","embeddable":true,"href":"https:\/\/cdnoticias.com\/index.php\/wp-json\/wp\/v2\/categories?post=82453"},{"taxonomy":"post_tag","embeddable":true,"href":"https:\/\/cdnoticias.com\/index.php\/wp-json\/wp\/v2\/tags?post=82453"}],"curies":[{"name":"wp","href":"https:\/\/api.w.org\/{rel}","templated":true}]}}