{"id":82445,"date":"2023-04-16T11:12:02","date_gmt":"2023-04-16T14:12:02","guid":{"rendered":"https:\/\/www.centraldenoticias.com.ar\/?p=82445"},"modified":"2023-04-16T11:12:02","modified_gmt":"2023-04-16T14:12:02","slug":"pintaron-una-estrella-amarilla-para-recordar-a-brisa-paloma-ojeda","status":"publish","type":"post","link":"https:\/\/cdnoticias.com\/index.php\/2023\/04\/16\/pintaron-una-estrella-amarilla-para-recordar-a-brisa-paloma-ojeda\/","title":{"rendered":"Pintaron una Estrella Amarilla para recordar a Brisa Paloma Ojeda"},"content":{"rendered":"<p>La joven de 19 a\u00f1os falleci\u00f3 en un siniestro vial ocurrido en cercan\u00edas de Tandil el pasado 5 de diciembre de 2022.<!--more--><\/p>\n<hr \/>\n<p>Una nueva Estrella Amarilla fue colocada en el<strong> kil\u00f3metro 200 de la Ruta Nacional 226, en cercan\u00edas de Tandil.<\/strong><\/p>\n<p>&nbsp;<\/p>\n<p>En el lugar, el 5 de diciembre de 2022, se produjo un siniestro vial en el que falleci\u00f3<strong> Brisa Paloma Ojeda, de 19 a\u00f1os.<\/strong><\/p>\n<p>&nbsp;<\/p>\n<p><img data-recalc-dims=\"1\" loading=\"lazy\" decoding=\"async\" class=\"alignnone size-full wp-image-82446\" src=\"https:\/\/i0.wp.com\/cdnoticias.com\/wp-content\/uploads\/2023\/04\/estrella-amarilla-brisa-ojeda-02.jpg?resize=800%2C493&#038;ssl=1\" alt=\"\" width=\"800\" height=\"493\" srcset=\"https:\/\/i0.wp.com\/cdnoticias.com\/wp-content\/uploads\/2023\/04\/estrella-amarilla-brisa-ojeda-02.jpg?w=960&amp;ssl=1 960w, https:\/\/i0.wp.com\/cdnoticias.com\/wp-content\/uploads\/2023\/04\/estrella-amarilla-brisa-ojeda-02.jpg?resize=300%2C185&amp;ssl=1 300w, https:\/\/i0.wp.com\/cdnoticias.com\/wp-content\/uploads\/2023\/04\/estrella-amarilla-brisa-ojeda-02.jpg?resize=768%2C474&amp;ssl=1 768w\" sizes=\"auto, (max-width: 800px) 100vw, 800px\" \/><\/p>\n<p>&nbsp;<\/p>\n<p>La v\u00edctima <strong>viajaba como pasajera en una camioneta Ecosport junto a otros tres olavarrienses.<\/strong> El conductor del veh\u00edculo debi\u00f3 realizar una brusca maniobra para esquivar un ciervo y como consecuencia perdi\u00f3 el control del rodado que termin\u00f3 en la banquina.<\/p>\n<p>&nbsp;<\/p>\n<p>Familiares y amigos de la v\u00edctima estuvieron presentes en el homenaje.<\/p>\n","protected":false},"excerpt":{"rendered":"<p>La joven de 19 a\u00f1os falleci\u00f3 en un siniestro vial ocurrido en cercan\u00edas de Tandil el pasado 5 de diciembre<\/p>\n","protected":false},"author":2,"featured_media":82447,"comment_status":"closed","ping_status":"closed","sticky":false,"template":"","format":"standard","meta":{"_jetpack_memberships_contains_paid_content":false,"footnotes":""},"categories":[5,1],"tags":[],"class_list":["post-82445","post","type-post","status-publish","format-standard","has-post-thumbnail","hentry","category-informacion-general","category-portada"],"jetpack_featured_media_url":"https:\/\/i0.wp.com\/cdnoticias.com\/wp-content\/uploads\/2023\/04\/estrella-amarilla-brisa-ojeda-01.jpg?fit=960%2C695&ssl=1","jetpack_sharing_enabled":true,"_links":{"self":[{"href":"https:\/\/cdnoticias.com\/index.php\/wp-json\/wp\/v2\/posts\/82445","targetHints":{"allow":["GET"]}}],"collection":[{"href":"https:\/\/cdnoticias.com\/index.php\/wp-json\/wp\/v2\/posts"}],"about":[{"href":"https:\/\/cdnoticias.com\/index.php\/wp-json\/wp\/v2\/types\/post"}],"author":[{"embeddable":true,"href":"https:\/\/cdnoticias.com\/index.php\/wp-json\/wp\/v2\/users\/2"}],"replies":[{"embeddable":true,"href":"https:\/\/cdnoticias.com\/index.php\/wp-json\/wp\/v2\/comments?post=82445"}],"version-history":[{"count":0,"href":"https:\/\/cdnoticias.com\/index.php\/wp-json\/wp\/v2\/posts\/82445\/revisions"}],"wp:featuredmedia":[{"embeddable":true,"href":"https:\/\/cdnoticias.com\/index.php\/wp-json\/wp\/v2\/media\/82447"}],"wp:attachment":[{"href":"https:\/\/cdnoticias.com\/index.php\/wp-json\/wp\/v2\/media?parent=82445"}],"wp:term":[{"taxonomy":"category","embeddable":true,"href":"https:\/\/cdnoticias.com\/index.php\/wp-json\/wp\/v2\/categories?post=82445"},{"taxonomy":"post_tag","embeddable":true,"href":"https:\/\/cdnoticias.com\/index.php\/wp-json\/wp\/v2\/tags?post=82445"}],"curies":[{"name":"wp","href":"https:\/\/api.w.org\/{rel}","templated":true}]}}