{"id":82443,"date":"2023-04-16T10:54:29","date_gmt":"2023-04-16T13:54:29","guid":{"rendered":"https:\/\/www.centraldenoticias.com.ar\/?p=82443"},"modified":"2023-04-16T10:54:29","modified_gmt":"2023-04-16T13:54:29","slug":"convocatoria-murguera-de-arrebatando-lagrimas","status":"publish","type":"post","link":"https:\/\/cdnoticias.com\/index.php\/2023\/04\/16\/convocatoria-murguera-de-arrebatando-lagrimas\/","title":{"rendered":"Convocatoria murguera de Arrebatando L\u00e1grimas"},"content":{"rendered":"<p>La Mutual de Arte Popular llama a quienes quieran formar parte de la agrupaci\u00f3n.<!--more--><\/p>\n<hr \/>\n<p>La <strong>Mutual de Arte Popular Murga Arrebatando L\u00e1grimas<\/strong> est\u00e1 transitando una nueva convocatoria. Como todos los a\u00f1os abre las puertas para quienes quieran formar parte de la agrupaci\u00f3n carnavalera.<\/p>\n<p>&nbsp;<\/p>\n<blockquote><p>Este domingo 16 y el pr\u00f3ximo 23 de abril las y los interesados deben presentarse en Rufino Fal y Chiclana a las 18:00.<\/p><\/blockquote>\n<p>&nbsp;<\/p>\n<p>La convocatoria es para bailar (a partir de los 6 a\u00f1os), tocar un instrumento de percusi\u00f3n (a partir de los 10 a\u00f1os), cantar, hacer teatro o talleres de pl\u00e1stica, construir trajes y banderas, maquillaje art\u00edstico.<\/p>\n","protected":false},"excerpt":{"rendered":"<p>La Mutual de Arte Popular llama a quienes quieran formar parte de la agrupaci\u00f3n.<\/p>\n","protected":false},"author":2,"featured_media":77935,"comment_status":"closed","ping_status":"closed","sticky":false,"template":"","format":"standard","meta":{"_jetpack_memberships_contains_paid_content":false,"footnotes":""},"categories":[9,1],"tags":[],"class_list":["post-82443","post","type-post","status-publish","format-standard","has-post-thumbnail","hentry","category-cultura","category-portada"],"jetpack_featured_media_url":"https:\/\/i0.wp.com\/cdnoticias.com\/wp-content\/uploads\/2023\/02\/arrebatando-18.jpg?fit=800%2C445&ssl=1","jetpack_sharing_enabled":true,"_links":{"self":[{"href":"https:\/\/cdnoticias.com\/index.php\/wp-json\/wp\/v2\/posts\/82443","targetHints":{"allow":["GET"]}}],"collection":[{"href":"https:\/\/cdnoticias.com\/index.php\/wp-json\/wp\/v2\/posts"}],"about":[{"href":"https:\/\/cdnoticias.com\/index.php\/wp-json\/wp\/v2\/types\/post"}],"author":[{"embeddable":true,"href":"https:\/\/cdnoticias.com\/index.php\/wp-json\/wp\/v2\/users\/2"}],"replies":[{"embeddable":true,"href":"https:\/\/cdnoticias.com\/index.php\/wp-json\/wp\/v2\/comments?post=82443"}],"version-history":[{"count":0,"href":"https:\/\/cdnoticias.com\/index.php\/wp-json\/wp\/v2\/posts\/82443\/revisions"}],"wp:featuredmedia":[{"embeddable":true,"href":"https:\/\/cdnoticias.com\/index.php\/wp-json\/wp\/v2\/media\/77935"}],"wp:attachment":[{"href":"https:\/\/cdnoticias.com\/index.php\/wp-json\/wp\/v2\/media?parent=82443"}],"wp:term":[{"taxonomy":"category","embeddable":true,"href":"https:\/\/cdnoticias.com\/index.php\/wp-json\/wp\/v2\/categories?post=82443"},{"taxonomy":"post_tag","embeddable":true,"href":"https:\/\/cdnoticias.com\/index.php\/wp-json\/wp\/v2\/tags?post=82443"}],"curies":[{"name":"wp","href":"https:\/\/api.w.org\/{rel}","templated":true}]}}