{"id":82439,"date":"2023-04-16T10:42:48","date_gmt":"2023-04-16T13:42:48","guid":{"rendered":"https:\/\/www.centraldenoticias.com.ar\/?p=82439"},"modified":"2023-04-16T10:42:48","modified_gmt":"2023-04-16T13:42:48","slug":"ricardo-omar-ferrera-q-e-p-d","status":"publish","type":"post","link":"https:\/\/cdnoticias.com\/index.php\/2023\/04\/16\/ricardo-omar-ferrera-q-e-p-d\/","title":{"rendered":"Ricardo Omar Ferrera (Q.E.P.D.)"},"content":{"rendered":"<div class=\"\" data-block=\"true\" data-editor=\"e3c9m\" data-offset-key=\"9fi1g-0-0\">\n<div class=\"_1mf _1mj\" data-offset-key=\"9fi1g-0-0\" data-auto-logging-id=\"f418d62fe617dc\">Falleci\u00f3 en Olavarr\u00eda el 15 de abril de 2023 a los 77 a\u00f1os de edad. Sus hijos. Sus nietos. Sus hermanos y dem\u00e1s deudos participan su fallecimiento.<\/div>\n<div data-offset-key=\"9fi1g-0-0\" data-auto-logging-id=\"f418d62fe617dc\"><\/div>\n<\/div>\n<div class=\"\" data-block=\"true\" data-editor=\"e3c9m\" data-offset-key=\"b7vha-0-0\">\n<div class=\"_1mf _1mj\" data-offset-key=\"b7vha-0-0\"><span data-offset-key=\"b7vha-0-0\">\u00a0<\/span><\/div>\n<\/div>\n<div class=\"\" data-block=\"true\" data-editor=\"e3c9m\" data-offset-key=\"57fr9-0-0\">\n<div class=\"_1mf _1mj\" data-offset-key=\"57fr9-0-0\"><span data-offset-key=\"57fr9-0-0\">Sus restos no ser\u00e1n velados y ser\u00e1n inhumados en el Cementerio Municipal este domingo 16 de abril a las 11:30. Servicio adherido a Coopelectric. Vecino de Barrio Independencia. Nacido en Olavarr\u00eda. Jubilado.<\/span><\/div>\n<\/div>\n","protected":false},"excerpt":{"rendered":"<p>Falleci\u00f3 en Olavarr\u00eda el 15 de abril de 2023 a los 77 a\u00f1os de edad. Sus hijos. Sus nietos. Sus<\/p>\n","protected":false},"author":2,"featured_media":67646,"comment_status":"closed","ping_status":"closed","sticky":false,"template":"","format":"standard","meta":{"_jetpack_memberships_contains_paid_content":false,"footnotes":""},"categories":[10],"tags":[],"class_list":["post-82439","post","type-post","status-publish","format-standard","has-post-thumbnail","hentry","category-necrologicas"],"jetpack_featured_media_url":"https:\/\/i0.wp.com\/cdnoticias.com\/wp-content\/uploads\/2022\/10\/necrologicas-390-x-240.jpg?fit=390%2C240&ssl=1","jetpack_sharing_enabled":true,"_links":{"self":[{"href":"https:\/\/cdnoticias.com\/index.php\/wp-json\/wp\/v2\/posts\/82439","targetHints":{"allow":["GET"]}}],"collection":[{"href":"https:\/\/cdnoticias.com\/index.php\/wp-json\/wp\/v2\/posts"}],"about":[{"href":"https:\/\/cdnoticias.com\/index.php\/wp-json\/wp\/v2\/types\/post"}],"author":[{"embeddable":true,"href":"https:\/\/cdnoticias.com\/index.php\/wp-json\/wp\/v2\/users\/2"}],"replies":[{"embeddable":true,"href":"https:\/\/cdnoticias.com\/index.php\/wp-json\/wp\/v2\/comments?post=82439"}],"version-history":[{"count":0,"href":"https:\/\/cdnoticias.com\/index.php\/wp-json\/wp\/v2\/posts\/82439\/revisions"}],"wp:featuredmedia":[{"embeddable":true,"href":"https:\/\/cdnoticias.com\/index.php\/wp-json\/wp\/v2\/media\/67646"}],"wp:attachment":[{"href":"https:\/\/cdnoticias.com\/index.php\/wp-json\/wp\/v2\/media?parent=82439"}],"wp:term":[{"taxonomy":"category","embeddable":true,"href":"https:\/\/cdnoticias.com\/index.php\/wp-json\/wp\/v2\/categories?post=82439"},{"taxonomy":"post_tag","embeddable":true,"href":"https:\/\/cdnoticias.com\/index.php\/wp-json\/wp\/v2\/tags?post=82439"}],"curies":[{"name":"wp","href":"https:\/\/api.w.org\/{rel}","templated":true}]}}