{"id":82431,"date":"2023-04-16T09:21:55","date_gmt":"2023-04-16T12:21:55","guid":{"rendered":"https:\/\/www.centraldenoticias.com.ar\/?p=82431"},"modified":"2023-04-16T18:35:30","modified_gmt":"2023-04-16T21:35:30","slug":"detienen-a-un-hombre-por-comercializar-estupefacientes-bajo-la-modalidad-delivery","status":"publish","type":"post","link":"https:\/\/cdnoticias.com\/index.php\/2023\/04\/16\/detienen-a-un-hombre-por-comercializar-estupefacientes-bajo-la-modalidad-delivery\/","title":{"rendered":"Detienen a un hombre por comercializar estupefacientes bajo la modalidad \u201cdelivery\u201d"},"content":{"rendered":"<p>Personal policial lo intercept\u00f3 a bordo de su auto luego de realizar ventas de estupefacientes. Adem\u00e1s allanaron un domicilio y secuestraron distintos elementos de inter\u00e9s para la causa.<!--more--><\/p>\n<hr \/>\n<p>Un olavarriense fue detenido por personal de la Polic\u00eda Federal el s\u00e1bado cuando circulaba a bordo de su veh\u00edculo luego de realizar <strong>ventas de estupefacientes mediante la modalidad \u201cdelivery\u201d.<\/strong><\/p>\n<p>&nbsp;<\/p>\n<p>Seg\u00fan se indic\u00f3, el hombre era investigado desde hace meses a partir de una <strong>denuncia an\u00f3nima.<\/strong> Es por esto que se iniciaron las actuaciones correspondientes con intervenci\u00f3n de la <strong>UFI N.\u00ba 19 a cargo del doctor Lucas Moyano.<\/strong><\/p>\n<p>&nbsp;<\/p>\n<p>Luego de certificar la veracidad de la denuncia mediante distintas tareas encabezadas a cargo del comisario Pablo Adri\u00e1n Messineo, se solicit\u00f3 una<strong> orden de allanamiento<\/strong> que fue otorgada por el Juez de Garant\u00edas, doctor Carlos Villamar\u00edn.<\/p>\n<p>&nbsp;<\/p>\n<p><img data-recalc-dims=\"1\" loading=\"lazy\" decoding=\"async\" class=\"alignnone size-large wp-image-82432\" src=\"https:\/\/i0.wp.com\/cdnoticias.com\/wp-content\/uploads\/2023\/04\/detenido-estupefacientes-colon-pringles-03.jpeg?resize=800%2C450&#038;ssl=1\" alt=\"\" width=\"800\" height=\"450\" srcset=\"https:\/\/i0.wp.com\/cdnoticias.com\/wp-content\/uploads\/2023\/04\/detenido-estupefacientes-colon-pringles-03.jpeg?resize=1024%2C576&amp;ssl=1 1024w, https:\/\/i0.wp.com\/cdnoticias.com\/wp-content\/uploads\/2023\/04\/detenido-estupefacientes-colon-pringles-03.jpeg?resize=300%2C169&amp;ssl=1 300w, https:\/\/i0.wp.com\/cdnoticias.com\/wp-content\/uploads\/2023\/04\/detenido-estupefacientes-colon-pringles-03.jpeg?resize=768%2C432&amp;ssl=1 768w, https:\/\/i0.wp.com\/cdnoticias.com\/wp-content\/uploads\/2023\/04\/detenido-estupefacientes-colon-pringles-03.jpeg?w=1280&amp;ssl=1 1280w\" sizes=\"auto, (max-width: 800px) 100vw, 800px\" \/><\/p>\n<p>&nbsp;<\/p>\n<blockquote><p>De esta manera, los efectivos detuvieron al olavarriense en la intersecci\u00f3n de las avenidas Sarmiento y Pringles. Secuestraron en el veh\u00edculo clorhidrato de coca\u00edna, una balanza de precisi\u00f3n, un tel\u00e9fono celular, sesenta mil pesos en efectivo y el propio auto.<\/p><\/blockquote>\n<p>&nbsp;<\/p>\n<p>Luego se procedi\u00f3 a<strong> allanar una vivienda ubicada en Jos\u00e9 Luis Torres al 3500<\/strong>, donde se secuestraron dem\u00e1s elementos de inter\u00e9s para la causa.<\/p>\n<p>&nbsp;<\/p>\n<p><img data-recalc-dims=\"1\" loading=\"lazy\" decoding=\"async\" class=\"alignnone size-full wp-image-82434\" src=\"https:\/\/i0.wp.com\/cdnoticias.com\/wp-content\/uploads\/2023\/04\/detenido-estupefacientes-colon-pringles-02.jpg?resize=720%2C832&#038;ssl=1\" alt=\"\" width=\"720\" height=\"832\" srcset=\"https:\/\/i0.wp.com\/cdnoticias.com\/wp-content\/uploads\/2023\/04\/detenido-estupefacientes-colon-pringles-02.jpg?w=720&amp;ssl=1 720w, https:\/\/i0.wp.com\/cdnoticias.com\/wp-content\/uploads\/2023\/04\/detenido-estupefacientes-colon-pringles-02.jpg?resize=260%2C300&amp;ssl=1 260w\" sizes=\"auto, (max-width: 720px) 100vw, 720px\" \/><\/p>\n<p>&nbsp;<\/p>\n<p>El detenido qued\u00f3 alojado DUOF Olavarr\u00eda de la Polic\u00eda Federal a disposici\u00f3n de la Justicia.<\/p>\n","protected":false},"excerpt":{"rendered":"<p>Personal policial lo intercept\u00f3 a bordo de su auto luego de realizar ventas de estupefacientes. Adem\u00e1s allanaron un domicilio y<\/p>\n","protected":false},"author":2,"featured_media":82436,"comment_status":"closed","ping_status":"closed","sticky":false,"template":"","format":"standard","meta":{"_jetpack_memberships_contains_paid_content":false,"footnotes":""},"categories":[14,1],"tags":[],"class_list":["post-82431","post","type-post","status-publish","format-standard","has-post-thumbnail","hentry","category-policiales","category-portada"],"jetpack_featured_media_url":"https:\/\/i0.wp.com\/cdnoticias.com\/wp-content\/uploads\/2023\/04\/detenido-estupefacientes-colon-y-pringles-01.jpeg?fit=1600%2C1224&ssl=1","jetpack_sharing_enabled":true,"_links":{"self":[{"href":"https:\/\/cdnoticias.com\/index.php\/wp-json\/wp\/v2\/posts\/82431","targetHints":{"allow":["GET"]}}],"collection":[{"href":"https:\/\/cdnoticias.com\/index.php\/wp-json\/wp\/v2\/posts"}],"about":[{"href":"https:\/\/cdnoticias.com\/index.php\/wp-json\/wp\/v2\/types\/post"}],"author":[{"embeddable":true,"href":"https:\/\/cdnoticias.com\/index.php\/wp-json\/wp\/v2\/users\/2"}],"replies":[{"embeddable":true,"href":"https:\/\/cdnoticias.com\/index.php\/wp-json\/wp\/v2\/comments?post=82431"}],"version-history":[{"count":0,"href":"https:\/\/cdnoticias.com\/index.php\/wp-json\/wp\/v2\/posts\/82431\/revisions"}],"wp:featuredmedia":[{"embeddable":true,"href":"https:\/\/cdnoticias.com\/index.php\/wp-json\/wp\/v2\/media\/82436"}],"wp:attachment":[{"href":"https:\/\/cdnoticias.com\/index.php\/wp-json\/wp\/v2\/media?parent=82431"}],"wp:term":[{"taxonomy":"category","embeddable":true,"href":"https:\/\/cdnoticias.com\/index.php\/wp-json\/wp\/v2\/categories?post=82431"},{"taxonomy":"post_tag","embeddable":true,"href":"https:\/\/cdnoticias.com\/index.php\/wp-json\/wp\/v2\/tags?post=82431"}],"curies":[{"name":"wp","href":"https:\/\/api.w.org\/{rel}","templated":true}]}}