{"id":82422,"date":"2023-04-15T21:10:48","date_gmt":"2023-04-16T00:10:48","guid":{"rendered":"https:\/\/www.centraldenoticias.com.ar\/?p=82422"},"modified":"2023-04-15T21:13:35","modified_gmt":"2023-04-16T00:13:35","slug":"acusan-a-mariano-ciancio-de-circular-en-un-movil-municipal-ya-suspendido-de-su-cargo","status":"publish","type":"post","link":"https:\/\/cdnoticias.com\/index.php\/2023\/04\/15\/acusan-a-mariano-ciancio-de-circular-en-un-movil-municipal-ya-suspendido-de-su-cargo\/","title":{"rendered":"Acusan a Mariano Ciancio de circular en un \u201cm\u00f3vil municipal\u201d ya suspendido de su cargo"},"content":{"rendered":"<p>As\u00ed lo indic\u00f3 Lucas Funes, titular de la Sociedad de Fomento Amparo Castro. Acus\u00f3 que tienen \u201cayuda cero\u201d del Municipio y que le pidieron \u201cque rinda lo anual y ganancias de nuestra entidad\u201d.<!--more--><\/p>\n<hr \/>\n<p>Este s\u00e1bado, un fuerte posteo en contra de la gesti\u00f3n municipal deriv\u00f3 en<a href=\"https:\/\/cdnoticias.com\/index.php\/2023\/04\/13\/cuando-uno-esta-en-politica-sabe-que-tiene-que-estar-acostumbrado-para-la-cachetada-no-tanto-para-el-aplauso\/\" target=\"_blank\" rel=\"noopener\"> una acusaci\u00f3n contra Mariano Ciancio, ex funcionario que hace pocas d\u00edas habl\u00f3 por primera vez luego de estar investigado en la venta ilegal de terrenos en Olavarr\u00eda.<\/a> <strong>Un fomentista lo acus\u00f3 de circular en un \u201cm\u00f3vil municipal\u201d ya suspendido de su cargo.<\/strong><\/p>\n<p>&nbsp;<\/p>\n<p>Se trata de su referente,<strong> Lucas Funes<\/strong>, quien expres\u00f3 en redes sociales que Diego Robbiani, Ezequiel Galli y \u201cdem\u00e1s\u201d le pidieron<em> \u201cles rinda lo anual y ganancia de nuestra Junta Vecinal\u201d.<\/em> <strong>Dijo que en un a\u00f1o desde que est\u00e1 en la entidad fomentista \u201cno le conozco ni le deseo conocer su cara\u201d y acus\u00f3 a la gesti\u00f3n de ser \u201coscura\u201d.<\/strong><\/p>\n<p>&nbsp;<\/p>\n<blockquote><p>\u201cEn un a\u00f1o jam\u00e1s me dieron un litro de pintura, lo hicimos y vamos a seguir logrando con gente de bien\u201d y los acus\u00f3 de \u201cdelincuentes\u201d.<\/p><\/blockquote>\n<p>&nbsp;<\/p>\n<p>Tras se\u00f1alar que es Lucas Funes <em>\u201cque no me guardo ni mucho menos escondo\u201d<\/em> dijo que lleg\u00f3 a la Sociedad de Fomento y ante la presencia de referentes municipales vieron <em>\u201cel estado del cual recibimos dicho club y sin ninguna actividad presente, sin libro de acta, sin vajilla, sillas y en deplorable estado, y el esfuerzo y ganas de trabajar hoy est\u00e1 presente y sin ayuda cero de parte del gobierno actual mucho menos de usted\u201d<\/em> en referencia a Robbiani.<\/p>\n<p>&nbsp;<\/p>\n<p>Finalmente, Funes realiz\u00f3 la acusaci\u00f3n m\u00e1s dura: que Mariano Ciancio <strong><em>\u201cvino a proponerme que el Municipio manejaba el sal\u00f3n de lunes a viernes y nosotros los s\u00e1bados y domingos, sabiendo la maniobra sucia le ped\u00ed una copia por Whatsapp y jam\u00e1s me lleg\u00f3 nada\u201d.<\/em><\/strong><\/p>\n<p>&nbsp;<\/p>\n<p>Dijo que andaba con una mujer<em> \u201cque no voy a nombrar porque la respeto\u201d<\/em> pero se\u00f1al\u00f3, para cerrar, que<strong><em> \u201cya en ese momento estaba suspendido de su cargo y vino en un m\u00f3vil municipal\u201d<\/em> y dijo contar con grabaciones que prueban esta situaci\u00f3n.<\/strong><\/p>\n","protected":false},"excerpt":{"rendered":"<p>As\u00ed lo indic\u00f3 Lucas Funes, titular de la Sociedad de Fomento Amparo Castro. Acus\u00f3 que tienen \u201cayuda cero\u201d del Municipio<\/p>\n","protected":false},"author":2,"featured_media":82424,"comment_status":"closed","ping_status":"closed","sticky":false,"template":"","format":"standard","meta":{"_jetpack_memberships_contains_paid_content":false,"footnotes":""},"categories":[4,1],"tags":[],"class_list":["post-82422","post","type-post","status-publish","format-standard","has-post-thumbnail","hentry","category-politica","category-portada"],"jetpack_featured_media_url":"https:\/\/i0.wp.com\/cdnoticias.com\/wp-content\/uploads\/2023\/04\/junta-amparo-castro.jpg?fit=813%2C437&ssl=1","jetpack_sharing_enabled":true,"_links":{"self":[{"href":"https:\/\/cdnoticias.com\/index.php\/wp-json\/wp\/v2\/posts\/82422","targetHints":{"allow":["GET"]}}],"collection":[{"href":"https:\/\/cdnoticias.com\/index.php\/wp-json\/wp\/v2\/posts"}],"about":[{"href":"https:\/\/cdnoticias.com\/index.php\/wp-json\/wp\/v2\/types\/post"}],"author":[{"embeddable":true,"href":"https:\/\/cdnoticias.com\/index.php\/wp-json\/wp\/v2\/users\/2"}],"replies":[{"embeddable":true,"href":"https:\/\/cdnoticias.com\/index.php\/wp-json\/wp\/v2\/comments?post=82422"}],"version-history":[{"count":0,"href":"https:\/\/cdnoticias.com\/index.php\/wp-json\/wp\/v2\/posts\/82422\/revisions"}],"wp:featuredmedia":[{"embeddable":true,"href":"https:\/\/cdnoticias.com\/index.php\/wp-json\/wp\/v2\/media\/82424"}],"wp:attachment":[{"href":"https:\/\/cdnoticias.com\/index.php\/wp-json\/wp\/v2\/media?parent=82422"}],"wp:term":[{"taxonomy":"category","embeddable":true,"href":"https:\/\/cdnoticias.com\/index.php\/wp-json\/wp\/v2\/categories?post=82422"},{"taxonomy":"post_tag","embeddable":true,"href":"https:\/\/cdnoticias.com\/index.php\/wp-json\/wp\/v2\/tags?post=82422"}],"curies":[{"name":"wp","href":"https:\/\/api.w.org\/{rel}","templated":true}]}}