{"id":82404,"date":"2023-04-15T14:15:36","date_gmt":"2023-04-15T17:15:36","guid":{"rendered":"https:\/\/www.centraldenoticias.com.ar\/?p=82404"},"modified":"2023-04-15T20:50:13","modified_gmt":"2023-04-15T23:50:13","slug":"horacio-rodriguez-larreta-la-inflacion-esta-matando-a-la-gente","status":"publish","type":"post","link":"https:\/\/cdnoticias.com\/index.php\/2023\/04\/15\/horacio-rodriguez-larreta-la-inflacion-esta-matando-a-la-gente\/","title":{"rendered":"Horacio Rodr\u00edguez Larreta: \u201cLa inflaci\u00f3n est\u00e1 matando a la gente\u201d"},"content":{"rendered":"<p>El precandidato a Presidente estuvo en Olavarr\u00eda y dej\u00f3 algunas definiciones tras una recorrida por dos barrios. Dijo que \u201csi la manera de defender la gesti\u00f3n de los Municipios es con candidatos \u00fanicos\u201d pedir\u00e1 que no haya internas all\u00ed. <!--more--><\/p>\n<hr \/>\n<p>En el <a href=\"https:\/\/cdnoticias.com\/index.php\/2023\/04\/15\/en-campana-horacio-rodriguez-larreta-y-diego-santilli-estan-en-olavarria\/\" target=\"_blank\" rel=\"noopener\">marco de su visita a Olavarr\u00eda junto a Diego Santilli, el precandidato a Presidente por el Pro dentro de Juntos, Horacio Rodr\u00edguez Larreta<\/a>, brind\u00f3 una conferencia junto al diputado nacional y el Intendente Ezequiel Galli donde<strong> habl\u00f3 de la recepci\u00f3n de los vecinos con los que dialogaron en el timbreo y, adem\u00e1s, habl\u00f3 sobre la posible estrategia electoral en la que buscan que los intendentes Pro no tengan internas, incluido el propio Galli.<\/strong><\/p>\n<p>&nbsp;<\/p>\n<p>Luego de una reuni\u00f3n con<strong> referentes de la S\u00e9ptima Secci\u00f3n Electoral (y con la sorpresa de que Natalia Colom\u00e9, de Podemos de Azul se incorpor\u00f3 al espacio larretista)<\/strong> los tres dirigentes encabezaron el di\u00e1logo con los medios donde el tema principal pas\u00f3 por la recepci\u00f3n vecinal tanto de Los Robles como San Vicente.<\/p>\n<p>&nbsp;<\/p>\n<p><img data-recalc-dims=\"1\" loading=\"lazy\" decoding=\"async\" class=\"alignnone size-large wp-image-82401\" src=\"https:\/\/i0.wp.com\/cdnoticias.com\/wp-content\/uploads\/2023\/04\/larreta-olava4.jpg?resize=800%2C445&#038;ssl=1\" alt=\"\" width=\"800\" height=\"445\" srcset=\"https:\/\/i0.wp.com\/cdnoticias.com\/wp-content\/uploads\/2023\/04\/larreta-olava4-scaled.jpg?resize=1024%2C570&amp;ssl=1 1024w, https:\/\/i0.wp.com\/cdnoticias.com\/wp-content\/uploads\/2023\/04\/larreta-olava4-scaled.jpg?resize=300%2C167&amp;ssl=1 300w, https:\/\/i0.wp.com\/cdnoticias.com\/wp-content\/uploads\/2023\/04\/larreta-olava4-scaled.jpg?resize=768%2C427&amp;ssl=1 768w, https:\/\/i0.wp.com\/cdnoticias.com\/wp-content\/uploads\/2023\/04\/larreta-olava4-scaled.jpg?resize=1536%2C855&amp;ssl=1 1536w, https:\/\/i0.wp.com\/cdnoticias.com\/wp-content\/uploads\/2023\/04\/larreta-olava4-scaled.jpg?resize=2048%2C1140&amp;ssl=1 2048w, https:\/\/i0.wp.com\/cdnoticias.com\/wp-content\/uploads\/2023\/04\/larreta-olava4-scaled.jpg?resize=800%2C445&amp;ssl=1 800w, https:\/\/i0.wp.com\/cdnoticias.com\/wp-content\/uploads\/2023\/04\/larreta-olava4-scaled.jpg?w=1600&amp;ssl=1 1600w, https:\/\/i0.wp.com\/cdnoticias.com\/wp-content\/uploads\/2023\/04\/larreta-olava4-scaled.jpg?w=2400&amp;ssl=1 2400w\" sizes=\"auto, (max-width: 800px) 100vw, 800px\" \/><\/p>\n<p>&nbsp;<\/p>\n<p><strong><em>\u201cLa inflaci\u00f3n est\u00e1 matando a la gente\u201d<\/em><\/strong> inici\u00f3 Larreta y agreg\u00f3:<em> \u201cFuimos a un almac\u00e9n y su due\u00f1o te dice que vende, tiene que reponer y repone a un precio m\u00e1s caro del que vendi\u00f3. Cada vez que vende pierde plata. No se puede\u201d.<\/em><\/p>\n<p>&nbsp;<\/p>\n<blockquote><p>\u201cLa gente sale al super y no sabe cu\u00e1nta plata llevar en el bolsillo. No se puede prever nada en la Argentina. La inflaci\u00f3n los est\u00e1 matando, los alimentos arriba del 9%. Est\u00e1 desesperada con eso. La verdad es que casi el \u00fanico tema\u201d.<\/p><\/blockquote>\n<p>&nbsp;<\/p>\n<p>Confirm\u00f3 que fueron a Los Robles,<em> \u201cun barrio que estaba muy bien arreglado, los vecinos nos dijeron que hab\u00eda mejorado todo el espacio p\u00fablico, la seguridad, pero la inflaci\u00f3n est\u00e1 matando a todos\u201d.<\/em><\/p>\n<p>&nbsp;<\/p>\n<p><img data-recalc-dims=\"1\" loading=\"lazy\" decoding=\"async\" class=\"alignnone size-large wp-image-82399\" src=\"https:\/\/i0.wp.com\/cdnoticias.com\/wp-content\/uploads\/2023\/04\/larreta-olava2.jpg?resize=800%2C445&#038;ssl=1\" alt=\"\" width=\"800\" height=\"445\" srcset=\"https:\/\/i0.wp.com\/cdnoticias.com\/wp-content\/uploads\/2023\/04\/larreta-olava2-scaled.jpg?resize=1024%2C570&amp;ssl=1 1024w, https:\/\/i0.wp.com\/cdnoticias.com\/wp-content\/uploads\/2023\/04\/larreta-olava2-scaled.jpg?resize=300%2C167&amp;ssl=1 300w, https:\/\/i0.wp.com\/cdnoticias.com\/wp-content\/uploads\/2023\/04\/larreta-olava2-scaled.jpg?resize=768%2C427&amp;ssl=1 768w, https:\/\/i0.wp.com\/cdnoticias.com\/wp-content\/uploads\/2023\/04\/larreta-olava2-scaled.jpg?resize=1536%2C855&amp;ssl=1 1536w, https:\/\/i0.wp.com\/cdnoticias.com\/wp-content\/uploads\/2023\/04\/larreta-olava2-scaled.jpg?resize=2048%2C1140&amp;ssl=1 2048w, https:\/\/i0.wp.com\/cdnoticias.com\/wp-content\/uploads\/2023\/04\/larreta-olava2-scaled.jpg?resize=800%2C445&amp;ssl=1 800w, https:\/\/i0.wp.com\/cdnoticias.com\/wp-content\/uploads\/2023\/04\/larreta-olava2-scaled.jpg?w=1600&amp;ssl=1 1600w, https:\/\/i0.wp.com\/cdnoticias.com\/wp-content\/uploads\/2023\/04\/larreta-olava2-scaled.jpg?w=2400&amp;ssl=1 2400w\" sizes=\"auto, (max-width: 800px) 100vw, 800px\" \/><\/p>\n<p>&nbsp;<\/p>\n<p>Larreta agreg\u00f3 que<em> \u201cla gente nos pregunta qu\u00e9 vamos a hacer para bajar la inflaci\u00f3n, y yo les digo vamos a bajar la inflaci\u00f3n. En otros distritos recorriendo el pa\u00eds la inseguridad preocupa mucho<strong>. La gente no puede prever qu\u00e9 va a pasar la semana que viene.<\/strong> Gente de campo que piensa en sembrar \u00bfpara qu\u00e9? \u00bfpara el a\u00f1o que viene cosechar a qu\u00e9 d\u00f3lar? \u00bfcon cu\u00e1ntas retenciones? Eso es lo que nos preguntan, lo que angustia. La inflaci\u00f3n, la malaria econ\u00f3mica, la falta de trabajo, los hijos se les van\u201d.<\/em><\/p>\n<p>&nbsp;<\/p>\n<p>Dijo que en caso de llegar al gobierno en estas elecciones,<em> \u201cvamos a mejorar en cuatro a\u00f1os. Hoy el mundo necesita alimentos, somos grandes productores de alimentos, podr\u00edamos duplicar las exportaciones de alimentos en 6 a\u00f1os. Con eso se termina el problema del tipo de cambio para siempre\u201d.<\/em><\/p>\n<p>&nbsp;<\/p>\n<blockquote><p>\u201cHay que tener decisi\u00f3n y un plan, estamos estudiando el tema, productos de las econom\u00edas regionales, en qu\u00e9 mercados se pueden vender, qu\u00e9 necesitamos en materia de diplomacia para abrir mercados a lo largo del mundo, qu\u00e9 obras de infraestructura como la ruta 3 por ejemplo, la hidrov\u00eda, hacer otras rutas. Hay mucho por hacer, y no hay recetas m\u00e1gicas\u201d.<\/p><\/blockquote>\n<p>&nbsp;<\/p>\n<p>Con dureza, y en claro tono de campa\u00f1a, el Jefe de Gobierno porte\u00f1o dijo que<strong><em> \u201cel que venga ac\u00e1 y explique en 30 segundos c\u00f3mo se baja la inflaci\u00f3n es un mentiroso. Porque es mucho m\u00e1s complejo que eso. Pero se puede y lo vamos a hacer. Que quede claro y guardado en los archivos porque yo me comprometo. Pero no es f\u00e1cil. No es con un titular de un diario\u201d.<\/em><\/strong><\/p>\n<p>&nbsp;<\/p>\n<p><img data-recalc-dims=\"1\" loading=\"lazy\" decoding=\"async\" class=\"alignnone size-large wp-image-82398\" src=\"https:\/\/i0.wp.com\/cdnoticias.com\/wp-content\/uploads\/2023\/04\/larreta-olava1.jpg?resize=800%2C445&#038;ssl=1\" alt=\"\" width=\"800\" height=\"445\" srcset=\"https:\/\/i0.wp.com\/cdnoticias.com\/wp-content\/uploads\/2023\/04\/larreta-olava1-scaled.jpg?resize=1024%2C570&amp;ssl=1 1024w, https:\/\/i0.wp.com\/cdnoticias.com\/wp-content\/uploads\/2023\/04\/larreta-olava1-scaled.jpg?resize=300%2C167&amp;ssl=1 300w, https:\/\/i0.wp.com\/cdnoticias.com\/wp-content\/uploads\/2023\/04\/larreta-olava1-scaled.jpg?resize=768%2C427&amp;ssl=1 768w, https:\/\/i0.wp.com\/cdnoticias.com\/wp-content\/uploads\/2023\/04\/larreta-olava1-scaled.jpg?resize=1536%2C855&amp;ssl=1 1536w, https:\/\/i0.wp.com\/cdnoticias.com\/wp-content\/uploads\/2023\/04\/larreta-olava1-scaled.jpg?resize=2048%2C1140&amp;ssl=1 2048w, https:\/\/i0.wp.com\/cdnoticias.com\/wp-content\/uploads\/2023\/04\/larreta-olava1-scaled.jpg?resize=800%2C445&amp;ssl=1 800w, https:\/\/i0.wp.com\/cdnoticias.com\/wp-content\/uploads\/2023\/04\/larreta-olava1-scaled.jpg?w=1600&amp;ssl=1 1600w, https:\/\/i0.wp.com\/cdnoticias.com\/wp-content\/uploads\/2023\/04\/larreta-olava1-scaled.jpg?w=2400&amp;ssl=1 2400w\" sizes=\"auto, (max-width: 800px) 100vw, 800px\" \/><\/p>\n<p>&nbsp;<\/p>\n<p>A su vez, hizo referencia a las diferencias que pudieron vislumbrarse con Mauricio Macri tras la decisi\u00f3n de llevar adelante la elecci\u00f3n en CABA con Boleta \u00danica y concurrente a la nacional.<strong><em> \u201cEl hecho de que podemos tener una diferencia no significa, de ninguna manera, un riesgo de ruptura en lo m\u00e1s m\u00ednimo. Lo digo para todos. La unidad de Juntos para el Cambio est\u00e1 garantizada\u201d<\/em><\/strong> dijo.<\/p>\n<p>&nbsp;<\/p>\n<p>Y sostuvo, adem\u00e1s, que no fue una pelea de liderazgo dado que<em> \u201cel liderazgo de JxC lo tiene la mesa de conducci\u00f3n de JxC. Participa Macri, participo yo, participa Diego (Santilli), los gobernadores, jefes de partidos, jefes de bloques del Congreso, es algo que funciona muy bien. Est\u00e1 garantizada la unidad de la oposici\u00f3n\u201d.<\/em><\/p>\n<p>&nbsp;<\/p>\n<p>Defendi\u00f3 su postura de confirmar este cambio en las elecciones dado que<em> \u201cla regla del juego se cambi\u00f3 a fines de 2018, que se vot\u00f3 la modificaci\u00f3n del C\u00f3digo Electoral y se\u00f1ala que en la Ciudad de Buenos Aires se vota con Boleta \u00danica. Lo que estamos haciendo es respetar esa decisi\u00f3n y yendo a la Boleta \u00danica. Que adem\u00e1s no tengo ninguna duda que es la mejor forma de votar\u201d.<\/em><\/p>\n<p>&nbsp;<\/p>\n<p><img data-recalc-dims=\"1\" loading=\"lazy\" decoding=\"async\" class=\"alignnone size-large wp-image-82403\" src=\"https:\/\/i0.wp.com\/cdnoticias.com\/wp-content\/uploads\/2023\/04\/larreta-olava6.jpg?resize=800%2C445&#038;ssl=1\" alt=\"\" width=\"800\" height=\"445\" srcset=\"https:\/\/i0.wp.com\/cdnoticias.com\/wp-content\/uploads\/2023\/04\/larreta-olava6-scaled.jpg?resize=1024%2C570&amp;ssl=1 1024w, https:\/\/i0.wp.com\/cdnoticias.com\/wp-content\/uploads\/2023\/04\/larreta-olava6-scaled.jpg?resize=300%2C167&amp;ssl=1 300w, https:\/\/i0.wp.com\/cdnoticias.com\/wp-content\/uploads\/2023\/04\/larreta-olava6-scaled.jpg?resize=768%2C427&amp;ssl=1 768w, https:\/\/i0.wp.com\/cdnoticias.com\/wp-content\/uploads\/2023\/04\/larreta-olava6-scaled.jpg?resize=1536%2C855&amp;ssl=1 1536w, https:\/\/i0.wp.com\/cdnoticias.com\/wp-content\/uploads\/2023\/04\/larreta-olava6-scaled.jpg?resize=2048%2C1140&amp;ssl=1 2048w, https:\/\/i0.wp.com\/cdnoticias.com\/wp-content\/uploads\/2023\/04\/larreta-olava6-scaled.jpg?resize=800%2C445&amp;ssl=1 800w, https:\/\/i0.wp.com\/cdnoticias.com\/wp-content\/uploads\/2023\/04\/larreta-olava6-scaled.jpg?w=1600&amp;ssl=1 1600w, https:\/\/i0.wp.com\/cdnoticias.com\/wp-content\/uploads\/2023\/04\/larreta-olava6-scaled.jpg?w=2400&amp;ssl=1 2400w\" sizes=\"auto, (max-width: 800px) 100vw, 800px\" \/><\/p>\n<p>&nbsp;<\/p>\n<p>Finalmente, y en una metodolog\u00eda que tiene injerencia en el destino del intendente Galli en su aspiraci\u00f3n a reelegir como jefe comunal, Larreta dijo que <strong><em>\u201cvamos a defender a nuestros intendentes del Pro. Todos ellos est\u00e1n haciendo muy buenas gestiones. No descarto o la mayor\u00eda de ellos tengan en sus distritos candidato \u00fanico\u201d.<\/em><\/strong><\/p>\n<p>&nbsp;<\/p>\n<blockquote><p>Y ratific\u00f3: \u201csi la manera de defender la gesti\u00f3n de los Municipios es con candidatos \u00fanicos, yo estoy de acuerdo con eso. Lo vamos a apoyar acompa\u00f1ando en la campa\u00f1a, trabajando juntos, pero el m\u00e9rito lo tienen ellos. Hay reconocimiento, en Ezequiel ni hablar: fuimos a tomar un caf\u00e9 a la esquina y la gente se acercaba, saludaba, agradec\u00eda. Muy cerca de la gente\u201d.<\/p><\/blockquote>\n<p>&nbsp;<\/p>\n<p>Justamente, por sostener el territorio y pensando una elecci\u00f3n \u201cde abajo hacia arriba\u201d Larreta cerr\u00f3 al se\u00f1alar que<strong><em> \u201cvamos a defender que haya candidatos \u00fanicos si esa es la manera de garantizar la continuidad de los intendentes del Pro\u201d.<\/em><\/strong><\/p>\n","protected":false},"excerpt":{"rendered":"<p>El precandidato a Presidente estuvo en Olavarr\u00eda y dej\u00f3 algunas definiciones tras una recorrida por dos barrios. Dijo que \u201csi<\/p>\n","protected":false},"author":2,"featured_media":82402,"comment_status":"closed","ping_status":"closed","sticky":false,"template":"","format":"standard","meta":{"_jetpack_memberships_contains_paid_content":false,"footnotes":""},"categories":[4,1],"tags":[],"class_list":["post-82404","post","type-post","status-publish","format-standard","has-post-thumbnail","hentry","category-politica","category-portada"],"jetpack_featured_media_url":"https:\/\/i0.wp.com\/cdnoticias.com\/wp-content\/uploads\/2023\/04\/larreta-olava5-scaled.jpg?fit=2560%2C1424&ssl=1","jetpack_sharing_enabled":true,"_links":{"self":[{"href":"https:\/\/cdnoticias.com\/index.php\/wp-json\/wp\/v2\/posts\/82404","targetHints":{"allow":["GET"]}}],"collection":[{"href":"https:\/\/cdnoticias.com\/index.php\/wp-json\/wp\/v2\/posts"}],"about":[{"href":"https:\/\/cdnoticias.com\/index.php\/wp-json\/wp\/v2\/types\/post"}],"author":[{"embeddable":true,"href":"https:\/\/cdnoticias.com\/index.php\/wp-json\/wp\/v2\/users\/2"}],"replies":[{"embeddable":true,"href":"https:\/\/cdnoticias.com\/index.php\/wp-json\/wp\/v2\/comments?post=82404"}],"version-history":[{"count":0,"href":"https:\/\/cdnoticias.com\/index.php\/wp-json\/wp\/v2\/posts\/82404\/revisions"}],"wp:featuredmedia":[{"embeddable":true,"href":"https:\/\/cdnoticias.com\/index.php\/wp-json\/wp\/v2\/media\/82402"}],"wp:attachment":[{"href":"https:\/\/cdnoticias.com\/index.php\/wp-json\/wp\/v2\/media?parent=82404"}],"wp:term":[{"taxonomy":"category","embeddable":true,"href":"https:\/\/cdnoticias.com\/index.php\/wp-json\/wp\/v2\/categories?post=82404"},{"taxonomy":"post_tag","embeddable":true,"href":"https:\/\/cdnoticias.com\/index.php\/wp-json\/wp\/v2\/tags?post=82404"}],"curies":[{"name":"wp","href":"https:\/\/api.w.org\/{rel}","templated":true}]}}